{"id":242021,"date":"2025-11-18T03:16:17","date_gmt":"2025-11-18T03:16:17","guid":{"rendered":"https:\/\/www.europesays.com\/es\/242021\/"},"modified":"2025-11-18T03:16:17","modified_gmt":"2025-11-18T03:16:17","slug":"espana-se-enmarca-como-el-pais-occidental-donde-mas-crece-el-cancer-de-pulmon-femenino","status":"publish","type":"post","link":"https:\/\/www.europesays.com\/es\/242021\/","title":{"rendered":"Espa\u00f1a se enmarca como el pa\u00eds occidental donde m\u00e1s crece el c\u00e1ncer de pulm\u00f3n femenino"},"content":{"rendered":"<p>Con motivo del D\u00eda Mundial del C\u00e1ncer de Pulm\u00f3n, el Grupo Espa\u00f1ol de C\u00e1ncer de Pulm\u00f3n (GECP), formado por m\u00e1s de 700 especialistas y 190 centros hospitalarios de toda Espa\u00f1a lanza la campa\u00f1a `Datograf\u00eda del c\u00e1ncer de pulm\u00f3n&#8217;, una iniciativa que busca poner rostro y datos al impacto social de &#8230;            &#13;\n        <\/p>\n<p> &#13;<br \/>\n&#13;<\/p>\n<p>Con motivo del <strong>D\u00eda Mundial del C\u00e1ncer de Pulm\u00f3n<\/strong>, el Grupo Espa\u00f1ol de C\u00e1ncer de Pulm\u00f3n (GECP), formado por m\u00e1s de 700 especialistas y 190 centros hospitalarios de toda Espa\u00f1a lanza la campa\u00f1a <strong>`Datograf\u00eda del c\u00e1ncer de pulm\u00f3n&#8217;<\/strong>, una iniciativa que busca poner rostro y datos al impacto social de esta enfermedad en Espa\u00f1a. El proyecto se apoya en el Registro de Tumores Tor\u00e1cicos (RTT) del GECP, que ya re\u00fane informaci\u00f3n cl\u00ednica y demogr\u00e1fica de m\u00e1s de 40.000 pacientes, convirti\u00e9ndose en la base de datos sobre la patolog\u00eda m\u00e1s extensa de Espa\u00f1a y una de las m\u00e1s grandes de Europa.<\/p>\n<p><strong>Incidencia creciente en mujeres<\/strong><\/p>\n<p>A la luz de los datos del Registro, los especialistas de pulm\u00f3n han querido poner el foco en el impacto de la neoplasia, que sigue creciendo en mortalidad, espoleada por una mayor incidencia entre el sexo femenino. As\u00ed, sigue siendo un tumor con rostro mayoritariamente masculino, pero con incidencia creciente en mujeres. <\/p>\n<p>De los 32.610 pacientes con c\u00e1ncer de pulm\u00f3n no microc\u00edtico (CPNM) registrados por el GECP, el 72,2 % son varones y el 27,8 % mujeres. \u00abAunque el perfil masculino sigue predominando, la incidencia femenina contin\u00faa en aumento, especialmente en mujeres j\u00f3venes no fumadoras con tumores de tipo adenocarcinoma o con mutaciones gen\u00f3micas tratables\u00bb, detalla el doctor Mariano Provencio, presidente del GECP. <\/p>\n<p> &#13;<\/p>\n<p>En este sentido, seg\u00fan datos del INE, el c\u00e1ncer de pulm\u00f3n es el tumor m\u00e1s mortal, con 23.239 fallecimientos en 2024, lo que supone un aumento del 1,9\u202f% respecto al a\u00f1o anterior. De estas muertes, 6.679 correspondieron a mujeres, lo que representa un incremento del 7\u202f% interanual en la mortalidad femenina asociada a esta patolog\u00eda. \u00abEspa\u00f1a es el pa\u00eds occidental donde m\u00e1s crece el c\u00e1ncer de pulm\u00f3n femenino. Debemos implementar estrategias dirigidas a frenar este avance\u00bb, asegura Provencio.<\/p>\n<p><strong>Edad media, tabaquismo y estadio al diagn\u00f3stico<\/strong><\/p>\n<p>Seg\u00fan datos del Registro, el grupo m\u00e1s numeroso de pacientes (34,3%) se diagnostica entre los 60 y 70 a\u00f1os, seguido por los de 70\u201380 a\u00f1os (28,2%). Llama la atenci\u00f3n que 1 de cada 20 diagn\u00f3sticos (5 %) ya se produce antes de los 50 a\u00f1os, lo que refuerza la necesidad de estrategias de prevenci\u00f3n temprana y detecci\u00f3n precoz. \u00abEstamos viendo un incremento de diagn\u00f3sticos de c\u00e1ncer de pulm\u00f3n en personas m\u00e1s j\u00f3venes, algo especialmente preocupante porque rompe con el patr\u00f3n cl\u00e1sico de una enfermedad asociada a edades avanzadas\u00bb, subraya Provencio.<\/p>\n<p>&#13;<\/p>\n<tr>&#13;<\/p>\n<td style=\"width: 50%;\"><img decoding=\"async\" src=\"https:\/\/www.europesays.com\/es\/wp-content\/uploads\/2025\/11\/immedicohospitalario_espana_enmarca_pais__53890_17110216.png\"\/><\/td>\n<p>&#13;<\/p>\n<td style=\"width: 50%;\"><img decoding=\"async\" src=\"https:\/\/www.europesays.com\/es\/wp-content\/uploads\/2025\/11\/immedicohospitalario_espana_enmarca_pais__53890_17110212.png\"\/><\/td>\n<\/tr>\n<p>Los especialistas tambi\u00e9n destacan que, pese a haber experimentado una leve mejor\u00eda en los \u00faltimos a\u00f1os, todav\u00eda m\u00e1s de la mitad de los pacientes con c\u00e1ncer de pulm\u00f3n en Espa\u00f1a son diagnosticados en fases avanzadas. Tal y como detalla Bartomeu Massuti, secretario del GEP, \u00abm\u00e1s de la mitad de los pacientes (56%) llegan al diagn\u00f3stico en estadio III o IV, cuando las opciones de curaci\u00f3n son m\u00e1s limitadas. Los estadios IVB y IVA son los m\u00e1s frecuentes, mientras que solo un 10% se detectan en fases tempranas. Estos datos ponen de relieve la necesidad de un plan nacional integral que sit\u00fae al c\u00e1ncer de pulm\u00f3n como una prioridad dentro de la estrategia sanitaria del pa\u00eds\u00bb.<\/p>\n<p>El tabaquismo sigue presente como causa directa de la enfermedad:  el 40,9 % de los pacientes registrados en el RTT eran fumadores activos al ser diagnosticados y el 46,4 % exfumadores, reflejo del impacto acumulado del tabaco. Sin embargo, m\u00e1s de un 11 % de los pacientes nunca han fumado, un grupo que crece de forma sostenida, sobre todo entre mujeres. \u00abEn estos casos, la evidencia apunta a posibles factores ambientales, como la contaminaci\u00f3n atmosf\u00e9rica y a alteraciones gen\u00e9ticas espec\u00edficas\u00bb, asegura Massuti.<\/p>\n<p>&#13;<\/p>\n<tr>&#13;<\/p>\n<td style=\"width: 50%;\"><img decoding=\"async\" src=\"https:\/\/www.europesays.com\/es\/wp-content\/uploads\/2025\/11\/immedicohospitalario_espana_enmarca_pais__53890_17110206.png\"\/><\/td>\n<p>&#13;<\/p>\n<td style=\"width: 50%;\"><\/td>\n<\/tr>\n<p><strong>Investigaci\u00f3n y acceso a la innovaci\u00f3n<\/strong><\/p>\n<p>El c\u00e1ncer de pulm\u00f3n es el tumor m\u00e1s letal en Espa\u00f1a: solo 3 de cada 10 pacientes sobreviven a cinco a\u00f1os. Pese a ello, la supervivencia ha mejorado un 12 % en la \u00faltima d\u00e9cada, en buena parte gracias a la investigaci\u00f3n. Las terapias dirigidas y la inmunoterapia han transformado el pron\u00f3stico de este tumor en etapas avanzadas y las nuevas estrategias de tratamiento preoperatorias han alcanzado cifras de respuesta y supervivencia muy elevadas en estadios iniciales.<\/p>\n<p>No obstante, a\u00fan queda un largo camino por recorrer para igualar en supervivencia a tumores de alta prevalencia como mama o colon. En este contexto, desde el GECP se destaca que s\u00f3lo el 4 % de la inversi\u00f3n p\u00fablica en c\u00e1ncer se destina al pulm\u00f3n, pese a ser el m\u00e1s mortal. \u00abInvertir en investigaci\u00f3n no es una opci\u00f3n, es una necesidad. Cada nuevo estudio cl\u00ednico abre una puerta a tratamientos m\u00e1s efectivos y a diagn\u00f3sticos m\u00e1s tempranos. La infrafinanciaci\u00f3n frena los avances en diagn\u00f3stico precoz y medicina personalizada en c\u00e1ncer de pulm\u00f3n\u00bb, apunta el secretario del GECP.  <\/p>\n<p>Otra asignatura pendiente, pese a los avances logrados en este \u00e1mbito, es el de acceso a la innovaci\u00f3n. Los datos de RTT del GECP reflejan que el acceso a pruebas gen\u00f3micas ha mejorado significativamente (m\u00e1s del 80 % de los pacientes acceden en Espa\u00f1a a pruebas gen\u00f3micas, clave para la medicina personalizada). Sin embargo, a\u00fan persisten desigualdades territoriales que deben abordarse mediante pol\u00edticas sanitarias coordinadas. \u00abCasi el 40 % de los pacientes con c\u00e1ncer de pulm\u00f3n avanzado presentan alteraciones tratables, lo que es clave para ofrecerles tratamientos personalizados que mejoran notablemente su supervivencia y calidad de vida. Por eso es tan importante el acceso de todos los pacientes a estos biomarcadores\u00bb, explica Massuti. <\/p>\n<p><strong>M\u00e1s all\u00e1 de las estad\u00edsticas<\/strong><\/p>\n<p>En este contexto el GECP, ha lanzado la iniciativa <strong>`Datograf\u00eda del c\u00e1ncer de pulm\u00f3n&#8217;<\/strong>, que combina datos cient\u00edficos con una narrativa visual y divulgativa para sensibilizar a la poblaci\u00f3n sobre el impacto del c\u00e1ncer de pulm\u00f3n y la importancia del diagn\u00f3stico precoz. La campa\u00f1a busca traducir las fr\u00edas estad\u00edsticas en realidades cotidianas para que la sociedad comprenda la magnitud del c\u00e1ncer de pulm\u00f3n en Espa\u00f1a. A trav\u00e9s de comparaciones visuales y ejemplos cercanos, el GECP pretende hacer visible el impacto de una enfermedad que a menudo se percibe solo en cifras. As\u00ed, esta `Datograf\u00eda&#8217; recuerda que cada a\u00f1o este tumor se cobra tantas vidas como las personas que llenar\u00edan un estadio de f\u00fatbol de primera divisi\u00f3n o que cada d\u00eda fallecen por su causa tantas personas como las que ocupar\u00edan 68 aviones comerciales. Una forma de poner rostro humano a los n\u00fameros y de <strong>subrayar la urgencia de actuar frente al tumor m\u00e1s mortal.<\/strong><\/p>\n","protected":false},"excerpt":{"rendered":"Con motivo del D\u00eda Mundial del C\u00e1ncer de Pulm\u00f3n, el Grupo Espa\u00f1ol de C\u00e1ncer de Pulm\u00f3n (GECP), formado&hellip;\n","protected":false},"author":2,"featured_media":242022,"comment_status":"","ping_status":"","sticky":false,"template":"","format":"standard","meta":{"footnotes":""},"categories":[92],"tags":[12543,12628,1066,10600,12008,7291,3169,62238,25,24,11695,1621,4649,62240,62239,165,2273,62241,433,62243,12829,4044,813,689,5040,698,2568,7292,62242,3256,166,23,56149,8768,20957,9849],"class_list":{"0":"post-242021","1":"post","2":"type-post","3":"status-publish","4":"format-standard","5":"has-post-thumbnail","7":"category-salud","8":"tag-adenocarcinoma","9":"tag-aumentando","10":"tag-cancer","11":"tag-continua","12":"tag-crece","13":"tag-diagnostico","14":"tag-donde","15":"tag-enmarca","16":"tag-es","17":"tag-espana","18":"tag-especialmente","19":"tag-expertos","20":"tag-femenino","21":"tag-fumadoras","22":"tag-gecp","23":"tag-health","24":"tag-incidencia","25":"tag-integralque","26":"tag-jovenes","27":"tag-mejore","28":"tag-mortal","29":"tag-mujeres","30":"tag-nacional","31":"tag-no","32":"tag-occidental","33":"tag-pais","34":"tag-plan","35":"tag-precoz","36":"tag-priorice","37":"tag-pulmon","38":"tag-salud","39":"tag-spain","40":"tag-subrayan","41":"tag-supervivencia","42":"tag-tumor","43":"tag-urgencia"},"share_on_mastodon":{"url":"https:\/\/pubeurope.com\/@es\/115568534524524479","error":""},"_links":{"self":[{"href":"https:\/\/www.europesays.com\/es\/wp-json\/wp\/v2\/posts\/242021","targetHints":{"allow":["GET"]}}],"collection":[{"href":"https:\/\/www.europesays.com\/es\/wp-json\/wp\/v2\/posts"}],"about":[{"href":"https:\/\/www.europesays.com\/es\/wp-json\/wp\/v2\/types\/post"}],"author":[{"embeddable":true,"href":"https:\/\/www.europesays.com\/es\/wp-json\/wp\/v2\/users\/2"}],"replies":[{"embeddable":true,"href":"https:\/\/www.europesays.com\/es\/wp-json\/wp\/v2\/comments?post=242021"}],"version-history":[{"count":0,"href":"https:\/\/www.europesays.com\/es\/wp-json\/wp\/v2\/posts\/242021\/revisions"}],"wp:featuredmedia":[{"embeddable":true,"href":"https:\/\/www.europesays.com\/es\/wp-json\/wp\/v2\/media\/242022"}],"wp:attachment":[{"href":"https:\/\/www.europesays.com\/es\/wp-json\/wp\/v2\/media?parent=242021"}],"wp:term":[{"taxonomy":"category","embeddable":true,"href":"https:\/\/www.europesays.com\/es\/wp-json\/wp\/v2\/categories?post=242021"},{"taxonomy":"post_tag","embeddable":true,"href":"https:\/\/www.europesays.com\/es\/wp-json\/wp\/v2\/tags?post=242021"}],"curies":[{"name":"wp","href":"https:\/\/api.w.org\/{rel}","templated":true}]}}