{"id":242025,"date":"2025-11-18T03:18:09","date_gmt":"2025-11-18T03:18:09","guid":{"rendered":"https:\/\/www.europesays.com\/es\/242025\/"},"modified":"2025-11-18T03:18:09","modified_gmt":"2025-11-18T03:18:09","slug":"la-nasa-invita-a-los-medios-al-despegue-de-la-mision-lunar-artemis-ii","status":"publish","type":"post","link":"https:\/\/www.europesays.com\/es\/242025\/","title":{"rendered":"La NASA invita a los medios al despegue de la misi\u00f3n lunar Artemis II"},"content":{"rendered":"<p>Read this press release in English\u00a0<a href=\"https:\/\/www.nasa.gov\/news-release\/nasa-invites-media-to-attend-crewed-artemis-ii-moon-mission-launch\/\" data-type=\"link\" data-id=\"https:\/\/www.nasa.gov\/news-release\/nasa-invites-media-to-attend-crewed-artemis-ii-moon-mission-launch\/\" rel=\"nofollow noopener\" target=\"_blank\">here<\/a>.<\/p>\n<p>Ya est\u00e1 abierto el plazo de acreditaci\u00f3n de medios de comunicaci\u00f3n para el lanzamiento de la primera misi\u00f3n lunar tripulada de la campa\u00f1a Artemis de la NASA.<\/p>\n<p>Con un lanzamiento previsto para principios de 2026, el vuelo de prueba Artemis II enviar\u00e1 a los astronautas de la NASA Reid Wiseman, Victor Glover y Christina Koch y al astronauta de la CSA (Agencia Espacial Canadiense) Jeremy Hansen en un viaje de aproximadamente 10 d\u00edas alrededor de la Luna y de regreso.<\/p>\n<p>La tripulaci\u00f3n despegar\u00e1 desde el Centro Espacial Kennedy de la agencia en Florida, a bordo de la nave espacial Orion de la NASA, transportada por el poderoso cohete Sistema de Lanzamiento Espacial (SLS, por sus siglas en ingl\u00e9s) de la agencia, con el fin de ayudar a validar los sistemas y el hardware necesarios para la exploraci\u00f3n humana del espacio profundo.<\/p>\n<p>Los miembros de los medios que no dispongan de ciudadan\u00eda estadounidense deben solicitar el acceso para ver el lanzamiento antes del domingo 30 de noviembre. Los miembros de medios con ciudadan\u00eda estadounidense deben solicitarlo antes del lunes 8 de diciembre. Los periodistas que ya dispongan de acreditaciones anuales para el centro Kennedy de la NASA tambi\u00e9n deben solicitar acceso para este lanzamiento. Aquellos que est\u00e9n acreditados para asistir al despegue de Artemis II recibir\u00e1n tambi\u00e9n acreditaci\u00f3n para asistir a eventos previos al lanzamiento, incluyendo la presentaci\u00f3n del cohete y la nave espacial integrados, un evento que se dar\u00e1 varias semanas antes del despegue. M\u00e1s adelante proporcionaremos detalles adicionales sobre las fechas del lanzamiento.<\/p>\n<p>Los medios de comunicaci\u00f3n pueden enviar sus solicitudes de acreditaci\u00f3n en l\u00ednea, en:<\/p>\n<p class=\"has-text-align-center\"><a href=\"https:\/\/media.ksc.nasa.gov\" rel=\"noopener nofollow\" target=\"_blank\">https:\/\/media.ksc.nasa.gov<\/a><\/p>\n<p>Debido al gran inter\u00e9s suscitado, la disponibilidad de plazas para asistir a las actividades del lanzamiento es limitada. Los medios acreditados recibir\u00e1n un correo electr\u00f3nico de confirmaci\u00f3n tras la aprobaci\u00f3n, junto con informaci\u00f3n adicional sobre las actividades previas al lanzamiento y actividades del lanzamiento. La pol\u00edtica de acreditaci\u00f3n de medios de la NASA est\u00e1 disponible <a href=\"https:\/\/www.nasa.gov\/general\/nasa-agencywide-media-accreditation-policy\/\" rel=\"nofollow noopener\" target=\"_blank\">en l\u00ednea<\/a> (en ingl\u00e9s). Si tiene alguna pregunta sobre la acreditaci\u00f3n, env\u00ede un correo electr\u00f3nico en ingl\u00e9s a: <a href=\"https:\/\/www.nasa.gov\/news-release\/la-nasa-invita-a-los-medios-al-despegue-de-la-mision-lunar-artemis-ii\/mailto:ksc-media-accreditat@mail.nasa.gov\" rel=\"nofollow noopener\" target=\"_blank\">ksc-media-accreditat@mail.nasa.gov<\/a>. Para otras preguntas, p\u00f3ngase en contacto con la sala de prensa del centro Kennedy \u00a0de la NASA a trav\u00e9s del n\u00famero: +1 321-867-2468.<\/p>\n<p>Como parte de una edad dorada de innovaci\u00f3n y exploraci\u00f3n, Artemis allanar\u00e1 el camino para nuevas misiones tripuladas estadounidenses en la superficie lunar, en preparaci\u00f3n para la primera misi\u00f3n tripulada a Marte.<\/p>\n<p>Para obtener m\u00e1s informaci\u00f3n (en ingl\u00e9s) sobre la misi\u00f3n Artemis II, visite:<\/p>\n<p class=\"has-text-align-center\"><a href=\"https:\/\/www.nasa.gov\/mission\/artemis-ii\" rel=\"nofollow noopener\" target=\"_blank\"><strong>https:\/\/www.nasa.gov\/mission\/artemis-ii<\/strong><\/a><\/p>\n<p class=\"has-text-align-center\">-fin-<\/p>\n<p>Rachel Kraft \/ Mar\u00eda Jos\u00e9 Vi\u00f1as<br \/>Sede central, Washington<br \/>202-358-1100<br \/><a href=\"https:\/\/www.nasa.gov\/news-release\/la-nasa-invita-a-los-medios-al-despegue-de-la-mision-lunar-artemis-ii\/mailto:rachel.h.kraft@nasa.gov\" rel=\"nofollow noopener\" target=\"_blank\">rachel.h.kraft@nasa.gov<\/a> \/ <a href=\"https:\/\/www.nasa.gov\/news-release\/la-nasa-invita-a-los-medios-al-despegue-de-la-mision-lunar-artemis-ii\/mailto:maria-jose.vinasgarcia@nasa.gov\" rel=\"nofollow noopener\" target=\"_blank\">maria-jose.vinasgarcia@nasa.gov<\/a><\/p>\n<p>Tiffany Fairley<br \/>Centro Espacial Kennedy, Florida<br \/>321-867-2468<br \/><a href=\"https:\/\/www.nasa.gov\/news-release\/la-nasa-invita-a-los-medios-al-despegue-de-la-mision-lunar-artemis-ii\/mailto:tiffany.l.fairley@nasa.gov\" rel=\"nofollow noopener\" target=\"_blank\">tiffany.l.fairley@nasa.gov<\/a><\/p>\n","protected":false},"excerpt":{"rendered":"Read this press release in English\u00a0here. Ya est\u00e1 abierto el plazo de acreditaci\u00f3n de medios de comunicaci\u00f3n para&hellip;\n","protected":false},"author":2,"featured_media":242026,"comment_status":"","ping_status":"","sticky":false,"template":"","format":"standard","meta":{"footnotes":""},"categories":[81],"tags":[44427,62244,119,123,124,25,24,62245,62246,42347,117,121,122,23,118,120],"class_list":{"0":"post-242025","1":"post","2":"type-post","3":"status-publish","4":"format-standard","5":"has-post-thumbnail","7":"category-ciencia-y-tecnologia","8":"tag-artemis","9":"tag-artemis-2","10":"tag-ciencia","11":"tag-ciencia-y-tecnologia","12":"tag-cienciaytecnologia","13":"tag-es","14":"tag-espana","15":"tag-exploration-systems-development-mission-directorate","16":"tag-kennedy-space-center","17":"tag-nasa-en-espanol","18":"tag-science","19":"tag-science-and-technology","20":"tag-scienceandtechnology","21":"tag-spain","22":"tag-technology","23":"tag-tecnologia"},"share_on_mastodon":{"url":"https:\/\/pubeurope.com\/@es\/115568541939469689","error":""},"_links":{"self":[{"href":"https:\/\/www.europesays.com\/es\/wp-json\/wp\/v2\/posts\/242025","targetHints":{"allow":["GET"]}}],"collection":[{"href":"https:\/\/www.europesays.com\/es\/wp-json\/wp\/v2\/posts"}],"about":[{"href":"https:\/\/www.europesays.com\/es\/wp-json\/wp\/v2\/types\/post"}],"author":[{"embeddable":true,"href":"https:\/\/www.europesays.com\/es\/wp-json\/wp\/v2\/users\/2"}],"replies":[{"embeddable":true,"href":"https:\/\/www.europesays.com\/es\/wp-json\/wp\/v2\/comments?post=242025"}],"version-history":[{"count":0,"href":"https:\/\/www.europesays.com\/es\/wp-json\/wp\/v2\/posts\/242025\/revisions"}],"wp:featuredmedia":[{"embeddable":true,"href":"https:\/\/www.europesays.com\/es\/wp-json\/wp\/v2\/media\/242026"}],"wp:attachment":[{"href":"https:\/\/www.europesays.com\/es\/wp-json\/wp\/v2\/media?parent=242025"}],"wp:term":[{"taxonomy":"category","embeddable":true,"href":"https:\/\/www.europesays.com\/es\/wp-json\/wp\/v2\/categories?post=242025"},{"taxonomy":"post_tag","embeddable":true,"href":"https:\/\/www.europesays.com\/es\/wp-json\/wp\/v2\/tags?post=242025"}],"curies":[{"name":"wp","href":"https:\/\/api.w.org\/{rel}","templated":true}]}}