{"id":242032,"date":"2025-11-18T03:22:32","date_gmt":"2025-11-18T03:22:32","guid":{"rendered":"https:\/\/www.europesays.com\/es\/242032\/"},"modified":"2025-11-18T03:22:32","modified_gmt":"2025-11-18T03:22:32","slug":"el-autor-del-cartel-de-la-cabalgata-de-sevilla-denuncia-ciberacoso-agresivo-por-incluir-una-camiseta-del-betis","status":"publish","type":"post","link":"https:\/\/www.europesays.com\/es\/242032\/","title":{"rendered":"El autor del cartel de la Cabalgata de Sevilla denuncia \u00abciberacoso agresivo\u00bb por incluir una camiseta del Betis"},"content":{"rendered":"<p class=\"article-text\">\n        El cartel de la Cabalgata de Reyes Magos de Sevilla 2025, presentado en la tarde del pasado viernes por el Ateneo de Sevilla en la Fundaci\u00f3n Caja Rural del Sur, ha creado tal revuelo en redes sociales que su autor, Fernando Vaquero, ha denunciado estar sufriendo \u201cciberacoso agresivo, desproporcionado y malintencionado\u201d por haber incluido una camiseta del Real Betis Balompi\u00e9.\n    <\/p>\n<p class=\"article-text\">\n        As\u00ed lo ha hecho saber en su perfil de X despu\u00e9s de que la presencia de una camiseta verdiblanca generara numerosas respuestas por parte de aficionados sevillistas y b\u00e9ticos en el mensaje publicado por parte del <a href=\"https:\/\/www.ateneodesevilla.es\" target=\"_blank\" data-mrf-recirculation=\"links-noticia\" class=\"link\" rel=\"nofollow noopener\">Ateneo de Sevilla<\/a>, en el que muchos seguidores blanquirrojos recriminaron la inclusi\u00f3n de la camiseta e incluso han compartido versiones alternativas del cartel.\n    <\/p>\n<p>    <a href=\"https:\/\/www.eldiario.es\/andalucia\/lacajanegra\/cristos-virgenes-carteles-polemica-tradicion_1_6486710.html\" data-mrf-recirculation=\"saber-mas-abajo\" data-dl-event=\"saber-mas-abajo\" rel=\"nofollow noopener\" target=\"_blank\"><\/p>\n<p class=\"know-more__title\">Cristos, v\u00edrgenes y carteles: cuando la pol\u00e9mica es la tradici\u00f3n\n<\/p>\n<p>            <img decoding=\"async\" class=\"lazy\" loading=\"lazy\" data-src=\"https:\/\/static.eldiario.es\/clip\/cb5405eb-3e0f-4bbe-9468-2bdf45f0061c_16-9-aspect-ratio_default_0.jpg\" src=\"data:image\/svg+xml,%3Csvg xmlns=\" http:=\"\" viewbox=\"0 0 880 495\" alt=\"Cristos, v\u00edrgenes y carteles: cuando la pol\u00e9mica es la tradici\u00f3n\"\/><\/p>\n<p>                        <\/a><\/p>\n<blockquote class=\"twitter-tweet\" data-lang=\"es\"><p><a href=\"https:\/\/twitter.com\/X\/status\/1990360196720517584?ref_src=twsrc%5Etfw\" rel=\"nofollow noopener\" target=\"_blank\"><\/p><\/blockquote>\n<p class=\"article-text\">\n        La t\u00e9cnica de &#8216;La ilusi\u00f3n&#8217; \u2013la obra escogida por la citada entidad para representar el cartel de esta fiesta\u2013 es \u00f3leo sobre lienzo y el autor, el pintor Fernando Vaquero, se la he dedicado a su hija, inform\u00f3 el Ateneo. A trav\u00e9s de un comunicado publicado por esta instituci\u00f3n, el propio Vaquero ha indicado las motivaciones que le han llevado a realizar esta obra, como los \u201csue\u00f1os hechos realidad\u201d de su hija, y ha especificado \u201cuna camiseta de f\u00fatbol, una t\u00fanica, el mu\u00f1eco que tanto deseabas&#8230; todo est\u00e1 ah\u00ed esper\u00e1ndote\u201d, sin hacer menci\u00f3n espec\u00edfica al finalista de la \u00faltima edici\u00f3n de la UEFA Conference League.\n    <\/p>\n<p>            <img decoding=\"async\" class=\"lazy\" loading=\"lazy\" data-src=\"https:\/\/static.eldiario.es\/clip\/659525ef-6230-4a1d-8131-4eccc4b1049f_source-aspect-ratio_default_0.jpg\" src=\"data:image\/svg+xml,%3Csvg xmlns=\" http:=\"\" viewbox=\"0 0 877 1200\" alt=\"\"\/><\/p>\n<p class=\"article-text\">\n        A trav\u00e9s de\u00a0<strong>nuestra cuenta de Instagram<\/strong>, trasladamos lo que ocurre en Andaluc\u00eda m\u00e1s all\u00e1 de las palabras: te informamos de las \u00faltimas noticias de manera visual y te ofrecemos contenido extra para que conozcas la realidad al detalle.\n    <\/p>\n<p class=\"article-text\">\n        S\u00famate a nuestra comunidad en\u00a0<a href=\"https:\/\/www.instagram.com\/eldiarioesandalucia\/\" target=\"_blank\" data-mrf-recirculation=\"links-noticia\" class=\"link\" rel=\"nofollow noopener\">este enlace<\/a>.\n    <\/p>\n<p>                                <script async src=\"https:\/\/platform.twitter.com\/widgets.js\" charset=\"utf-8\"><\/script><script async src=\"\/\/www.instagram.com\/embed.js\"><\/script><\/p>\n","protected":false},"excerpt":{"rendered":"El cartel de la Cabalgata de Reyes Magos de Sevilla 2025, presentado en la tarde del pasado viernes&hellip;\n","protected":false},"author":2,"featured_media":242033,"comment_status":"","ping_status":"","sticky":false,"template":"","format":"standard","meta":{"footnotes":""},"categories":[5],"tags":[26698,1697,291,17,18,46974,4392,4398,8285,6775,25,24,13,14,11,39570,19,20,9,10,15,16,1171,23,12,21,22],"class_list":{"0":"post-242032","1":"post","2":"type-post","3":"status-publish","4":"format-standard","5":"has-post-thumbnail","7":"category-titulares","8":"tag-agresivo","9":"tag-autor","10":"tag-betis","11":"tag-breaking-news","12":"tag-breakingnews","13":"tag-cabalgata","14":"tag-camiseta","15":"tag-cartel","16":"tag-ciberacoso","17":"tag-denuncia","18":"tag-es","19":"tag-espana","20":"tag-featured-news","21":"tag-featurednews","22":"tag-headlines","23":"tag-incluir","24":"tag-latest-news","25":"tag-latestnews","26":"tag-news","27":"tag-noticias","28":"tag-noticias-destacadas","29":"tag-noticiasdestacadas","30":"tag-sevilla","31":"tag-spain","32":"tag-titulares","33":"tag-ultimas-noticias","34":"tag-ultimasnoticias"},"share_on_mastodon":{"url":"https:\/\/pubeurope.com\/@es\/115568557607206558","error":""},"_links":{"self":[{"href":"https:\/\/www.europesays.com\/es\/wp-json\/wp\/v2\/posts\/242032","targetHints":{"allow":["GET"]}}],"collection":[{"href":"https:\/\/www.europesays.com\/es\/wp-json\/wp\/v2\/posts"}],"about":[{"href":"https:\/\/www.europesays.com\/es\/wp-json\/wp\/v2\/types\/post"}],"author":[{"embeddable":true,"href":"https:\/\/www.europesays.com\/es\/wp-json\/wp\/v2\/users\/2"}],"replies":[{"embeddable":true,"href":"https:\/\/www.europesays.com\/es\/wp-json\/wp\/v2\/comments?post=242032"}],"version-history":[{"count":0,"href":"https:\/\/www.europesays.com\/es\/wp-json\/wp\/v2\/posts\/242032\/revisions"}],"wp:featuredmedia":[{"embeddable":true,"href":"https:\/\/www.europesays.com\/es\/wp-json\/wp\/v2\/media\/242033"}],"wp:attachment":[{"href":"https:\/\/www.europesays.com\/es\/wp-json\/wp\/v2\/media?parent=242032"}],"wp:term":[{"taxonomy":"category","embeddable":true,"href":"https:\/\/www.europesays.com\/es\/wp-json\/wp\/v2\/categories?post=242032"},{"taxonomy":"post_tag","embeddable":true,"href":"https:\/\/www.europesays.com\/es\/wp-json\/wp\/v2\/tags?post=242032"}],"curies":[{"name":"wp","href":"https:\/\/api.w.org\/{rel}","templated":true}]}}