{"id":242038,"date":"2025-11-18T03:31:13","date_gmt":"2025-11-18T03:31:13","guid":{"rendered":"https:\/\/www.europesays.com\/es\/242038\/"},"modified":"2025-11-18T03:31:13","modified_gmt":"2025-11-18T03:31:13","slug":"por-que-valeri-karpin-ha-dimitido-como-entrenador-del-dinamo-de-moscu","status":"publish","type":"post","link":"https:\/\/www.europesays.com\/es\/242038\/","title":{"rendered":"Por qu\u00e9 Valeri Karpin ha dimitido como entrenador del Dinamo de Mosc\u00fa"},"content":{"rendered":"\n<p>M\u00e1s noticias<\/p>\n<p><a class=\"info_masnoticias\" href=\"https:\/\/www.eldesmarque.com\/futbol\/internacional\/\" rel=\"nofollow noopener\" target=\"_blank\"><br \/>\nM\u00e1s de<br \/>\nM\u00e1s noticias de<br \/>\nF\u00fatbol Internacional<br \/>\n<\/a><\/p>\n<p>Nuevo cambio radical en la<strong> vida de Valeri Karpin<\/strong>, exjugador del Celta de Vigo, Valencia CF y Real Sociedad entre otros clubes. El ahora entrenador ruso ha decidido darle un nuevo giro a su carrera y este lunes ha presentado su renuncia como preparador del <strong>Dinamo de Mosc\u00fa<\/strong>, que ocupa actualmente el d\u00e9cimo puesto en la liga rusa con 17 puntos.<\/p>\n<p>Valeri Karpin, que tambi\u00e9n <a href=\"https:\/\/www.eldesmarque.com\/futbol\/celta-de-vigo\/20210723\/valeri-karpin-sera-el-nuevo-seleccionador-de-rusia_190162822.html\" rel=\"nofollow noopener\" target=\"_blank\">dirige a la selecci\u00f3n rusa desde 2021<\/a>, cogi\u00f3 tambi\u00e9n las riendas del Dinamo <strong>en verano de 2025<\/strong> y unos meses despu\u00e9s ha tomado la decisi\u00f3n de dejar de compaginar los dos cargos. El anuncio lo ha hecho la Uni\u00f3n de F\u00fatbol de Rusia.<\/p>\n<p>\u00abQuiero <strong>expresar mi gratitud<\/strong> a la directiva, a los jugadores, a todo el personal del club y, por supuesto, a la afici\u00f3n del Dinamo\u00bb, ha dicho el exjugador ruso en un mensaje en el que tambi\u00e9n ha mandado \u00e1nimos a su ya exequipo: \u00abTienen todo lo necesario para seguir adelante y <strong>lograr grandes resultados<\/strong>\u00ab.<\/p>\n<p>\u00bfPor qu\u00e9 ha tomado Karpin esta decisi\u00f3n?<\/p>\n<p>Karpin, a la vez, ha asegurado que actualmente su prioridad absoluta es la selecci\u00f3n rusa. Se quiere centrar en su <a href=\"https:\/\/www.eldesmarque.com\/futbol\/internacional\/20241120\/fifa-uefa-mantienen-sancion-rusia-mundial-2026-criticas-presencia-israel_300507494.html\" rel=\"nofollow noopener\" target=\"_blank\">retorno a las competiciones internacionales<\/a>, de donde est\u00e1 excluida desde febrero de 2022, fecha de la <strong>invasi\u00f3n de Rusia a Ucrania.<\/strong><\/p>\n<p><img decoding=\"async\" src=\"https:\/\/www.europesays.com\/es\/wp-content\/uploads\/2025\/11\/karpin_foto_efe_001.png\" width=\"660\" height=\"458.33\" alt=\"Karpin (Foto: EFE)\"\/><br \/>\nKarpin (Foto: EFE)<\/p>\n<p>A pesar que hace un par de a\u00f1os que la selecci\u00f3n rusa sabe que tampoco en el <strong>Mundial 2026 de Estados Unidos, M\u00e9xico y Canad\u00e1<\/strong>, Karpin y los suyos no se rinden y siguen disputando todo tipo de partidos amistosos en cada par\u00f3n contra selecciones de pa\u00edses no alineados al bloque occidental como\u00a0Uzbekist\u00e1n, Ir\u00e1n, Camer\u00fan, Cuba, Serbia, Bielorrusia o Vietnam.<\/p>\n<p>El \u00faltimo ejemplo de ello fue el duelo que el pasado s\u00e1bado Rusia disput\u00f3 contra Chila, ante la que perdi\u00f3 0-2, rompiendo as\u00ed su<strong> racha de 23 partidos de imbatibilidad.<\/strong><\/p>\n","protected":false},"excerpt":{"rendered":"M\u00e1s noticias M\u00e1s de M\u00e1s noticias de F\u00fatbol Internacional Nuevo cambio radical en la vida de Valeri Karpin,&hellip;\n","protected":false},"author":2,"featured_media":242039,"comment_status":"","ping_status":"","sticky":false,"template":"","format":"standard","meta":{"footnotes":""},"categories":[268],"tags":[168,25,24,280,282,281,23,167],"class_list":{"0":"post-242038","1":"post","2":"type-post","3":"status-publish","4":"format-standard","5":"has-post-thumbnail","7":"category-futbol","8":"tag-deportes","9":"tag-es","10":"tag-espana","11":"tag-football","12":"tag-futbol","13":"tag-soccer","14":"tag-spain","15":"tag-sports"},"share_on_mastodon":{"url":"https:\/\/pubeurope.com\/@es\/115568593418061728","error":""},"_links":{"self":[{"href":"https:\/\/www.europesays.com\/es\/wp-json\/wp\/v2\/posts\/242038","targetHints":{"allow":["GET"]}}],"collection":[{"href":"https:\/\/www.europesays.com\/es\/wp-json\/wp\/v2\/posts"}],"about":[{"href":"https:\/\/www.europesays.com\/es\/wp-json\/wp\/v2\/types\/post"}],"author":[{"embeddable":true,"href":"https:\/\/www.europesays.com\/es\/wp-json\/wp\/v2\/users\/2"}],"replies":[{"embeddable":true,"href":"https:\/\/www.europesays.com\/es\/wp-json\/wp\/v2\/comments?post=242038"}],"version-history":[{"count":0,"href":"https:\/\/www.europesays.com\/es\/wp-json\/wp\/v2\/posts\/242038\/revisions"}],"wp:featuredmedia":[{"embeddable":true,"href":"https:\/\/www.europesays.com\/es\/wp-json\/wp\/v2\/media\/242039"}],"wp:attachment":[{"href":"https:\/\/www.europesays.com\/es\/wp-json\/wp\/v2\/media?parent=242038"}],"wp:term":[{"taxonomy":"category","embeddable":true,"href":"https:\/\/www.europesays.com\/es\/wp-json\/wp\/v2\/categories?post=242038"},{"taxonomy":"post_tag","embeddable":true,"href":"https:\/\/www.europesays.com\/es\/wp-json\/wp\/v2\/tags?post=242038"}],"curies":[{"name":"wp","href":"https:\/\/api.w.org\/{rel}","templated":true}]}}