{"id":242042,"date":"2025-11-18T03:33:38","date_gmt":"2025-11-18T03:33:38","guid":{"rendered":"https:\/\/www.europesays.com\/es\/242042\/"},"modified":"2025-11-18T03:33:38","modified_gmt":"2025-11-18T03:33:38","slug":"una-arquitecta-e-interiorista-tira-todas-las-paredes-de-su-casa-y-construye-el-piso-de-sus-suenos-junto-a-su-familia","status":"publish","type":"post","link":"https:\/\/www.europesays.com\/es\/242042\/","title":{"rendered":"Una arquitecta e interiorista tira todas las paredes de su casa y construye el piso de sus sue\u00f1os junto a su familia"},"content":{"rendered":"<p>Hacer proyectos de casas puede ser tu pan de cada d\u00eda, cuando te dedicas profesionalmente a ello, y ser un trabajo apasionante donde <strong>disfrutas de cada decisi\u00f3n<\/strong>, acompa\u00f1ando a tus clientes a <strong>personalizar su hogar<\/strong>. Pero, \u00a1ay!, cuando resulta que un d\u00eda pasas a ser t\u00fa, tu propio cliente. \u00abEntonces, las decisiones son distintas\u00bb, afirma <strong>Rebeca Campo<\/strong>, arquitecta e interiorista, y cofundadora del <a href=\"https:\/\/www.revistainteriores.es\/ideas-casa\/rebeca-campo-sandra-rodriguez-interioristas-hay-que-prescindir-mesa-salon-si-sofa-es-muy-grande_11240\" rel=\"nofollow noopener\" target=\"_blank\"><strong>estudio R de Room<\/strong><\/a>, a la hora de hablar del proyecto de su casa.<\/p>\n<p>Vivir en primera persona el proceso fue tambi\u00e9n una forma de ponerse en el lugar de sus clientes. As\u00ed, el equipo comprendi\u00f3, de otro modo, sus<strong> dudas y temores<\/strong>, y confirm\u00f3 lo esencial que resulta <strong>sentirse acompa\u00f1ado<\/strong> y en confianza con quienes transforman tu casa en un hogar.\u00a0Junto con la otra mitad de R de Room, <strong>Sandra Rodr\u00edguez<\/strong>, y su marido -tambi\u00e9n arquitecto-, se marcaron como prioridad conseguir \u00abuna casa funcional, para vivirla, con la est\u00e9tica muy presente, pero sin perder de vista que <strong>la casa ten\u00eda que ser c\u00f3moda<\/strong>\u00ab.<\/p>\n<p>&#13;<img loading=\"lazy\" decoding=\"async\"   src=\"https:\/\/www.europesays.com\/es\/wp-content\/uploads\/2025\/11\/zona-de-dia-abierta-con-salon-comedor-y-cocina_ee155af6_251112132342_1280x866.webp.webp\" alt=\"zona de dia abierta con salon, comedor y cocina\" class=\"lazyload\" width=\"1280\" height=\"866\" data-aspectratio=\"1280\/866\"\/><\/p>\n<p>&#13;&#13;Foto: Lupe Clemente &#8211; Proyecto: R de Room &#8211; Estilismo: Pilar Perea&#13;<\/p>\n<p> Con estilo propio<\/p>\n<p>Y entre las decisiones m\u00e1s dif\u00edciles, reconoce, estuvieron las del estilo. \u00abDise\u00f1ar mi propia casa ha sido, sobre todo, un <strong>ejercicio de autocontrol<\/strong>: trabajar desde mis gustos m\u00e1s personales, intentando mantenerme al margen de las tendencias con las que s\u00ed suelo trabajar para mis clientes\u00bb, confiesa Campo.\u00a0Ella misma se define como <strong>amante del minimalismo<\/strong> y del <a href=\"https:\/\/www.revistainteriores.es\/ideas-casa\/que-paredes-blancas-no-te-aburran-papeles-pintados-espiritu-mid-century-para-actualizar-tu-casa-elegancia_10770\" rel=\"nofollow noopener\" target=\"_blank\">dise\u00f1o mid-century<\/a>\u00a0y escandinavo, pero sin renunciar a la <strong>calidez mediterr\u00e1nea<\/strong>.\u00a0<\/p>\n<p>&#13;<img loading=\"lazy\" decoding=\"async\"   src=\"https:\/\/www.europesays.com\/es\/wp-content\/uploads\/2025\/11\/salon-con-tonos-neutros_bba051f5_251112132359_1100x1654.webp.webp\" alt=\"Obra de arte de Iratxe Arteta.\" class=\"lazyload\" width=\"1100\" height=\"1654\" data-aspectratio=\"1100\/1654\"\/><\/p>\n<p>Obra de arte de Iratxe Arteta.<\/p>\n<p>&#13;Foto: Lupe Clemente &#8211; Proyecto: R de Room &#8211; Estilismo: Pilar Perea<\/p>\n<p>En este proyecto tan personal, al habitual cuidado por el detalle que siempre marca el trabajo del estudio, se sum\u00f3 una <strong>est\u00e9tica minimalista y c\u00e1lida<\/strong>, apoyada en materiales nobles, como el <strong>suelo de madera <\/strong>y la <a href=\"https:\/\/www.revistainteriores.es\/ideas-casa\/como-elegir-encimera-cocina-materiales-tendencias-precios_9048\" rel=\"nofollow noopener\" target=\"_blank\">encimera<\/a> de piedra natural en la cocina \u00abque se convierten en los grandes protagonistas de ese <strong>lujo silencioso<\/strong> que impregna toda la vivienda\u00bb, comenta la arquitecta e interiorista.\u00a0\u00a0<\/p>\n<p><a href=\"https:\/\/www.revistainteriores.es\/ideas-casa\/patricio-ballesty-interiorista-modas-tendencias_12437\" data-ga4_event=\"custom_event\" data-ga4_event_name=\"click_intext\" data-ga4_link_url=\"https:\/\/www.revistainteriores.es\/ideas-casa\/patricio-ballesty-interiorista-modas-tendencias_12437\" data-ga4_link_text=\"patricio_ballesty_interiorista_desvela_que_tendencias_hay_que_evitar_en_casa\" data-ga4_content_type=\"photo\" data-ga4_element=\"related\" rel=\"nofollow noopener\" target=\"_blank\">&#13;&#13;<img loading=\"lazy\" decoding=\"async\" src=\"https:\/\/www.europesays.com\/es\/wp-content\/uploads\/2025\/11\/piso-patricio-ballesty_431eeddc_251113135829_600x600.webp.webp\" alt=\"Piso Patricio Ballesty\" class=\"lazyload\" width=\"600\" height=\"600\" data-aspectratio=\"600\/600\"\/>&#13;&#13;<\/p>\n<p class=\"epigraph\">                    &#13;Noticia relacionada<\/p>\n<p class=\"title\">Patricio Ballesty, interiorista, desvela qu\u00e9 tendencias hay que evitar en casa<\/p>\n<p><\/a>&#13;<img loading=\"lazy\" decoding=\"async\"   src=\"https:\/\/www.europesays.com\/es\/wp-content\/uploads\/2025\/11\/estudio-con-sofa-cama_a27b48db_251112133421_1280x848.webp.webp\" alt=\"Cuadros, sobre el escritorio, de Maru Qui\u00f1onero, y en la pared, de Iratxe Arteta.\" class=\"lazyload\" width=\"1280\" height=\"848\" data-aspectratio=\"1280\/848\"\/><\/p>\n<p>Cuadros, sobre el escritorio, de Maru Qui\u00f1onero, y en la pared, de Iratxe Arteta.<\/p>\n<p>&#13;Foto: Lupe Clemente &#8211; Proyecto: R de Room &#8211; Estilismo: Pilar Perea<br \/>\n A la cuarta casa fue la vencida<\/p>\n<p>Por conocer un poco la historia del proyecto, podemos decir que el matrimonio estuvo buscando casa <strong>durante a\u00f1o y medio<\/strong>, llegando a visitar cuatro. En el mismo edificio donde acabaron adquiriendo la definitiva, ya vieron una de ellas, pero en una planta inferior y al salir comentaron que ser\u00eda perfecta si estuviera unas plantas m\u00e1s arriba. \u00abY <strong>cinco meses despu\u00e9s,<\/strong> la magia ocurri\u00f3\u00bb, cuenta Rebeca. A\u00f1adiendo la an\u00e9cdota que cerraron la oferta desde el hospital, justo cuando iba a tener a su segunda hija.<\/p>\n<p>&#13;<img loading=\"lazy\" decoding=\"async\"   src=\"https:\/\/www.europesays.com\/es\/wp-content\/uploads\/2025\/11\/dormitorio-principal-cabecero-tapizado-gris_0da82783_251112131602_1102x1664.webp.webp\" alt=\"Cuadro sobre la mesita, de Iratxe Arteta. En la pared, de Teresa P\u00e9rez Bar\u00f3.\" class=\"lazyload\" width=\"1102\" height=\"1664\" data-aspectratio=\"1102\/1664\"\/><\/p>\n<p>Cuadro sobre la mesita, de Iratxe Arteta. En la pared, de Teresa P\u00e9rez Bar\u00f3.<\/p>\n<p>&#13;Foto: Lupe Clemente &#8211; Proyecto: R de Room &#8211; Estilismo: Pilar Perea<\/p>\n<p>En la obra, se tir\u00f3 abajo todo (excepto el muro de carga), no quedando <strong>nada de la distribuci\u00f3n original,<\/strong> que estaba muy obsoleta y era necesaria una intervenci\u00f3n integral para actualizarla. La arquitecta cree que \u00abjusto eso fue lo que jug\u00f3 a nuestro favor en la negociaci\u00f3n para la compra; que supimos <strong>ver lo que otros no vieron<\/strong>\u00ab.<\/p>\n<p>&#13;<img loading=\"lazy\" decoding=\"async\"   src=\"https:\/\/www.europesays.com\/es\/wp-content\/uploads\/2025\/11\/bano-principal-con-dos-espejos-y-un-lavabo_a1d7fd86_251112131547_1104x1666.webp.webp\" alt=\"ba\u00f1o principal con dos espejos y un lavabo\" class=\"lazyload\" width=\"1104\" height=\"1666\" data-aspectratio=\"1104\/1666\"\/><\/p>\n<p>&#13;&#13;Foto: Lupe Clemente &#8211; Proyecto: R de Room &#8211; Estilismo: Pilar Perea&#13;<\/p>\n<p> ALGUNOS TIPS INTERESANTES SOBRE DETERMINADAS ESTANCIASPasillo sin casi decorar<\/p>\n<p>En esta casa se ha decorado la entrada y elegido apliques para el primer tramo del <a href=\"https:\/\/www.revistainteriores.es\/decoracion\/deja-odiar-tu-pasillo-10-ideas-para-decorarlo-sin-perder-estilo_11918\" rel=\"nofollow noopener\" target=\"_blank\">pasillo<\/a>, pero en el segundo, efectivamente, no hay<strong> nada de decoraci\u00f3n<\/strong>. \u00abBuscaba centrar la atenci\u00f3n en el vano hacia el sal\u00f3n, que no tiene puerta.\u00a0No es una regla que aplique de manera general, pero en este caso prefer\u00ed desviar la atenci\u00f3n de este <strong>elemento de paso<\/strong>. En un pasillo con m\u00e1s anchura o entidad s\u00ed hubiese apostado por decorar\u00bb, dice\u00a0Rebeca.<\/p>\n<p>&#13;<img loading=\"lazy\" decoding=\"async\"   src=\"https:\/\/www.europesays.com\/es\/wp-content\/uploads\/2025\/11\/pasillo-sin-decorar-paredes_d5c5ee96_251112131532_1108x1664.webp.webp\" alt=\"pasillo sin decorar paredes\" class=\"lazyload\" width=\"1108\" height=\"1664\" data-aspectratio=\"1108\/1664\"\/><\/p>\n<p>&#13;&#13;Foto: Lupe Clemente &#8211; Proyecto: R de Room &#8211; Estilismo: Pilar Perea&#13;<\/p>\n<p> Cocina abierta, \u00bfpor qu\u00e9?<\/p>\n<p>En su estado original, la cocina estaba ubicada donde ahora est\u00e1 el dormitorio infantil y, por una cuesti\u00f3n de <strong>funcionalidad<\/strong>, decidieron hacerla <a href=\"https:\/\/www.revistainteriores.es\/tendencias\/cocinas-abiertas-salon-10-ideas-y-trucos-faciles-copiar-para-ganar-estilo-y-elegancia_10001\" rel=\"nofollow noopener\" target=\"_blank\">abierta<\/a>. Tambi\u00e9n reconoce que \u00abhace un tiempo la habr\u00edamos mantenido independiente, pero en esta etapa vital, con ni\u00f1as peque\u00f1as, abierta nos resulta m\u00e1s pr\u00e1ctica. Aunque te dir\u00e9 algo: tengo pensada la reforma para <strong>volver a independizarla<\/strong> si en el futuro vivimos solos en esta casa mi marido y yo\u00bb.<\/p>\n<p>&#13;<img loading=\"lazy\" decoding=\"async\"   src=\"https:\/\/www.europesays.com\/es\/wp-content\/uploads\/2025\/11\/cocina-abierta-con-barra-y-taburetes_40b5d931_251112133146_1110x1666.webp.webp\" alt=\"cocina abierta con barra y taburetes\" class=\"lazyload\" width=\"1110\" height=\"1666\" data-aspectratio=\"1110\/1666\"\/><\/p>\n<p>&#13;&#13;Foto: Lupe Clemente &#8211; Proyecto: R de Room &#8211; Estilismo: Pilar Perea&#13;<\/p>\n<p> Claves para el dormitorio infantil<\/p>\n<p>\u00abPens\u00e9, sobre todo, en ofrecerles un buen <a href=\"https:\/\/www.revistainteriores.es\/decoracion\/ideas-cuartos-juegos-infantiles-juveniles_8628\" rel=\"nofollow noopener\" target=\"_blank\"><strong>espacio de juego<\/strong><\/a>; el resto fue surgiendo de la b\u00fasqueda de equilibrio entre un ambiente <a href=\"https:\/\/www.revistainteriores.es\/tendencias\/ideas-faciles-aplicar-para-decorar-dormitorios-infantiles-originales-colores-muebles-mucho-mas_10808\" rel=\"nofollow noopener\" target=\"_blank\">infantil<\/a>\u00a0y un interiorismo que mantuviera la <strong>armon\u00eda con el resto de la casa<\/strong>\u00ab, explica la interiorista. En su dormitorio no quer\u00eda renunciar al color, as\u00ed que opt\u00f3 por tonos ligeramente destonificados y<strong> jug\u00f3 con los contrastes <\/strong>para equilibrar la dulzura del tono maquillaje con la energ\u00eda y la fuerza de los<strong> colores oscuros y el papel pintado<\/strong>. \u00abEllas son un poco as\u00ed, tiernas y en\u00e9rgicas, as\u00ed que puede decirse que fue su personalidad lo que me inspir\u00f3\u00bb, a\u00f1ade.<\/p>\n<p><a href=\"https:\/\/www.revistainteriores.es\/casas\/casa-bow-centro-bilbao-es-homenaje-vida-serena-luminosa-que-mezcla-elementos-clasicos-contemporaneos_12053\" data-ga4_event=\"custom_event\" data-ga4_event_name=\"click_intext\" data-ga4_link_url=\"https:\/\/www.revistainteriores.es\/casas\/casa-bow-centro-bilbao-es-homenaje-vida-serena-luminosa-que-mezcla-elementos-clasicos-contemporaneos_12053\" data-ga4_link_text=\"casa_bow_reinterpreta_lo_clasico_con_una_mirada_contemporanea_respetando_una_esencia_serena_y_natural\" data-ga4_content_type=\"photo\" data-ga4_element=\"related\" rel=\"nofollow noopener\" target=\"_blank\">&#13;&#13;<img loading=\"lazy\" decoding=\"async\" src=\"https:\/\/www.europesays.com\/es\/wp-content\/uploads\/2025\/11\/salon-comedor-abierto-tonos-neutros_ff11d0af_250909141602_600x600.webp.webp\" alt=\"salon comedor abierto tonos neutros\" class=\"lazyload\" width=\"600\" height=\"600\" data-aspectratio=\"600\/600\"\/>&#13;&#13;<\/p>\n<p class=\"epigraph\">                    &#13;Noticia relacionada<\/p>\n<p class=\"title\">Casa Bow reinterpreta lo cl\u00e1sico con una mirada contempor\u00e1nea respetando una esencia serena y natural<\/p>\n<p><\/a>&#13;<img loading=\"lazy\" decoding=\"async\"   src=\"https:\/\/www.europesays.com\/es\/wp-content\/uploads\/2025\/11\/dormitorio-infantil-con-litera-y-papel-pintado_804f8d84_251112131410_1280x851.webp.webp\" alt=\"dormitorio infantil con litera y papel pintado\" class=\"lazyload\" width=\"1280\" height=\"851\" data-aspectratio=\"1280\/851\"\/><\/p>\n<p>&#13;&#13;Foto: Lupe Clemente &#8211; Proyecto: R de Room &#8211; Estilismo: Pilar Perea&#13;<\/p>\n<p>Esta vivienda demuestra que proyectar una casa es <strong>mucho m\u00e1s que<\/strong> elegir <strong>estilos o materiales<\/strong>: es dar forma a sue\u00f1os que han madurado con el tiempo y encontrar el espacio perfecto para <a href=\"https:\/\/www.revistainteriores.es\/ideas-casa\/abel-perez-interiorista-me-gusta-conservar-cualquier-elemento-que-tenga-valor-historico-emocional-combino-piezas-modernas_11916\" rel=\"nofollow noopener\" target=\"_blank\">piezas que cuentan una historia<\/a>. En definitiva, es la prueba de que el <strong>verdadero lujo <\/strong>est\u00e1 en crear un hogar que hable<strong> de quienes lo habitan<\/strong>. Una filosof\u00eda que define cada trabajo de R de Room.<\/p>\n<p>\u00abPara m\u00ed es importante que, adem\u00e1s de bonita, sea c\u00f3moda y funcional; es la m\u00e1xima de todos nuestros proyectos y en mi propia casa no pod\u00eda ser diferente\u00bb _ Rebeca Campo <\/p>\n","protected":false},"excerpt":{"rendered":"Hacer proyectos de casas puede ser tu pan de cada d\u00eda, cuando te dedicas profesionalmente a ello, y&hellip;\n","protected":false},"author":2,"featured_media":242043,"comment_status":"","ping_status":"","sticky":false,"template":"","format":"standard","meta":{"footnotes":""},"categories":[173],"tags":[229,233,231,230,232,234,146,147,25,24,23],"class_list":{"0":"post-242042","1":"post","2":"type-post","3":"status-publish","4":"format-standard","5":"has-post-thumbnail","7":"category-arte-y-diseno","8":"tag-arte","9":"tag-arte-y-diseno","10":"tag-arts","11":"tag-arts-and-design","12":"tag-design","13":"tag-diseno","14":"tag-entertainment","15":"tag-entretenimiento","16":"tag-es","17":"tag-espana","18":"tag-spain"},"share_on_mastodon":{"url":"https:\/\/pubeurope.com\/@es\/115568601521837164","error":""},"_links":{"self":[{"href":"https:\/\/www.europesays.com\/es\/wp-json\/wp\/v2\/posts\/242042","targetHints":{"allow":["GET"]}}],"collection":[{"href":"https:\/\/www.europesays.com\/es\/wp-json\/wp\/v2\/posts"}],"about":[{"href":"https:\/\/www.europesays.com\/es\/wp-json\/wp\/v2\/types\/post"}],"author":[{"embeddable":true,"href":"https:\/\/www.europesays.com\/es\/wp-json\/wp\/v2\/users\/2"}],"replies":[{"embeddable":true,"href":"https:\/\/www.europesays.com\/es\/wp-json\/wp\/v2\/comments?post=242042"}],"version-history":[{"count":0,"href":"https:\/\/www.europesays.com\/es\/wp-json\/wp\/v2\/posts\/242042\/revisions"}],"wp:featuredmedia":[{"embeddable":true,"href":"https:\/\/www.europesays.com\/es\/wp-json\/wp\/v2\/media\/242043"}],"wp:attachment":[{"href":"https:\/\/www.europesays.com\/es\/wp-json\/wp\/v2\/media?parent=242042"}],"wp:term":[{"taxonomy":"category","embeddable":true,"href":"https:\/\/www.europesays.com\/es\/wp-json\/wp\/v2\/categories?post=242042"},{"taxonomy":"post_tag","embeddable":true,"href":"https:\/\/www.europesays.com\/es\/wp-json\/wp\/v2\/tags?post=242042"}],"curies":[{"name":"wp","href":"https:\/\/api.w.org\/{rel}","templated":true}]}}