{"id":242050,"date":"2025-11-18T03:39:04","date_gmt":"2025-11-18T03:39:04","guid":{"rendered":"https:\/\/www.europesays.com\/es\/242050\/"},"modified":"2025-11-18T03:39:04","modified_gmt":"2025-11-18T03:39:04","slug":"incrementan-casos-de-enfermedad-meningococica-invasiva","status":"publish","type":"post","link":"https:\/\/www.europesays.com\/es\/242050\/","title":{"rendered":"Incrementan casos de enfermedad meningoc\u00f3cica invasiva"},"content":{"rendered":"<p>Cada quincena reciba la informaci\u00f3n de tres noticias relevantes en el \u00e1mbito de la salud en Espa\u00f1a.<\/p>\n<p><strong>En 2024 hubo un incremento de los casos de enfermedad meningoc\u00f3cica invasiva<\/strong><\/p>\n<p>Datos, cifras y hechos resumidos para tener en cuenta<\/p>\n<p>El an\u00e1lisis epidemiol\u00f3gico de los casos de enfermedad meningoc\u00f3cica invasiva registrados durante 2024 mostr\u00f3 incremento en 24,5 % de la incidencia acumulada respecto al a\u00f1o anterior, acerc\u00e1ndose de nuevo a los niveles registrados en 2018-2019, antes de la pandemia.[1]<\/p>\n<p>El bolet\u00edn epidemiol\u00f3gico report\u00f3 336 casos de enfermedad meningoc\u00f3cica invasiva (mujeres: 53 %), con incidencia acumulada de 0,68 por 100.000 habitantes. Las comunidades aut\u00f3nomas que tuvieron incidencia acumulada m\u00e1s elevada fueron Asturias (1,38), Pa\u00eds Vasco (1,25), Galicia (0,99), Murcia (0,95) y Castilla y Le\u00f3n (0,79). Las ciudades aut\u00f3nomas de Ceuta y Melilla no notificaron casos durante ese a\u00f1o.<\/p>\n<p>La incidencia acumulada m\u00e1s alta se report\u00f3 en los menores de un a\u00f1o. Tambi\u00e9n se reportaron 31 defunciones con 19 ocurridas en personas \u226565 a\u00f1os. en cuanto a presentaci\u00f3n cl\u00ednica la <a href=\"https:\/\/espanol.medscape.com\/verarticulo\/5913554\" rel=\"nofollow noopener\" target=\"_blank\">sepsis<\/a> fue el s\u00edntoma que m\u00e1s se present\u00f3 en los pacientes.<\/p>\n<p>Una enfermedad de notificaci\u00f3n obligatoria en la que el compromiso m\u00e9dico permite mejorar los registros y tener una visi\u00f3n de la epidemiolog\u00eda en el pa\u00eds.<\/p>\n<p><strong>Desglosando la etiopatogenia del vitiligo<\/strong><\/p>\n<p>Mecanismos que permiten entender mejor la enfermedad<\/p>\n<p>Investigadores de Zaragoza revisaron la etiopatogenia del <a href=\"https:\/\/espanol.medscape.com\/verarticulo\/5907506\" rel=\"nofollow noopener\" target=\"_blank\">vitiligo<\/a>, concluyendo que es una enfermedad compleja y multifactorial influida por factores gen\u00e9ticos, autoinmunes, neurog\u00e9nicos y ambientales.[2]<\/p>\n<p>Dentro de los principales hallazgos destacan:<\/p>\n<ul>\n<li>El sistema inmunitario innato act\u00faa como v\u00ednculo crucial entre el estr\u00e9s oxidativo y la respuesta inmunitaria adaptativa, con c\u00e9lulas dendr\u00edticas, macr\u00f3fagos y c\u00e9lulas productoras de interfer\u00f3n gamma activadas en la piel lesional.<\/li>\n<li>Los investigadores identificaron la prote\u00edna de estr\u00e9s cal\u00f3rico 70 como el patr\u00f3n molecular asociado al da\u00f1o con mayor evidencia de asociaci\u00f3n con vitiligo, mostrando sobreexpresi\u00f3n en lesiones activas.<\/li>\n<li>Los an\u00e1lisis gen\u00e9ticos revelaron que aproximadamente 85 % de los genes de susceptibilidad est\u00e1n implicados en la inmunidad innata, adaptativa y apoptosis.<\/li>\n<li>Los estudios demostraron que los melanocitos en el vitiligo presentan propiedades adhesivas reducidas y niveles alterados de expresi\u00f3n de E-cadherina antes del desarrollo de despigmentaciones.<\/li>\n<\/ul>\n<p>El vitiligo es un trastorno cut\u00e1neo adquirido caracterizado por la despigmentaci\u00f3n progresiva de la piel debido a la p\u00e9rdida selectiva de melanocitos, con una prevalencia entre 0,5 y 2% de la poblaci\u00f3n mundial. La etiopatogenia es compleja y multifactorial, involucrando una interacci\u00f3n entre factores gen\u00e9ticos, inmunol\u00f3gicos y ambientales.<\/p>\n<p>En conclusi\u00f3n, los investigadores concluyen que el vitiligo es una enfermedad de etiopatogenia compleja y multifactorial que involucra tanto disfunci\u00f3n inmunitaria como melanoc\u00edtica y subrayan la importancia de seguir investigando para comprender mejor su origen y posibles tratamientos.<\/p>\n<p><strong>Un libro de bio\u00e9tica con ejemplos para la pr\u00e1ctica cl\u00ednica<\/strong><\/p>\n<p>Reflexiones que pueden enriquecer la pr\u00e1ctica profesional y el debate social<\/p>\n<p>El colegio de m\u00e9dicos de Barcelona ha publicado recientemente el libro Por una cultura bio\u00e9tica. Libro de casos 2010-2021, creado por el Comit\u00e9 de \u00c9tica Asistencial del Hospital Cl\u00ednic Barcelona en el que se plasman 16 casos cl\u00ednicos reales que se acompa\u00f1aban de dilemas \u00e9ticos y que fueron comentados por el comit\u00e9 durante once a\u00f1os. Las tem\u00e1ticas de algunos casos son: solicitud de <a href=\"https:\/\/espanol.medscape.com\/verarticulo\/5907894\" rel=\"nofollow noopener\" target=\"_blank\">eutanasia<\/a>, reproducci\u00f3n asistida en parejas consangu\u00edneas, confidencialidad de datos sensibles, derecho a no saber en contextos gen\u00e9ticos o decisiones en contextos de vulnerabilidad, como <a href=\"https:\/\/espanol.medscape.com\/verarticulo\/5907116\" rel=\"nofollow noopener\" target=\"_blank\">salud mental<\/a> o dependencia extrema.[3]<\/p>\n<p>En la presentaci\u00f3n de cada caso hay un resumen cl\u00ednico y se describen el dilema \u00e9tico planteado, los argumentos bio\u00e9ticos y las recomendaciones del comit\u00e9.<\/p>\n<p>El libro tambi\u00e9n incluye dos documentos redactados durante la pandemia de <a href=\"https:\/\/espanol.medscape.com\/temas-especiales\/coronavirus\" rel=\"nofollow noopener\" target=\"_blank\">COVID-19<\/a> con recomendaciones sobre el tratamiento de soporte vital y la soledad de los pacientes hospitalizados en contextos con limitaci\u00f3n de visitas.<\/p>\n<p>Un ejemplar \u00fatil que puede ser gu\u00eda en situaciones en las que la toma de decisiones m\u00e9dicas necesitan una reflexi\u00f3n sobre los valores que gu\u00edan la atenci\u00f3n sanitaria.<\/p>\n","protected":false},"excerpt":{"rendered":"Cada quincena reciba la informaci\u00f3n de tres noticias relevantes en el \u00e1mbito de la salud en Espa\u00f1a. En&hellip;\n","protected":false},"author":2,"featured_media":242051,"comment_status":"","ping_status":"","sticky":false,"template":"","format":"standard","meta":{"footnotes":""},"categories":[92],"tags":[62253,50951,62252,13952,62248,25,24,62256,18617,9808,165,62247,62249,225,62250,62251,59504,62257,62255,4116,58202,166,23,62254,23948],"class_list":{"0":"post-242050","1":"post","2":"type-post","3":"status-publish","4":"format-standard","5":"has-post-thumbnail","7":"category-salud","8":"tag-bioetica","9":"tag-centro-de-salud","10":"tag-centro-para-pacientes-ambulatorios","11":"tag-clinica","12":"tag-enfermedad-meningococica","13":"tag-es","14":"tag-espana","15":"tag-estres-oxidativo","16":"tag-etica","17":"tag-genomica","18":"tag-health","19":"tag-infecciones-meningococicas","20":"tag-leucoderma","21":"tag-libros","22":"tag-literatura-medica","23":"tag-manuales","24":"tag-medicina-genomica","25":"tag-plasma","26":"tag-productos-biologicos","27":"tag-publicaciones","28":"tag-reforma-del-cuidado-de-la-salud","29":"tag-salud","30":"tag-spain","31":"tag-terapia-biologica","32":"tag-vitiligo"},"share_on_mastodon":{"url":"https:\/\/pubeurope.com\/@es\/115568624602288320","error":""},"_links":{"self":[{"href":"https:\/\/www.europesays.com\/es\/wp-json\/wp\/v2\/posts\/242050","targetHints":{"allow":["GET"]}}],"collection":[{"href":"https:\/\/www.europesays.com\/es\/wp-json\/wp\/v2\/posts"}],"about":[{"href":"https:\/\/www.europesays.com\/es\/wp-json\/wp\/v2\/types\/post"}],"author":[{"embeddable":true,"href":"https:\/\/www.europesays.com\/es\/wp-json\/wp\/v2\/users\/2"}],"replies":[{"embeddable":true,"href":"https:\/\/www.europesays.com\/es\/wp-json\/wp\/v2\/comments?post=242050"}],"version-history":[{"count":0,"href":"https:\/\/www.europesays.com\/es\/wp-json\/wp\/v2\/posts\/242050\/revisions"}],"wp:featuredmedia":[{"embeddable":true,"href":"https:\/\/www.europesays.com\/es\/wp-json\/wp\/v2\/media\/242051"}],"wp:attachment":[{"href":"https:\/\/www.europesays.com\/es\/wp-json\/wp\/v2\/media?parent=242050"}],"wp:term":[{"taxonomy":"category","embeddable":true,"href":"https:\/\/www.europesays.com\/es\/wp-json\/wp\/v2\/categories?post=242050"},{"taxonomy":"post_tag","embeddable":true,"href":"https:\/\/www.europesays.com\/es\/wp-json\/wp\/v2\/tags?post=242050"}],"curies":[{"name":"wp","href":"https:\/\/api.w.org\/{rel}","templated":true}]}}