{"id":242058,"date":"2025-11-18T03:43:15","date_gmt":"2025-11-18T03:43:15","guid":{"rendered":"https:\/\/www.europesays.com\/es\/242058\/"},"modified":"2025-11-18T03:43:15","modified_gmt":"2025-11-18T03:43:15","slug":"italia-investiga-safaris-humanos-de-sarajevo-dw-17-11-2025","status":"publish","type":"post","link":"https:\/\/www.europesays.com\/es\/242058\/","title":{"rendered":"Italia investiga \u00absafaris humanos\u00bb de Sarajevo \u2013 DW \u2013 17\/11\/2025"},"content":{"rendered":"<p>M\u00e1s de tres d\u00e9cadas despu\u00e9s del asedio de <a class=\"internal-link\" href=\"https:\/\/www.dw.com\/es\/sarajevo-dedica-calle-a-schumacher-por-ayuda-tras-la-guerra\/a-61978852\" rel=\"nofollow noopener\" target=\"_blank\">Sarajevo<\/a>, los fiscales italianos han iniciado una investigaci\u00f3n que podr\u00eda arrojar luz sobre uno de los aspectos m\u00e1s oscuros y desconocidos de la guerra de <a class=\"internal-link\" href=\"https:\/\/www.dw.com\/es\/bosnia-herzegovina-habr\u00e1-guerra-otra-vez\/a-59699135\" rel=\"nofollow noopener\" target=\"_blank\">Bosnia<\/a> entre 1992 y\u00a01995: los llamados \u00abfrancotiradores aficionados\u00bb. Se trata de ciudadanos extranjeros que, al parecer, pagaban por participar en \u00absafaris en Sarajevo\u00bb para disparar a civiles en la capital de Bosnia y Herzegovina, rodeada por las tropas serbobosnias.<\/p>\n<p>La investigaci\u00f3n contra los presuntos francotiradores se inici\u00f3 tras una denuncia del periodista y escritor italiano Ezio Gavazzeni. Gavazzeni proporcion\u00f3 a la fiscal\u00eda de Mil\u00e1n documentos y testimonios recopilados durante a\u00f1os de investigaci\u00f3n. En declaraciones al proveedor de medios de comunicaci\u00f3n de los Balcanes Occidentales N1, Gavazzeni explic\u00f3 que el documental \u00abSarajevo Safari\u00bb, del director esloveno Miran Zupanic, estrenado en 2022, hab\u00eda sido el punto de partida de su trabajo.<\/p>\n<p>Hasta ahora, la investigaci\u00f3n se centra en personas desconocidas, pero la justicia italiana podr\u00eda dar pronto nombres concretos. \u00abTuve contacto con personas, entre ellas un miembro de los servicios secretos bosnios durante el asedio de Sarajevo, que informaron sobre grupos de &#8216;turistas francotiradores&#8217; italianos que acud\u00edan a las monta\u00f1as alrededor de Sarajevo para disparar a civiles\u00bb, afirma Gavazzeni.<\/p>\n<p>La fiscal\u00eda de Mil\u00e1n ha transferido la investigaci\u00f3n a la ROS, una unidad especial de los Carabinieri conocida por su trabajo en casos internacionales complejos. <a class=\"internal-link\" href=\"https:\/\/www.dw.com\/es\/italia\/t-17412658\" rel=\"nofollow noopener\" target=\"_blank\">Italia<\/a> es el primer pa\u00eds que ha iniciado una investigaci\u00f3n judicial contra los participantes temporales en la guerra, tambi\u00e9n conocidos como \u00abfrancotiradores de fin de semana\u00bb.<\/p>\n<p>\u00abComo si fuera un safari humano\u00bb, seg\u00fan exagente de servicios secretos<\/p>\n<p>Edin Subasic, exoficial de los servicios secretos del Ej\u00e9rcito bosnio, relata en la pel\u00edcula \u00abSarajevo Safari\u00bb el interrogatorio de un serbio capturado en 1993 que confirm\u00f3 la existencia de \u00abturistas francotiradores\u00bb extranjeros. \u00abEl prisionero, un joven de 20 a\u00f1os de la ciudad serbia de Paracin, afirm\u00f3 que hab\u00eda llegado a Bosnia con un grupo de voluntarios por invitaci\u00f3n del Partido Radical Serbio\u00bb, una formaci\u00f3n\u00a0ultranacionalista.<\/p>\n<p><img data-format=\"MASTER_LANDSCAPE\" data-id=\"63534701\" data-url=\"https:\/\/static.dw.com\/image\/63534701_${formatId}.jpeg\" data-aspect-ratio=\"16\/9\" alt=\"Un hombre de cabello gris se encuentra frente a una amplia panor\u00e1mica de una ciudad que se extiende en un valle entre verdes colinas y monta\u00f1as. \" style=\"padding-bottom: 56.25%; height: 0; max-height: 0;\"\/>El exagente secreto Edin Subasic en una escena de la pel\u00edcula \u00abSarajevo Safari\u00bb.Imagen: Sarajevo safari, Arsmedia<\/p>\n<p>Durante el viaje nocturno a trav\u00e9s del territorio controlado por <a class=\"internal-link\" href=\"https:\/\/www.dw.com\/es\/serbia\/t-41459753\" rel=\"nofollow noopener\" target=\"_blank\">Serbia<\/a>, el serbio se fij\u00f3 en cinco extranjeros en el autob\u00fas que, al parecer, gozaban de un estatus especial y estaban especialmente bien equipados. Tres de ellos eran italianos, uno de Mil\u00e1n, mientras que los otros dos no revelaron su origen, seg\u00fan Subasic. \u00abA estos hombres no se les pagaba por luchar, sino que pagaban por disparar a civiles, como si fuera un safari humano\u00bb.<\/p>\n<p>En la cadena de televisi\u00f3n bosnia FTV, Subasic afirma adem\u00e1s que durante la guerra recopil\u00f3 informaci\u00f3n sobre italianos que participaron como francotiradores en el bombardeo de Sarajevo. \u00abSe encontraron los nombres de algunos de los francotiradores, y una investigaci\u00f3n m\u00e1s exhaustiva podr\u00eda arrojar luz sobre c\u00f3mo se organizaron el viaje, el pago y el regreso de los participantes\u00bb, afirma Subasic. FTV tambi\u00e9n informa de una \u00ablista de precios especial\u00bb, donde los precios depend\u00edan del objetivo: \u00abun hombre, una mujer, una embarazada o un ni\u00f1o\u00bb.<\/p>\n<p>\u00abSnajper\u00bb, \u00abchetniks de fin de semana\u00bb y los recuerdos de los supervivientes<\/p>\n<p>Los habitantes de Sarajevo llamaban \u00abchetniks de fin de semana\u00bb \u2015en referencia al nombre con el que se autodenominaban los nacionalistas serbios que lucharon durante las guerras de Yugoslavia\u2015 a los asediadores que solo acud\u00edan los fines de semana a las posiciones serbias que rodeaban la ciudad desde junio de 1992 hasta diciembre de 1995.<\/p>\n<p>Dzemil Hodzic ten\u00eda diez a\u00f1os cuando su hermano Amel, de 16 a\u00f1os, fue asesinado en 1993 por un \u00absnajper\u00bb, t\u00e9rmino bosnio derivado de la palabra inglesa \u00absniper\u00bb (francotirador). Hoy, Hodzic dirige el proyecto fotogr\u00e1fico \u00abSniper Alley\u00bb, en el que narra la vida bajo el asedio.<\/p>\n<p>\u00abSabemos de mercenarios y voluntarios de Rusia y Grecia, as\u00ed como de la di\u00e1spora serbia\u00bb,\u00a0explica Hodzic a DW. \u00abEl fotoperiodista alem\u00e1n Peter Kullmann ha descrito c\u00f3mo se encontr\u00f3 con serbios que hab\u00edan venido desde Alemania solo por dos d\u00edas para, seg\u00fan afirmaban, defender su pa\u00eds. Llegaban los viernes despu\u00e9s del trabajo y regresaban el domingo por la tarde para volver al trabajo el lunes\u00bb.<\/p>\n<p><img data-format=\"MASTER_LANDSCAPE\" data-id=\"43235874\" data-url=\"https:\/\/static.dw.com\/image\/43235874_${formatId}.jpg\" data-aspect-ratio=\"16\/9\" alt=\"Muchas personas se api\u00f1an junto a un veh\u00edculo abierto, aparentemente en posici\u00f3n de protecci\u00f3n. Un hombre con una boina roja apunta con su rifle a algo.\" style=\"padding-bottom: 56.25%; height: 0; max-height: 0;\"\/>Sarajevo, 6 de abril de 1992: rodeado de civiles que buscan protecci\u00f3n, un soldado bosnio responde al fuego de un francotirador serbio.Imagen: picture-alliance\/dpa<\/p>\n<p>Se desconoce si estas personas pagaron por su participaci\u00f3n o si fueron pagadas, pero sus actividades \u00abdejaron un rastro de sangre en las calles de Sarajevo\u00bb. Durante el asedio de Sarajevo murieron m\u00e1s de 11.000 personas, entre ellas 1.601 ni\u00f1os. La guerra de Bosnia se cobr\u00f3 m\u00e1s de 100.000 v\u00edctimas mortales.<\/p>\n<p>La participaci\u00f3n de mercenarios extranjeros est\u00e1 bien documentada<\/p>\n<p>Mirsad Tokaca, director del Centro de Investigaci\u00f3n y Documentaci\u00f3n de Sarajevo, explic\u00f3 a DW que los an\u00e1lisis del n\u00famero de v\u00edctimas civiles revelaron que los francotiradores mataron entre 300 y 350 personas en Sarajevo. \u00abCasi todas las v\u00edctimas eran civiles\u00bb, afirm\u00f3 Tokaca.<\/p>\n<p>Aunque no hay datos exactos sobre el n\u00famero de turistas francotiradores, la participaci\u00f3n de mercenarios extranjeros en las fuerzas armadas de los serbios bosnios est\u00e1 bien documentada: \u00abEn nuestra base de datos hay registradas unas 300 personas de Grecia, Rusia, Ucrania y otros pa\u00edses que lucharon en el Ej\u00e9rcito serbio\u00bb.<\/p>\n<p>Las actuales investigaciones italianas contra los francotiradores aficionados en la guerra de Bosnia podr\u00edan dar lugar a los primeros juicios contra ciudadanos europeos que participaron en cr\u00edmenes de guerra fuera de las jerarqu\u00edas militares formales, pero con el apoyo o el conocimiento de una de las partes beligerantes, en este caso, de las fuerzas armadas serbobosnias.<\/p>\n<p>(gg\/rml)<\/p>\n","protected":false},"excerpt":{"rendered":"M\u00e1s de tres d\u00e9cadas despu\u00e9s del asedio de Sarajevo, los fiscales italianos han iniciado una investigaci\u00f3n que podr\u00eda&hellip;\n","protected":false},"author":2,"featured_media":242059,"comment_status":"","ping_status":"","sticky":false,"template":"","format":"standard","meta":{"footnotes":""},"categories":[42],"tags":[17,18,13,14,11,61,62,63,64,19,20,9,10,15,16,12,21,22,65,66,67],"class_list":{"0":"post-242058","1":"post","2":"type-post","3":"status-publish","4":"format-standard","5":"has-post-thumbnail","7":"category-internacional","8":"tag-breaking-news","9":"tag-breakingnews","10":"tag-featured-news","11":"tag-featurednews","12":"tag-headlines","13":"tag-internacional","14":"tag-international","15":"tag-international-news","16":"tag-internationalnews","17":"tag-latest-news","18":"tag-latestnews","19":"tag-news","20":"tag-noticias","21":"tag-noticias-destacadas","22":"tag-noticiasdestacadas","23":"tag-titulares","24":"tag-ultimas-noticias","25":"tag-ultimasnoticias","26":"tag-world","27":"tag-world-news","28":"tag-worldnews"},"share_on_mastodon":{"url":"https:\/\/pubeurope.com\/@es\/115568640370210574","error":""},"_links":{"self":[{"href":"https:\/\/www.europesays.com\/es\/wp-json\/wp\/v2\/posts\/242058","targetHints":{"allow":["GET"]}}],"collection":[{"href":"https:\/\/www.europesays.com\/es\/wp-json\/wp\/v2\/posts"}],"about":[{"href":"https:\/\/www.europesays.com\/es\/wp-json\/wp\/v2\/types\/post"}],"author":[{"embeddable":true,"href":"https:\/\/www.europesays.com\/es\/wp-json\/wp\/v2\/users\/2"}],"replies":[{"embeddable":true,"href":"https:\/\/www.europesays.com\/es\/wp-json\/wp\/v2\/comments?post=242058"}],"version-history":[{"count":0,"href":"https:\/\/www.europesays.com\/es\/wp-json\/wp\/v2\/posts\/242058\/revisions"}],"wp:featuredmedia":[{"embeddable":true,"href":"https:\/\/www.europesays.com\/es\/wp-json\/wp\/v2\/media\/242059"}],"wp:attachment":[{"href":"https:\/\/www.europesays.com\/es\/wp-json\/wp\/v2\/media?parent=242058"}],"wp:term":[{"taxonomy":"category","embeddable":true,"href":"https:\/\/www.europesays.com\/es\/wp-json\/wp\/v2\/categories?post=242058"},{"taxonomy":"post_tag","embeddable":true,"href":"https:\/\/www.europesays.com\/es\/wp-json\/wp\/v2\/tags?post=242058"}],"curies":[{"name":"wp","href":"https:\/\/api.w.org\/{rel}","templated":true}]}}