{"id":242064,"date":"2025-11-18T03:50:17","date_gmt":"2025-11-18T03:50:17","guid":{"rendered":"https:\/\/www.europesays.com\/es\/242064\/"},"modified":"2025-11-18T03:50:17","modified_gmt":"2025-11-18T03:50:17","slug":"imaginenme-como-amigo-de-mcenroe-o-lendl","status":"publish","type":"post","link":"https:\/\/www.europesays.com\/es\/242064\/","title":{"rendered":"\u00abImag\u00ednenme como amigo de McEnroe o Lendl\u201d"},"content":{"rendered":"<p class=\"ft-text\">El extenista alem\u00e1n <strong>Boris Becker <\/strong>afirm\u00f3 que la relaci\u00f3n entre Carlos Alcaraz y Jannik Sinner est\u00e1 provocando un cambio profundo en la cultura del tenis moderno, se\u00f1alando que la amistad entre los dos grandes rivales del momento no solo resulta sorprendente, sino que est\u00e1 modificando la manera en que las nuevas generaciones entienden la competencia.<\/p>\n<p class=\"ft-text\">En recientes entrevistas, Becker record\u00f3 que durante su \u00e9poca los grandes jugadores rara vez manten\u00edan una relaci\u00f3n cercana fuera de la pista, mencionando que era impensable, por ejemplo, que \u00e9l pudiera considerarse amigo de <strong>John McEnroe o de Ivan Lendl.<\/strong><\/p>\n<p><img decoding=\"async\" src=\"https:\/\/www.europesays.com\/es\/wp-content\/uploads\/2025\/11\/d8f08e2b-3910-4d65-afc2-8ac16a2243c1_alta-libre-aspect-ratio_default_0.jpg\" width=\"1200\" height=\"675\" alt=\"Boris Becker relata la peor etapa de su vida en 'Inside'\" class=\"ft-helper-img-rd\" loading=\"lazy\"\/><\/p>\n<p class=\"ft-helper-fontColor-quaternary ft-helper-fontSize-body-S ft-helper-spacer-t-xxs\">Boris Becker relata la peor etapa de su vida en &#8216;Inside&#8217;  \/ Joe Castro<\/p>\n<p class=\"ft-text\">El alem\u00e1n explic\u00f3 que el cambio en la convivencia entre estrellas empez\u00f3 a apreciarse con <strong>Roger Federer y Rafael Nadal, <\/strong>quienes mostraron al mundo que dos rivales legendarios pod\u00edan enfrentarse con una ferocidad absoluta dentro de la pista y aun as\u00ed mantener una relaci\u00f3n humana, respetuosa y hasta c\u00f3mplice fuera de ella.<\/p>\n<p class=\"ft-text\">Seg\u00fan Becker, <strong>Alcaraz <\/strong>y <strong>Sinner <\/strong>representan la evoluci\u00f3n natural de esa nueva forma de entender el deporte, ya que se muestran cercanos y c\u00f3modos juntos en entrenamientos, actos promocionales o momentos de descanso, pero cuando llega la hora de competir se transforman en adversarios intensos, sin concesiones y dispuestos a llevar su tenis al l\u00edmite<\/p>\n<p>DOS ESTILOS DISTINTOS<\/p>\n<p class=\"ft-text\"><strong>Becker<\/strong>, un habitual en los torneos que sigue con atenci\u00f3n la evoluci\u00f3n de ambos jugadores, destac\u00f3 adem\u00e1s el progreso t\u00e9cnico que ha visto particularmente en<strong> Carlos Alcaraz,<\/strong> quien seg\u00fan su an\u00e1lisis ha ampliado su repertorio t\u00e1ctico, mejorado el servicio, incorporado con m\u00e1s naturalidad el uso del &#8216;slice&#8217; y la volea, y aprendido a cambiar el ritmo de los puntos con inteligencia y madurez competitiva.<\/p>\n<p class=\"ft-text\">En contraste, el alem\u00e1n se\u00f1al\u00f3 que <strong>Sinner<\/strong>, pese a su consistencia notable y los avances logrados junto a su equipo t\u00e9cnico, ha atravesado momentos en los que su juego le ha parecido m\u00e1s previsible, algo que considera normal en un proceso de adaptaci\u00f3n dentro de la \u00e9lite<\/p>\n<p class=\"ft-text\">Aun con ese matiz cr\u00edtico, <strong>Becker <\/strong>subray\u00f3 que la solidez de Sinner sigue siendo extraordinaria, recordando que llegar de manera consecutiva a varias finales de Grand Slam es un logro del que no se habla lo suficiente y que confirma la dimensi\u00f3n competitiva del jugador italiano, quien contin\u00faa dando pasos firmes para sostenerse entre los favoritos en todas las superficies.<\/p>\n","protected":false},"excerpt":{"rendered":"El extenista alem\u00e1n Boris Becker afirm\u00f3 que la relaci\u00f3n entre Carlos Alcaraz y Jannik Sinner est\u00e1 provocando un&hellip;\n","protected":false},"author":2,"featured_media":242065,"comment_status":"","ping_status":"","sticky":false,"template":"","format":"standard","meta":{"footnotes":""},"categories":[274],"tags":[36386,168,25,24,23,167,327,326],"class_list":{"0":"post-242064","1":"post","2":"type-post","3":"status-publish","4":"format-standard","5":"has-post-thumbnail","7":"category-tenis","8":"tag-becker","9":"tag-deportes","10":"tag-es","11":"tag-espana","12":"tag-spain","13":"tag-sports","14":"tag-tenis","15":"tag-tennis"},"share_on_mastodon":{"url":"https:\/\/pubeurope.com\/@es\/115568668147962212","error":""},"_links":{"self":[{"href":"https:\/\/www.europesays.com\/es\/wp-json\/wp\/v2\/posts\/242064","targetHints":{"allow":["GET"]}}],"collection":[{"href":"https:\/\/www.europesays.com\/es\/wp-json\/wp\/v2\/posts"}],"about":[{"href":"https:\/\/www.europesays.com\/es\/wp-json\/wp\/v2\/types\/post"}],"author":[{"embeddable":true,"href":"https:\/\/www.europesays.com\/es\/wp-json\/wp\/v2\/users\/2"}],"replies":[{"embeddable":true,"href":"https:\/\/www.europesays.com\/es\/wp-json\/wp\/v2\/comments?post=242064"}],"version-history":[{"count":0,"href":"https:\/\/www.europesays.com\/es\/wp-json\/wp\/v2\/posts\/242064\/revisions"}],"wp:featuredmedia":[{"embeddable":true,"href":"https:\/\/www.europesays.com\/es\/wp-json\/wp\/v2\/media\/242065"}],"wp:attachment":[{"href":"https:\/\/www.europesays.com\/es\/wp-json\/wp\/v2\/media?parent=242064"}],"wp:term":[{"taxonomy":"category","embeddable":true,"href":"https:\/\/www.europesays.com\/es\/wp-json\/wp\/v2\/categories?post=242064"},{"taxonomy":"post_tag","embeddable":true,"href":"https:\/\/www.europesays.com\/es\/wp-json\/wp\/v2\/tags?post=242064"}],"curies":[{"name":"wp","href":"https:\/\/api.w.org\/{rel}","templated":true}]}}