{"id":242066,"date":"2025-11-18T03:53:15","date_gmt":"2025-11-18T03:53:15","guid":{"rendered":"https:\/\/www.europesays.com\/es\/242066\/"},"modified":"2025-11-18T03:53:15","modified_gmt":"2025-11-18T03:53:15","slug":"la-escandalosa-exhibicion-de-kameron-taylor-en-la-victoria-ante-tenerife","status":"publish","type":"post","link":"https:\/\/www.europesays.com\/es\/242066\/","title":{"rendered":"La escandalosa exhibici\u00f3n de Kameron Taylor en la victoria ante Tenerife"},"content":{"rendered":"<p class=\"ft-text\"><a class=\"ft-link ft-link--decoration\" href=\"https:\/\/www.superdeporte.es\/valencia-basket\/2025\/11\/13\/valencia-basket-deja-escapar-triunfo-paris-basketball-123700723.html\" rel=\"nofollow noopener\" target=\"_blank\">Tras una dolorosa derrota en Euroliga en cancha del Paris Basketball<\/a>, Valencia Basket necesitaba como el comer ganar a La Laguna Tenerife el pasado domingo en el partido correspondiente a la jornada siete de Liga Endesa. <strong>En primer lugar por recuperar sensaciones tras y, sobre todo, porque se trataba de un duelo entre el primer y segundo clasificado del campeonato espa\u00f1ol que decidi\u00f3 el liderato. <\/strong><\/p>\n<p class=\"ft-text\"><a class=\"ft-link ft-link--decoration\" href=\"https:\/\/www.superdeporte.es\/valencia-basket\/2025\/11\/11\/locura-roig-arena-record-asistencia-15-000-espectadores-123618745.html\" rel=\"nofollow noopener\" target=\"_blank\">Con el Roig Arena como principal aliento<\/a> y gracias a una aut\u00e9ntica exhibici\u00f3n de Kameron Taylor, el conjunto taronja se hizo fuerte en el enfrentamiento directo y termin\u00f3 qued\u00e1ndose con un triunfo relativamente c\u00f3modo. <strong>El exterior estadounidense firm\u00f3 un aut\u00e9ntico partidazo, manejando todos los registros sobre la pista y liderando la victoria de su equipo con 23 puntos, 7 rebotes y 30 de valoraci\u00f3n, siendo claramente el MVP del choque. <\/strong><\/p>\n<p>Dinamita exterior <\/p>\n<p class=\"ft-text\">Una de las principales armas de Valencia Basket en este inicio de temporada es, sin duda, su dinamita exterior. Parece que cada partido Sergio De Larrea, Brancou Badio, Kameron Taylor, Omari Moore y <a class=\"ft-link ft-link--decoration\" href=\"https:\/\/www.superdeporte.es\/valencia-basket\/2025\/10\/31\/brutal-mate-darius-thompson-aficion-valencia-basket-justin-anderson-123217374.html\" rel=\"nofollow noopener\" target=\"_blank\">Darius Thompson se turnen<\/a> para guiar el equipo hacia una exhibici\u00f3n ofensiva. <strong>Y ante La Laguna Tenerife le toc\u00f3 al ex de Unicaja, que est\u00e1 completando un inicio de temporada a un nivel superlativo. <\/strong><\/p>\n<p>Promedios descomunales<\/p>\n<p class=\"ft-text\">En los cinco partido de Liga Endesa que ha disputado Kameron Taylor hasta la fecha, presenta unos promedios descomunales: <strong>20 minutos disputados por partido, pocos para un jugador como \u00e9l pero l\u00f3gico teniendo en cuenta la feroz competencia que hay en el equipo. En ese tiempo est\u00e1 siendo capaz de anotar 13,4 puntos, con un 58 por ciento en tiros de dos y un incr\u00e9ible 76,9 por ciento en tiros de tres.<\/strong> De momento ha lanzado 13 triples y ha convertido 10. Sus cifras de anotaci\u00f3n con 4 rebotes, 2,6 asistencias, 0,4 tapones y 0,6 recuperaciones por partido. En cuanto a valoraci\u00f3n, 17,2 de media.<\/p>\n<p><img decoding=\"async\" src=\"https:\/\/www.europesays.com\/es\/wp-content\/uploads\/2025\/11\/67ddc635-4eec-4bac-8ab2-8829d4193ca4_alta-libre-aspect-ratio_default_0.jpg\" width=\"1200\" height=\"1067\" alt=\"VALENCIA SPD VALENCIA BASKET - LA LAGUNA TENERIFE\" class=\"ft-helper-img-rd\" loading=\"lazy\"\/><\/p>\n<p class=\"ft-helper-fontColor-quaternary ft-helper-fontSize-body-S ft-helper-spacer-t-xxs\">VALENCIA SPD VALENCIA BASKET &#8211; LA LAGUNA TENERIFE  \/ Eduardo Ripoll<\/p>\n","protected":false},"excerpt":{"rendered":"Tras una dolorosa derrota en Euroliga en cancha del Paris Basketball, Valencia Basket necesitaba como el comer ganar&hellip;\n","protected":false},"author":2,"featured_media":242067,"comment_status":"","ping_status":"","sticky":false,"template":"","format":"standard","meta":{"footnotes":""},"categories":[269],"tags":[299,1918,298,168,25,24,833,608,26684,6839,665,23,167,9274,1370,235,2916,1261],"class_list":{"0":"post-242066","1":"post","2":"type-post","3":"status-publish","4":"format-standard","5":"has-post-thumbnail","7":"category-baloncesto","8":"tag-baloncesto","9":"tag-basket","10":"tag-basketball","11":"tag-deportes","12":"tag-es","13":"tag-espana","14":"tag-euroliga","15":"tag-exhibicion","16":"tag-kameron","17":"tag-la-laguna","18":"tag-liga-endesa","19":"tag-spain","20":"tag-sports","21":"tag-taylor","22":"tag-tenerife","23":"tag-valencia","24":"tag-valencia-basket","25":"tag-victoria"},"share_on_mastodon":{"url":"https:\/\/pubeurope.com\/@es\/115568679973166943","error":""},"_links":{"self":[{"href":"https:\/\/www.europesays.com\/es\/wp-json\/wp\/v2\/posts\/242066","targetHints":{"allow":["GET"]}}],"collection":[{"href":"https:\/\/www.europesays.com\/es\/wp-json\/wp\/v2\/posts"}],"about":[{"href":"https:\/\/www.europesays.com\/es\/wp-json\/wp\/v2\/types\/post"}],"author":[{"embeddable":true,"href":"https:\/\/www.europesays.com\/es\/wp-json\/wp\/v2\/users\/2"}],"replies":[{"embeddable":true,"href":"https:\/\/www.europesays.com\/es\/wp-json\/wp\/v2\/comments?post=242066"}],"version-history":[{"count":0,"href":"https:\/\/www.europesays.com\/es\/wp-json\/wp\/v2\/posts\/242066\/revisions"}],"wp:featuredmedia":[{"embeddable":true,"href":"https:\/\/www.europesays.com\/es\/wp-json\/wp\/v2\/media\/242067"}],"wp:attachment":[{"href":"https:\/\/www.europesays.com\/es\/wp-json\/wp\/v2\/media?parent=242066"}],"wp:term":[{"taxonomy":"category","embeddable":true,"href":"https:\/\/www.europesays.com\/es\/wp-json\/wp\/v2\/categories?post=242066"},{"taxonomy":"post_tag","embeddable":true,"href":"https:\/\/www.europesays.com\/es\/wp-json\/wp\/v2\/tags?post=242066"}],"curies":[{"name":"wp","href":"https:\/\/api.w.org\/{rel}","templated":true}]}}