{"id":242068,"date":"2025-11-18T03:54:08","date_gmt":"2025-11-18T03:54:08","guid":{"rendered":"https:\/\/www.europesays.com\/es\/242068\/"},"modified":"2025-11-18T03:54:08","modified_gmt":"2025-11-18T03:54:08","slug":"el-atletico-respira-al-conocer-el-alcance-de-la-lesion-de-oblak","status":"publish","type":"post","link":"https:\/\/www.europesays.com\/es\/242068\/","title":{"rendered":"El Atl\u00e9tico respira al conocer el alcance de la lesi\u00f3n de Oblak"},"content":{"rendered":"<p data-gtm-element-container=\"modulo-texto-link\" class=\"paragraph\">El <strong>Atl\u00e9tico de Madrid<\/strong> respira aliviado, aunque a\u00fan habr\u00e1 que ver qu\u00e9 pasa en estos d\u00edas, hasta el partido que el equipo colchonero disputar\u00e1 el pr\u00f3ximo domingo 23 de noviembre, en el <strong>Coliseum<\/strong>, ante el <strong>Getafe<\/strong>.<\/p>\n<p>        Lee tambi\u00e9n<\/p>\n<p>    Chema G. Fuente<\/p>\n<p>             <img loading=\"lazy\" decoding=\"async\" data-full-src=\"https:\/\/www.mundodeportivo.com\/uploads\/2025\/11\/17\/691b7e1d40a33.jpeg\" alt=\"Entrenamiento del Getafe CF. Jos\u00e9 Bordal\u00e1s.\" width=\"334\" height=\"164\" src=\"https:\/\/www.europesays.com\/es\/wp-content\/uploads\/2025\/11\/691b7e1d40a33.r_d.660-550.jpeg\" class=\"lazy\"\/><\/p>\n<p data-gtm-element-container=\"modulo-texto-link\" class=\"paragraph\">Nos referimos a la situaci\u00f3n de un <strong>Jan Oblak<\/strong>, que se perdi\u00f3 el segundo de los partidos con su selecci\u00f3n, <strong>Eslovenia<\/strong>, en el par\u00f3n por compromisos internacionales. El arquero sufri\u00f3 molestias que se agravaron, seg\u00fan explic\u00f3 el seleccionador.<\/p>\n<p data-gtm-element-container=\"modulo-texto-link\" class=\"paragraph\">Tras someterse a pruebas m\u00e9dicas, se ha descartado una lesi\u00f3n grave, seg\u00fan apunt\u00f3 el diario <strong>Marca<\/strong>, y lo que tiene es una dolencia leve. De momento, su participaci\u00f3n ante el <strong>Getafe<\/strong>. Todo depender\u00e1 de c\u00f3mo evolucione durante los pr\u00f3ximos d\u00edas.\u00a0<\/p>\n<p>        Lee tambi\u00e9n<\/p>\n<p>    Chema G. Fuente<\/p>\n<p>             <img loading=\"lazy\" decoding=\"async\" data-full-src=\"https:\/\/www.mundodeportivo.com\/uploads\/2025\/11\/17\/691b86b58be36.jpeg\" alt=\"Horizontal\" width=\"334\" height=\"164\" src=\"https:\/\/www.europesays.com\/es\/wp-content\/uploads\/2025\/11\/691b86b58be36.r_d.2127-1418.jpeg\" class=\"lazy\"\/><\/p>\n<p data-gtm-element-container=\"modulo-texto-link\" class=\"paragraph\">Lo que s\u00ed que se tiene claro en el cuerpo t\u00e9cnico del <strong>Atl\u00e9tico de Madrid<\/strong>, es que no se arriesgar\u00e1 con el portero, puesto que es una pieza clave para <strong>Diego Pablo Simeone,<\/strong> en una temporada que a\u00fan est\u00e1 en su parte inicial, y en la que el <strong>Atl\u00e9tico<\/strong> tiene por delante retos importantes en <strong>Liga, Champions League, Copa del Rey<\/strong> y <strong>Supercopa de Espa\u00f1a<\/strong>. En caso de que no llegue a tiempo, <strong>Juan Musso<\/strong> ser\u00eda el remplazo del esloveno.<\/p>\n","protected":false},"excerpt":{"rendered":"El Atl\u00e9tico de Madrid respira aliviado, aunque a\u00fan habr\u00e1 que ver qu\u00e9 pasa en estos d\u00edas, hasta el&hellip;\n","protected":false},"author":2,"featured_media":242069,"comment_status":"","ping_status":"","sticky":false,"template":"","format":"standard","meta":{"footnotes":""},"categories":[268],"tags":[168,25,24,280,282,281,23,167],"class_list":{"0":"post-242068","1":"post","2":"type-post","3":"status-publish","4":"format-standard","5":"has-post-thumbnail","7":"category-futbol","8":"tag-deportes","9":"tag-es","10":"tag-espana","11":"tag-football","12":"tag-futbol","13":"tag-soccer","14":"tag-spain","15":"tag-sports"},"share_on_mastodon":{"url":"https:\/\/pubeurope.com\/@es\/115568683766344627","error":""},"_links":{"self":[{"href":"https:\/\/www.europesays.com\/es\/wp-json\/wp\/v2\/posts\/242068","targetHints":{"allow":["GET"]}}],"collection":[{"href":"https:\/\/www.europesays.com\/es\/wp-json\/wp\/v2\/posts"}],"about":[{"href":"https:\/\/www.europesays.com\/es\/wp-json\/wp\/v2\/types\/post"}],"author":[{"embeddable":true,"href":"https:\/\/www.europesays.com\/es\/wp-json\/wp\/v2\/users\/2"}],"replies":[{"embeddable":true,"href":"https:\/\/www.europesays.com\/es\/wp-json\/wp\/v2\/comments?post=242068"}],"version-history":[{"count":0,"href":"https:\/\/www.europesays.com\/es\/wp-json\/wp\/v2\/posts\/242068\/revisions"}],"wp:featuredmedia":[{"embeddable":true,"href":"https:\/\/www.europesays.com\/es\/wp-json\/wp\/v2\/media\/242069"}],"wp:attachment":[{"href":"https:\/\/www.europesays.com\/es\/wp-json\/wp\/v2\/media?parent=242068"}],"wp:term":[{"taxonomy":"category","embeddable":true,"href":"https:\/\/www.europesays.com\/es\/wp-json\/wp\/v2\/categories?post=242068"},{"taxonomy":"post_tag","embeddable":true,"href":"https:\/\/www.europesays.com\/es\/wp-json\/wp\/v2\/tags?post=242068"}],"curies":[{"name":"wp","href":"https:\/\/api.w.org\/{rel}","templated":true}]}}