{"id":242075,"date":"2025-11-18T04:00:55","date_gmt":"2025-11-18T04:00:55","guid":{"rendered":"https:\/\/www.europesays.com\/es\/242075\/"},"modified":"2025-11-18T04:00:55","modified_gmt":"2025-11-18T04:00:55","slug":"anne-hathaway-y-meryl-streep-se-reencuentran-en-el-primer-teaser-de-el-diablo-viste-de-prada-2","status":"publish","type":"post","link":"https:\/\/www.europesays.com\/es\/242075\/","title":{"rendered":"Anne Hathaway y Meryl Streep se reencuentran en el primer teaser de &#8216;El diablo viste de Prada 2&#8217;"},"content":{"rendered":"<p>Qu\u00e9 mejor manera de celebrar un vig\u00e9simo aniversario que volviendo al lugar en el que empez\u00f3 todo. As\u00ed se presenta &#8216;<a href=\"https:\/\/www.ecartelera.com\/peliculas\/el-diablo-viste-de-prada-2\/\" data-mention-type=\"pelicula\" data-mention-id=\"19321\" rel=\"nofollow noopener\" target=\"_blank\">El diablo viste de Prada 2<\/a>&#8216; , secuela del \u00e9xito de 2006 que, dos d\u00e9cadas despu\u00e9s de que la pel\u00edcula original marcase a toda una generaci\u00f3n, <strong>retoma la tumultuosa relaci\u00f3n entre Miranda Priestly y Andy Sachs <\/strong>para desvelarnos qu\u00e9 ha sido de ellas en todo este tiempo.<\/p>\n<p>Teaser &#8216;El diablo viste de Prada 2&#8217;<\/p>\n<p><video id=\"vid-36024\" class=\"video-js vjs-default-skin\" data-title=\"Teaser 'El diablo viste de Prada 2'\" poster=\"https:\/\/www.ecartelera.com\/images\/videos\/36000\/f36024.jpg\" controls=\"\" preload=\"auto\" width=\"640\" height=\"360\" playsinline=\"\" data-vtt=\"\/\/v1.ecartelera.com\/video\/36000\/36024_sprite.vtt\" data-stream=\"1\">El navegador no soporta el tag de v\u00eddeo.<\/video><\/p>\n<p>X<br \/>\n<a href=\"https:\/\/www.ecartelera.com\/personas\/meryl-streep\/\" data-mention-type=\"persona\" data-mention-id=\"13\" rel=\"nofollow noopener\" target=\"_blank\">Meryl Streep<\/a> vuelve como Miranda, la directora de la revista de moda m\u00e1s influyente, y se reencuentra con <a href=\"https:\/\/www.ecartelera.com\/personas\/anne-hathaway\/\" data-mention-type=\"persona\" data-mention-id=\"14\" rel=\"nofollow noopener\" target=\"_blank\">Anne Hathaway<\/a>, que interpreta a su antigua empleada, Andy, <strong>en un divertido primer teaser que nos lleva de vuelta a las oficinas de Runway en la cosmopolita Nueva York<\/strong>.<\/p>\n<p><strong>El avance se desarrolla, muy apropiadamente, a ritmo de &#8216;Vogue&#8217;<\/strong>, el temazo de <a href=\"https:\/\/www.ecartelera.com\/personas\/madonna\/\" data-mention-type=\"persona\" data-mention-id=\"3768\" rel=\"nofollow noopener\" target=\"_blank\">Madonna<\/a> , que funciona no solo como referencia indispensable al mundo de la moda, sino tambi\u00e9n como gui\u00f1o jocoso para la audiencia, ya que Priestly est\u00e1 extraoficialmente basada en la que hasta poco fue directora de Vogue, Anna Wintour.<\/p>\n<p>En \u00e9l seguimos en primera persona unos elegantes tacones rojos recorriendo la redacci\u00f3n de Runway, con im\u00e1genes intercaladas de eventos de moda y el glamour de la alta costura en la Gran Manzana, hasta que la elegante figura llega al ascensor, donde se revela a Streep como Miranda. Es entonces cuando aparece Andy, que impide que la puerta se cierre, encontr\u00e1ndose con su exjefa, a la que saluda: \u00abMiranda\u00bb, le dice. <strong>\u00abYa era hora\u00bb, le responde su ahora rival en el mundo de la moda<\/strong>.<\/p>\n<p>\t\t\t\t\t\t\t<img decoding=\"async\" loading=\"lazy\" src=\"https:\/\/www.europesays.com\/es\/wp-content\/uploads\/2025\/11\/247802_anne-hathaway-y-meryl-streep-se-reencuentran-en-el-primer-teaser-de-el-diablo-vi.jpg\" alt=\"Teaser p\u00f3ster de 'El diablo viste de Prada 2'\" width=\"1200\" height=\"1777\"\/>\t<\/p>\n<p>\t\t\t\t\t\tTeaser p\u00f3ster de &#8216;El diablo viste de Prada 2&#8217; (Disney)<br \/>\n\t\t\t\t\t\tEquipazo de moda<strong>&#8216;El diablo viste de Prada 2&#8217; cuenta con <a href=\"https:\/\/www.ecartelera.com\/personas\/david-frankel\/\" data-mention-type=\"persona\" data-mention-id=\"12\" rel=\"nofollow noopener\" target=\"_blank\">David Frankel<\/a>  el responsable de la original, de nuevo a la direcci\u00f3n<\/strong>. <a href=\"https:\/\/www.ecartelera.com\/personas\/aline-brosh-mckenna\/\" data-mention-type=\"persona\" data-mention-id=\"28264\" rel=\"nofollow noopener\" target=\"_blank\">Aline Brosh McKenna<\/a> , que coescribi\u00f3 la primera pel\u00edcula, tambi\u00e9n vuelve como guionista. Acompa\u00f1ando a Streep y Hathaway tambi\u00e9n veremos a la tercera en discordia, <a href=\"https:\/\/www.ecartelera.com\/personas\/emily-blunt\/\" data-mention-type=\"persona\" data-mention-id=\"15\" rel=\"nofollow noopener\" target=\"_blank\">Emily Blunt<\/a> , y a <a href=\"https:\/\/www.ecartelera.com\/personas\/stanley-tucci\/\" data-mention-type=\"persona\" data-mention-id=\"16\" rel=\"nofollow noopener\" target=\"_blank\">Stanley Tucci<\/a>, ambos retomando sus papeles originales.<\/p>\n<p>A ellos se une un flamante nuevo elenco que incluye a <a href=\"https:\/\/www.ecartelera.com\/personas\/kenneth-branagh\/\" data-mention-type=\"persona\" data-mention-id=\"1995\" rel=\"nofollow noopener\" target=\"_blank\">Kenneth Branagh<\/a> , <a href=\"https:\/\/www.ecartelera.com\/personas\/simone-ashley\/\" data-mention-type=\"persona\" data-mention-id=\"27453\" rel=\"nofollow noopener\" target=\"_blank\">Simone Ashley<\/a> , <a href=\"https:\/\/www.ecartelera.com\/personas\/justin-theroux\/\" data-mention-type=\"persona\" data-mention-id=\"4355\" rel=\"nofollow noopener\" target=\"_blank\">Justin Theroux<\/a>, <a href=\"https:\/\/www.ecartelera.com\/personas\/lucy-liu\/\" data-mention-type=\"persona\" data-mention-id=\"3748\" rel=\"nofollow noopener\" target=\"_blank\">Lucy Liu<\/a>, Patrick Brammall, Caleb Hearon, Helen J. Shen, <a href=\"https:\/\/www.ecartelera.com\/personas\/pauline-chalamet\/\" data-mention-type=\"persona\" data-mention-id=\"28113\" rel=\"nofollow noopener\" target=\"_blank\">Pauline Chalamet<\/a>, <a href=\"https:\/\/www.ecartelera.com\/personas\/bj-novak\/\" data-mention-type=\"persona\" data-mention-id=\"2492\" rel=\"nofollow noopener\" target=\"_blank\">B.J. Novak<\/a> y <a href=\"https:\/\/www.ecartelera.com\/personas\/conrad-ricamora\/\" data-mention-type=\"persona\" data-mention-id=\"30109\" rel=\"nofollow noopener\" target=\"_blank\">Conrad Ricamora<\/a>. <a href=\"https:\/\/www.ecartelera.com\/personas\/tracie-thoms\/\" data-mention-type=\"persona\" data-mention-id=\"10986\" rel=\"nofollow noopener\" target=\"_blank\">Tracie Thoms<\/a> y Tibor Feldman vuelven como Lily e Irv, mientras que <strong><a href=\"https:\/\/www.ecartelera.com\/personas\/lady-gaga\/\" data-mention-type=\"persona\" data-mention-id=\"4451\" rel=\"nofollow noopener\" target=\"_blank\">Lady Gaga<\/a> tendr\u00e1 un peque\u00f1o papel en el film.<\/strong><\/p>\n<p>&#8216;El diablo viste de Prada 2&#8217; se estrena <strong>en cines el 30 de abril de 2026<\/strong>.<\/p>\n","protected":false},"excerpt":{"rendered":"Qu\u00e9 mejor manera de celebrar un vig\u00e9simo aniversario que volviendo al lugar en el que empez\u00f3 todo. As\u00ed&hellip;\n","protected":false},"author":2,"featured_media":242076,"comment_status":"","ping_status":"","sticky":false,"template":"","format":"standard","meta":{"footnotes":""},"categories":[169],"tags":[1014,1015,1013,177,1011,146,147,25,24,782,176,1019,1016,175,753,1012,23,1017,1018],"class_list":{"0":"post-242075","1":"post","2":"type-post","3":"status-publish","4":"format-standard","5":"has-post-thumbnail","7":"category-cine","8":"tag-actores","9":"tag-actrices","10":"tag-cartelera","11":"tag-cine","12":"tag-ecartelera","13":"tag-entertainment","14":"tag-entretenimiento","15":"tag-es","16":"tag-espana","17":"tag-estrellas","18":"tag-film","19":"tag-fotogramas","20":"tag-fotos","21":"tag-movies","22":"tag-peliculas","23":"tag-pelis","24":"tag-spain","25":"tag-trailers","26":"tag-videos"},"share_on_mastodon":{"url":"https:\/\/pubeurope.com\/@es\/115568711294943108","error":""},"_links":{"self":[{"href":"https:\/\/www.europesays.com\/es\/wp-json\/wp\/v2\/posts\/242075","targetHints":{"allow":["GET"]}}],"collection":[{"href":"https:\/\/www.europesays.com\/es\/wp-json\/wp\/v2\/posts"}],"about":[{"href":"https:\/\/www.europesays.com\/es\/wp-json\/wp\/v2\/types\/post"}],"author":[{"embeddable":true,"href":"https:\/\/www.europesays.com\/es\/wp-json\/wp\/v2\/users\/2"}],"replies":[{"embeddable":true,"href":"https:\/\/www.europesays.com\/es\/wp-json\/wp\/v2\/comments?post=242075"}],"version-history":[{"count":0,"href":"https:\/\/www.europesays.com\/es\/wp-json\/wp\/v2\/posts\/242075\/revisions"}],"wp:featuredmedia":[{"embeddable":true,"href":"https:\/\/www.europesays.com\/es\/wp-json\/wp\/v2\/media\/242076"}],"wp:attachment":[{"href":"https:\/\/www.europesays.com\/es\/wp-json\/wp\/v2\/media?parent=242075"}],"wp:term":[{"taxonomy":"category","embeddable":true,"href":"https:\/\/www.europesays.com\/es\/wp-json\/wp\/v2\/categories?post=242075"},{"taxonomy":"post_tag","embeddable":true,"href":"https:\/\/www.europesays.com\/es\/wp-json\/wp\/v2\/tags?post=242075"}],"curies":[{"name":"wp","href":"https:\/\/api.w.org\/{rel}","templated":true}]}}