{"id":242092,"date":"2025-11-18T04:19:08","date_gmt":"2025-11-18T04:19:08","guid":{"rendered":"https:\/\/www.europesays.com\/es\/242092\/"},"modified":"2025-11-18T04:19:08","modified_gmt":"2025-11-18T04:19:08","slug":"fritz-gauff-espana-ya-conoce-su-duro-camino-en-la-united-cup","status":"publish","type":"post","link":"https:\/\/www.europesays.com\/es\/242092\/","title":{"rendered":"Fritz, Gauff&#8230; Espa\u00f1a ya conoce su duro camino en la United Cup"},"content":{"rendered":"<p data-gtm-element-container=\"modulo-texto-link\" class=\"paragraph\">La temporada 2025 est\u00e1 a punto de echar el cierre y ya se comienzan a desvelar detalles de la pr\u00f3xima. <strong>Arrancar\u00e1 el 2 de enero con la United Cup<\/strong>, torneo mixto por equipos que este lunes celebr\u00f3 su sorteo.<\/p>\n<p data-gtm-element-container=\"modulo-texto-link\" class=\"paragraph\"><strong>Espa\u00f1a, que competir\u00e1 con Jaume Munar y Jessica Bouzas<\/strong> como principales bazas, qued\u00f3 encuadrada en el <strong>Grupo A<\/strong>, que se jugar\u00e1 en Perth, junto a <strong>Estados Unidos y Argentina.<\/strong><\/p>\n<p data-gtm-element-container=\"modulo-texto-link\" class=\"paragraph\">Dos duros rivales con los que el combinado espa\u00f1ol buscar\u00e1 la clasificaci\u00f3n para los cuartos de final. <strong>El conjunto estadounidense presenta un aut\u00e9ntico equipazo, con Taylor Fritz y Coco Gauff<\/strong>, mientras que el cuadro albiceleste alinear\u00e1 de entrada a Sebasti\u00e1n B\u00e1ez y Solana Sierra.<\/p>\n<p>    Lee tambi\u00e9n<\/p>\n<p data-gtm-element-container=\"modulo-texto-link\" class=\"paragraph\">El torneo contar\u00e1 con un cartel de lo m\u00e1s interesante. La seis veces campeona de Grand Slam y n\u00famero 2 del mundo,<strong> Iga Swiatek, y Hubert Hurkacz liderar\u00e1n a Polonia en su cuarta participaci\u00f3n.<\/strong><\/p>\n<p data-gtm-element-container=\"modulo-texto-link\" class=\"paragraph\">El n\u00famero 3 del mundo, <strong>Alexander Zverev, encabezar\u00e1 al equipo de Alemania junto a la debutante Eva Lys<\/strong>, en busca de su segundo t\u00edtulo de la United Cup.<\/p>\n<p data-gtm-element-container=\"modulo-texto-link\" class=\"paragraph\">El equipo de Jap\u00f3n debuta este verano en el evento con la cuatro veces campeona de Grand Slam y ex n\u00famero 1 del mundo, Naomi Osaka, junto al campe\u00f3n de Wimbledon Junior 2019, Shintaro Mochizuki.<\/p>\n<blockquote class=\"twitter-tweet\" data-lang=\"es\"><p>\n<a href=\"https:\/\/twitter.com\/UnitedCupTennis\/status\/1990266767319744870\" rel=\"nofollow noopener\" target=\"_blank\">\n<\/p><\/blockquote>\n<p data-gtm-element-container=\"modulo-texto-link\" class=\"paragraph\"><strong>Italia estar\u00e1 liderada por la n\u00famero 8 del mundo y finalista de Roland Garros y Wimbledon 2024, Jasmine Paolini<\/strong>, y el joven Flavio Cobolli.<\/p>\n<p data-gtm-element-container=\"modulo-texto-link\" class=\"paragraph\">El equipo de Gran Breta\u00f1a presenta una alineaci\u00f3n renovada con el n\u00famero 10 del mundo, <strong>Jack Draper, y la campeona del US Open 2021, Emma Raducanu.<\/strong><\/p>\n<p data-gtm-element-container=\"modulo-texto-link\" class=\"paragraph\">El tres veces campe\u00f3n de Grand Slam, Stan Wawrinka, estar\u00e1 en Australia junto a la n\u00famero 11 del mundo, Belinda Bencic, para el equipo de Suiza.<\/p>\n<p data-gtm-element-container=\"modulo-texto-link\" class=\"paragraph\">El popular d\u00fao Stefanos Tsitsipas y Maria Sakkari, ambos ex n\u00famero 3 del mundo, regresan para jugar por Grecia.<\/p>\n<p data-gtm-element-container=\"modulo-texto-link\" class=\"paragraph\">El n\u00famero 8 del mundo, Felix Auger-Aliassime, y la estrella en ascenso Victoria Mboko representar\u00e1n al equipo de Canad\u00e1.<\/p>\n<p data-gtm-element-container=\"modulo-texto-link\" class=\"paragraph\">Mientras tanto, Australia, favorita local, ver\u00e1 a Alex de Minaur, n\u00famero 7 del mundo, y a Maya Joint, n\u00famero 32 del mundo, jugar con los colores verde y oro junto a Jason Kubler, Maddison Inglis, Storm Hunter y John-Patrick Smith.<\/p>\n<p data-gtm-element-container=\"modulo-texto-link\" class=\"paragraph\">Otros nombres destacados que competir\u00e1n en 2026 incluyen a la checa Barbora Krejcikova y su compa\u00f1ero de equipo Jakub Mensik, el jugador m\u00e1s joven entre los 20 mejores del mundo, adem\u00e1s del noruego Casper Ruud, n\u00famero 12 del mundo, y los chinos Zhizhen Zhang y Zhu Lin.<\/p>\n<p data-gtm-element-container=\"modulo-texto-link\" class=\"paragraph\">Lograr\u00e1n la clasificaci\u00f3n para la fase de eliminatorias, que se jugar\u00e1 en Sidney,<strong> los campeones de los seis grupos m\u00e1s los dos mejores segundos.<\/strong><\/p>\n<p><script async src=\"https:\/\/platform.twitter.com\/widgets.js\" charset=\"utf-8\"><\/script><\/p>\n","protected":false},"excerpt":{"rendered":"La temporada 2025 est\u00e1 a punto de echar el cierre y ya se comienzan a desvelar detalles de&hellip;\n","protected":false},"author":2,"featured_media":242093,"comment_status":"","ping_status":"","sticky":false,"template":"","format":"standard","meta":{"footnotes":""},"categories":[274],"tags":[168,25,24,23,167,327,326],"class_list":{"0":"post-242092","1":"post","2":"type-post","3":"status-publish","4":"format-standard","5":"has-post-thumbnail","7":"category-tenis","8":"tag-deportes","9":"tag-es","10":"tag-espana","11":"tag-spain","12":"tag-sports","13":"tag-tenis","14":"tag-tennis"},"share_on_mastodon":{"url":"https:\/\/pubeurope.com\/@es\/115568781791749471","error":""},"_links":{"self":[{"href":"https:\/\/www.europesays.com\/es\/wp-json\/wp\/v2\/posts\/242092","targetHints":{"allow":["GET"]}}],"collection":[{"href":"https:\/\/www.europesays.com\/es\/wp-json\/wp\/v2\/posts"}],"about":[{"href":"https:\/\/www.europesays.com\/es\/wp-json\/wp\/v2\/types\/post"}],"author":[{"embeddable":true,"href":"https:\/\/www.europesays.com\/es\/wp-json\/wp\/v2\/users\/2"}],"replies":[{"embeddable":true,"href":"https:\/\/www.europesays.com\/es\/wp-json\/wp\/v2\/comments?post=242092"}],"version-history":[{"count":0,"href":"https:\/\/www.europesays.com\/es\/wp-json\/wp\/v2\/posts\/242092\/revisions"}],"wp:featuredmedia":[{"embeddable":true,"href":"https:\/\/www.europesays.com\/es\/wp-json\/wp\/v2\/media\/242093"}],"wp:attachment":[{"href":"https:\/\/www.europesays.com\/es\/wp-json\/wp\/v2\/media?parent=242092"}],"wp:term":[{"taxonomy":"category","embeddable":true,"href":"https:\/\/www.europesays.com\/es\/wp-json\/wp\/v2\/categories?post=242092"},{"taxonomy":"post_tag","embeddable":true,"href":"https:\/\/www.europesays.com\/es\/wp-json\/wp\/v2\/tags?post=242092"}],"curies":[{"name":"wp","href":"https:\/\/api.w.org\/{rel}","templated":true}]}}