{"id":242094,"date":"2025-11-18T04:22:12","date_gmt":"2025-11-18T04:22:12","guid":{"rendered":"https:\/\/www.europesays.com\/es\/242094\/"},"modified":"2025-11-18T04:22:12","modified_gmt":"2025-11-18T04:22:12","slug":"el-quinteto-all-star-de-ataman","status":"publish","type":"post","link":"https:\/\/www.europesays.com\/es\/242094\/","title":{"rendered":"El quinteto \u2018all star\u2019 de Ataman"},"content":{"rendered":"<p class=\"\">La NBA sigue d\u00e1ndole vueltas a su formato del <b>All Star<\/b>. Tras los equipos elegidos por los capitanes y un amago de torneo de cuatro conjuntos y tres partidos que s\u00f3lo ha durado una temporada, la cita se transformar\u00e1 el pr\u00f3ximo febrero en Los \u00c1ngeles con <b>otro minitorneo <\/b>que reunir\u00e1 a <b>dos \u2018selecciones\u2019 <\/b>formadas por jugadores de <b>Estados Unidos<\/b> y una tercera con <b>jugadores del resto del mundo<\/b>.<\/p>\n<p class=\"\">Teniendo en cuenta que ning\u00fan estadounidense ha logrado ser el mejor del curso desde<b> James Harden en 2018<\/b>, entrar en la selecci\u00f3n formada por jugadores internacionales va a ser muy muy complicado. En las \u00faltimas siete temporadas el griego <b>Giannis Antetokounmpo <\/b>ha logrado ser el MVP en dos temporadas (2019 y 2020), el serbio <b>Nikola Jokic<\/b>, en tres (2021, 2022 y 2024); el camerun\u00e9s (aunque con pasaporte estadounidense y oro ol\u00edmpico en Par\u00eds 2024) <b>Joel Embiid<\/b> lo fue en 2023 y el canadiense <b>Shai Gilgeous-Alexander<\/b> ha sido el \u00faltimo \u2018premiado\u2019 el pasado curso.<\/p>\n<p class=\"\"><b>Ergin Ataman<\/b>, t\u00e9cnico del Panathinaikos, tiene claro qui\u00e9nes formar\u00edan su quinteto inicial en un equipo, eso s\u00ed, formado \u00fanica y exclusivamente por europeos. \u201cLo primero de todo, creo que <b>una selecci\u00f3n europea ganar\u00eda el All Star<\/b>\u201d, dijo el tambi\u00e9n seleccionador de Turqu\u00eda a<b> Arena Sport TV<\/b>. \u201cMe gustar\u00eda arrancar con <b>Giannis <\/b>(Antetokounmpo), eso seguro. <b>Alperen Sengun<\/b>, mi jugador, tambi\u00e9n. Por supuesto tambi\u00e9n estar\u00edan <b>Jokic y Doncic<\/b> y quiz\u00e1s <b>Markkanen<\/b>\u201d, a\u00f1adi\u00f3 el entrenador, que se colg\u00f3 la plata europea en el \u00faltimo Eurobasket. En la cita de este verano, tres de estos jugadores formaron el quinteto ideal del campeonato: Sengun, Doncic y Antetokounmpo. Lo completaron otros dos NBA: el MVP del Eurobasket, <b>Dennis Schr\u00f6der<\/b>, y su compa\u00f1ero con Alemania <b>Franz Wagner<\/b>. <\/p>\n<p>Misma votaci\u00f3n, pero tres equiposNoticias relacionadas<a href=\"https:\/\/as.com\/baloncesto\/euroliga\/satoransky-somos-todos-culpables-de-esta-situacion-f202511-n\/\" class=\"s_m_w _rt-16x9\" title=\"El capit\u00e1n del Bar\u00e7a habl\u00f3 antes los medios en la previa del duelo ante el Bayern de M\u00fanich de la Euroliga: \u201cNo podemos actuar como si fuese cosa de una sola persona\u201d.\" data-tb-link=\"\" rel=\"nofollow noopener\" target=\"_blank\"><img decoding=\"async\" src=\"https:\/\/www.europesays.com\/es\/wp-content\/uploads\/2025\/11\/OH32XXZDSZNYDGFPOSUOJ4B5JE.jpg\" alt=\"Satoransky: \u201cSomos todos culpables de esta situaci\u00f3n\u201d\" class=\"\" height=\"9\" width=\"16\"   loading=\"lazy\" data-tb-thumbnail=\"\"\/><\/a><a href=\"https:\/\/as.com\/baloncesto\/euroliga\/el-monaco-sancionado-por-la-euroliga-sin-poder-fichar-por-pagos-atrasados-f202511-n\/\" class=\"s_m_w _rt-16x9\" title=\"El actual subcampe\u00f3n de Europa no podr\u00e1 inscribir jugadores ni entrenadores por \u201cpagos atrasados, falta de entrega de la documentaci\u00f3n requerida y falta de cooperaci\u00f3n\u201d.\" data-tb-link=\"\" rel=\"nofollow noopener\" target=\"_blank\"><img decoding=\"async\" src=\"https:\/\/www.europesays.com\/es\/wp-content\/uploads\/2025\/11\/1763439732_671_QYGAYXK5IVKKFL4WF37GSNQZVY.jpg\" alt=\"El M\u00f3naco, sancionado por la Euroliga sin poder fichar por pagos atrasados\" class=\"\" height=\"9\" width=\"16\"   loading=\"lazy\" data-tb-thumbnail=\"\"\/><\/a><\/p>\n<p class=\"\">Como en ediciones anteriores, se seleccionar\u00e1n 24 jugadores (12 por conferencia). Los titulares ser\u00e1n elegidos por los <b>aficionados <\/b>(su voto vale el 50%), <b>jugadores <\/b>(25%) y <b>medios de comunicaci\u00f3n <\/b>(25%), aunque sin tener en cuenta sus posiciones, mientras que los entrenadores elegir\u00e1n a los suplentes. Si de esta lista no salieran 16 jugadores estadounidenses y 8 del resto del mundo, ser\u00e1 <b>Adam Silver <\/b>quien la complete hasta obtener esta cifra, por lo tanto, alg\u00fan equipo podr\u00eda tener m\u00e1s de ocho jugadores.<\/p>\n<p class=\"\"><b>\u00a1Tus opiniones importan!<\/b> Comenta en los art\u00edculos y suscr\u00edbete gratis a nuestra <a href=\"https:\/\/asfan.as.com\/newsletters\/\" target=\"_blank\" rel=\"nofollow noopener\" title=\"https:\/\/asfan.as.com\/newsletters\/\">newsletter<\/a> y a las alertas informativas en la <a href=\"https:\/\/as.com\/aplicacion-de-as-n\/\" target=\"_blank\" rel=\"nofollow noopener\" title=\"https:\/\/as.com\/aplicacion-de-as-n\/\">App<\/a> o el canal de <a href=\"https:\/\/www.whatsapp.com\/channel\/0029VaAasdA7j6g745nz9M10\" target=\"_blank\" rel=\"nofollow noopener\" title=\"https:\/\/www.whatsapp.com\/channel\/0029VaAasdA7j6g745nz9M10\">WhatsApp<\/a>. \u00bfBuscas licenciar contenido? Haz clic <a href=\"https:\/\/profesional.elpais.com\/soluciones-sindicacion?utm_medium=interno&amp;utm_source=crosslinking&amp;utm_campaign=sindicacion_as_pie_articulos\" target=\"_blank\" rel=\"nofollow noopener\" title=\"https:\/\/profesional.elpais.com\/soluciones-sindicacion?utm_medium=interno&amp;utm_source=crosslinking&amp;utm_campaign=sindicacion_as_pie_articulos\">aqu\u00ed<\/a><\/p>\n","protected":false},"excerpt":{"rendered":"La NBA sigue d\u00e1ndole vueltas a su formato del All Star. Tras los equipos elegidos por los capitanes&hellip;\n","protected":false},"author":2,"featured_media":242095,"comment_status":"","ping_status":"","sticky":false,"template":"","format":"standard","meta":{"footnotes":""},"categories":[269],"tags":[299,298,168,25,24,23,167],"class_list":{"0":"post-242094","1":"post","2":"type-post","3":"status-publish","4":"format-standard","5":"has-post-thumbnail","7":"category-baloncesto","8":"tag-baloncesto","9":"tag-basketball","10":"tag-deportes","11":"tag-es","12":"tag-espana","13":"tag-spain","14":"tag-sports"},"share_on_mastodon":{"url":"https:\/\/pubeurope.com\/@es\/115568794372598361","error":""},"_links":{"self":[{"href":"https:\/\/www.europesays.com\/es\/wp-json\/wp\/v2\/posts\/242094","targetHints":{"allow":["GET"]}}],"collection":[{"href":"https:\/\/www.europesays.com\/es\/wp-json\/wp\/v2\/posts"}],"about":[{"href":"https:\/\/www.europesays.com\/es\/wp-json\/wp\/v2\/types\/post"}],"author":[{"embeddable":true,"href":"https:\/\/www.europesays.com\/es\/wp-json\/wp\/v2\/users\/2"}],"replies":[{"embeddable":true,"href":"https:\/\/www.europesays.com\/es\/wp-json\/wp\/v2\/comments?post=242094"}],"version-history":[{"count":0,"href":"https:\/\/www.europesays.com\/es\/wp-json\/wp\/v2\/posts\/242094\/revisions"}],"wp:featuredmedia":[{"embeddable":true,"href":"https:\/\/www.europesays.com\/es\/wp-json\/wp\/v2\/media\/242095"}],"wp:attachment":[{"href":"https:\/\/www.europesays.com\/es\/wp-json\/wp\/v2\/media?parent=242094"}],"wp:term":[{"taxonomy":"category","embeddable":true,"href":"https:\/\/www.europesays.com\/es\/wp-json\/wp\/v2\/categories?post=242094"},{"taxonomy":"post_tag","embeddable":true,"href":"https:\/\/www.europesays.com\/es\/wp-json\/wp\/v2\/tags?post=242094"}],"curies":[{"name":"wp","href":"https:\/\/api.w.org\/{rel}","templated":true}]}}