{"id":242096,"date":"2025-11-18T04:23:09","date_gmt":"2025-11-18T04:23:09","guid":{"rendered":"https:\/\/www.europesays.com\/es\/242096\/"},"modified":"2025-11-18T04:23:09","modified_gmt":"2025-11-18T04:23:09","slug":"el-malaga-cf-destituira-a-sergio-pellicer","status":"publish","type":"post","link":"https:\/\/www.europesays.com\/es\/242096\/","title":{"rendered":"El M\u00e1laga CF destituir\u00e1 a Sergio Pellicer"},"content":{"rendered":"<p>\t\tCompartir esta publicaci\u00f3n\t\t\t\t\t<\/p>\n<p>Se acab\u00f3 lo que se daba. <strong>Sergio Pellicer est\u00e1 fuera del M\u00e1laga CF tras una derrota m\u00e1s<\/strong>. Hoy, en el Reino de Le\u00f3n, <a href=\"https:\/\/www.merchanendirecto.es\/portada\/cronica-cultural-leones-a-pellicer\/\" target=\"_blank\" rel=\"noopener nofollow\">el M\u00e1laga CF sucumbi\u00f3 ante la <strong>Cultural y Deportiva Leonesa<\/strong><\/a> en el encuentro relativo a la 14\u00aa jornada por la m\u00ednima (1-0) gracias al solitario tanto de <strong>Lucas Ribeiro<\/strong> en el 39\u2032. Este resultado pone en al entrenador en una <strong>situaci\u00f3n insalvable<\/strong>. El equipo de Martiricos queda ubicado en la <strong>18\u00aa posici\u00f3n con 15 puntos<\/strong>, al l\u00edmite de la permanencia con los mismos puntos que el Granada CF. El <a href=\"http:\/\/malagacf.com\" target=\"_blank\" rel=\"noopener nofollow\">M\u00e1laga CF<\/a> destituir\u00e1 a Sergio Pellicer.<\/p>\n<p><strong>Pellicer no seguir\u00e1 en el M\u00e1laga CF<\/strong><\/p>\n<p>No ser\u00e1 esta noche. Tal y como puede adelantar <strong>Radio MARCA M\u00e1laga<\/strong>, la expedici\u00f3n malaguista har\u00e1 noche lejos de la capital de la Costa del Sol y ma\u00f1ana pondr\u00e1n rumbo directamente hacia La Rosaleda durante el transcurso de la ma\u00f1ana. <strong>Al mediod\u00eda, cuando lleguen al estadio de Martiricos, el director deportivo comunicar\u00e1 al entrenador la decisi\u00f3n de relevarle de su cargo y la entidad informar\u00e1 de forma oficial de dicho cese a trav\u00e9s de un comunicado.\u00a0 <\/strong>El entrenador malacitano se ha retirado del verde del Reino de Le\u00f3n con un mensaje muy claro hacia los desplazados: \u00ab<strong>Cuidad a los chicos<\/strong>\u00bb haciendo referencia al vestuario.<\/p>\n<p class=\"auto-featured-caption\">Foto: LaLiga<\/p>\n","protected":false},"excerpt":{"rendered":"Compartir esta publicaci\u00f3n Se acab\u00f3 lo que se daba. Sergio Pellicer est\u00e1 fuera del M\u00e1laga CF tras una&hellip;\n","protected":false},"author":2,"featured_media":242097,"comment_status":"","ping_status":"","sticky":false,"template":"","format":"standard","meta":{"footnotes":""},"categories":[268],"tags":[168,25,24,280,282,281,23,167],"class_list":{"0":"post-242096","1":"post","2":"type-post","3":"status-publish","4":"format-standard","5":"has-post-thumbnail","7":"category-futbol","8":"tag-deportes","9":"tag-es","10":"tag-espana","11":"tag-football","12":"tag-futbol","13":"tag-soccer","14":"tag-spain","15":"tag-sports"},"share_on_mastodon":{"url":"https:\/\/pubeurope.com\/@es\/115568797560528681","error":""},"_links":{"self":[{"href":"https:\/\/www.europesays.com\/es\/wp-json\/wp\/v2\/posts\/242096","targetHints":{"allow":["GET"]}}],"collection":[{"href":"https:\/\/www.europesays.com\/es\/wp-json\/wp\/v2\/posts"}],"about":[{"href":"https:\/\/www.europesays.com\/es\/wp-json\/wp\/v2\/types\/post"}],"author":[{"embeddable":true,"href":"https:\/\/www.europesays.com\/es\/wp-json\/wp\/v2\/users\/2"}],"replies":[{"embeddable":true,"href":"https:\/\/www.europesays.com\/es\/wp-json\/wp\/v2\/comments?post=242096"}],"version-history":[{"count":0,"href":"https:\/\/www.europesays.com\/es\/wp-json\/wp\/v2\/posts\/242096\/revisions"}],"wp:featuredmedia":[{"embeddable":true,"href":"https:\/\/www.europesays.com\/es\/wp-json\/wp\/v2\/media\/242097"}],"wp:attachment":[{"href":"https:\/\/www.europesays.com\/es\/wp-json\/wp\/v2\/media?parent=242096"}],"wp:term":[{"taxonomy":"category","embeddable":true,"href":"https:\/\/www.europesays.com\/es\/wp-json\/wp\/v2\/categories?post=242096"},{"taxonomy":"post_tag","embeddable":true,"href":"https:\/\/www.europesays.com\/es\/wp-json\/wp\/v2\/tags?post=242096"}],"curies":[{"name":"wp","href":"https:\/\/api.w.org\/{rel}","templated":true}]}}