{"id":242100,"date":"2025-11-18T04:25:13","date_gmt":"2025-11-18T04:25:13","guid":{"rendered":"https:\/\/www.europesays.com\/es\/242100\/"},"modified":"2025-11-18T04:25:13","modified_gmt":"2025-11-18T04:25:13","slug":"un-atico-de-80-m2-en-valencia-sin-excesos-y-con-alma-japonesa","status":"publish","type":"post","link":"https:\/\/www.europesays.com\/es\/242100\/","title":{"rendered":"un \u00e1tico de 80 m2 en Valencia sin excesos y con alma japonesa"},"content":{"rendered":"<p data-end=\"1155\" data-start=\"726\">\u00abAunque para concebir el proyecto tomamos inspiraci\u00f3n del minimalismo japon\u00e9s y de figuras como <a href=\"https:\/\/www.arquitecturaydiseno.es\/arquitectura\/tadao-ando-arquitecto-que-nunca-estudio-arquitectura-me-despedian-por-mi-obstinacion-mal-genio_12226\" rel=\"nofollow noopener\" target=\"_blank\">Tadao Ando<\/a>, no buscamos una r\u00e9plica formal, sino una reinterpretaci\u00f3n en clave mediterr\u00e1nea\u00bb, explican los socios y fundadores de <a href=\"https:\/\/fosstudio.es\/\" rel=\"nofollow noopener\" target=\"_blank\"><strong>Fos Studio<\/strong><\/a>,\u00a0<strong>V\u00edctor For\u00e9s y Mar\u00eda Fos<\/strong>, comentando la reciente reforma de su propia vivienda, un \u00e1tico en la localidad valenciana de Sueca.\u00a0Ubicado en lo alto de un edificio con <a href=\"https:\/\/www.arquitecturaydiseno.es\/casas\/esta-casa-brutalista-hace-ladrillo-su-sena-identidad-gran-resultado-estetico-mucha-personalidad_7670\" rel=\"nofollow noopener\" target=\"_blank\">fachada de ladrillo caravista<\/a>, la vivienda se convierte en una declaraci\u00f3n \u00edntima de los valores de los dise\u00f1adores: la b\u00fasqueda de lo esencial, la materia honesta, la luz como atm\u00f3sfera y el equilibrio silencioso entre tradici\u00f3n y contemporaneidad.\u00a0\u00abEste <a href=\"https:\/\/www.arquitecturaydiseno.es\/casas\/como-atico-deteriorado-se-transformo-espacio-moderno-alma_12381\" rel=\"nofollow noopener\" target=\"_blank\">\u00e1tico<\/a> es, ante todo, una declaraci\u00f3n personal, una forma de habitar desde el silencio, de proyectar sin exceso y de celebrar la belleza que habita en lo tenue\u00bb, resumen los autores. \u00abNuestra casa, s\u00ed, pero tambi\u00e9n una s\u00edntesis de <strong>nuestra filosof\u00eda como dise\u00f1adores<\/strong>: crear espacios donde cada decisi\u00f3n \u2014formal, material, lum\u00ednica\u2014 est\u00e1 al servicio de una experiencia habitable que pone en valor el tiempo, la calma y la belleza de lo esencial\u00bb.\u00a0<\/p>\n<p data-end=\"1155\" data-start=\"726\">La luz tamizada \u2014inspirada en El elogio de la sombra de Tanizaki\u2014, la textura mineral del microcemento y la calidez de la madera natural componen una atm\u00f3sfera de introspecci\u00f3n, equilibrio y tiempo pausado.\u00a0La paleta material es sobria pero expresiva: cementino de Rimadesio, madera natural y cer\u00e1micas artesanales de peque\u00f1o formato que dialogan entre interior y exterior. Los tonos neutros y las texturas suaves construyen una continuidad visual donde el tacto cobra protagonismo.\u00a0A su vez, la terraza se ha concebido una <strong>extensi\u00f3n natural de la vivienda<\/strong>: un escenario de calma que contin\u00faa el mismo lenguaje material.<\/p>\n","protected":false},"excerpt":{"rendered":"\u00abAunque para concebir el proyecto tomamos inspiraci\u00f3n del minimalismo japon\u00e9s y de figuras como Tadao Ando, no buscamos&hellip;\n","protected":false},"author":2,"featured_media":242101,"comment_status":"","ping_status":"","sticky":false,"template":"","format":"standard","meta":{"footnotes":""},"categories":[173],"tags":[229,233,231,230,232,234,146,147,25,24,23],"class_list":{"0":"post-242100","1":"post","2":"type-post","3":"status-publish","4":"format-standard","5":"has-post-thumbnail","7":"category-arte-y-diseno","8":"tag-arte","9":"tag-arte-y-diseno","10":"tag-arts","11":"tag-arts-and-design","12":"tag-design","13":"tag-diseno","14":"tag-entertainment","15":"tag-entretenimiento","16":"tag-es","17":"tag-espana","18":"tag-spain"},"share_on_mastodon":{"url":"https:\/\/pubeurope.com\/@es\/115568805362897646","error":""},"_links":{"self":[{"href":"https:\/\/www.europesays.com\/es\/wp-json\/wp\/v2\/posts\/242100","targetHints":{"allow":["GET"]}}],"collection":[{"href":"https:\/\/www.europesays.com\/es\/wp-json\/wp\/v2\/posts"}],"about":[{"href":"https:\/\/www.europesays.com\/es\/wp-json\/wp\/v2\/types\/post"}],"author":[{"embeddable":true,"href":"https:\/\/www.europesays.com\/es\/wp-json\/wp\/v2\/users\/2"}],"replies":[{"embeddable":true,"href":"https:\/\/www.europesays.com\/es\/wp-json\/wp\/v2\/comments?post=242100"}],"version-history":[{"count":0,"href":"https:\/\/www.europesays.com\/es\/wp-json\/wp\/v2\/posts\/242100\/revisions"}],"wp:featuredmedia":[{"embeddable":true,"href":"https:\/\/www.europesays.com\/es\/wp-json\/wp\/v2\/media\/242101"}],"wp:attachment":[{"href":"https:\/\/www.europesays.com\/es\/wp-json\/wp\/v2\/media?parent=242100"}],"wp:term":[{"taxonomy":"category","embeddable":true,"href":"https:\/\/www.europesays.com\/es\/wp-json\/wp\/v2\/categories?post=242100"},{"taxonomy":"post_tag","embeddable":true,"href":"https:\/\/www.europesays.com\/es\/wp-json\/wp\/v2\/tags?post=242100"}],"curies":[{"name":"wp","href":"https:\/\/api.w.org\/{rel}","templated":true}]}}