{"id":242104,"date":"2025-11-18T04:29:29","date_gmt":"2025-11-18T04:29:29","guid":{"rendered":"https:\/\/www.europesays.com\/es\/242104\/"},"modified":"2025-11-18T04:29:29","modified_gmt":"2025-11-18T04:29:29","slug":"el-primer-trailer-de-toy-story-5-plantea-una-pregunta-inquietante-mientras-muestra-la-mayor-amenaza-de-los-juguetes","status":"publish","type":"post","link":"https:\/\/www.europesays.com\/es\/242104\/","title":{"rendered":"El primer tr\u00e1iler de Toy Story 5 plantea una pregunta inquietante mientras muestra la mayor amenaza de los juguetes"},"content":{"rendered":"<p>Queda menos de un a\u00f1o para ver una nueva entrega de Toy Story en los cines. Mientras esperas, puedes disfrutar del <strong>primer tr\u00e1iler oficial<\/strong> de la pel\u00edcula.<\/p>\n<p>El primer tr\u00e1iler oficial de Toy Story 5 se centra en la llegada de esa tablet, bautizada como <strong>Lilypad<\/strong>, a la casa de Bonnie. Los juguetes no parecen muy contentos con la reci\u00e9n llegada&#8230;<\/p>\n<p>Toy Story 5 tambi\u00e9n ha regresado con un p\u00f3ster<\/p>\n<p>\u00abEste nuevo dispositivo har\u00e1 que el trabajo de Buzz, Woody, Jessie y el resto del grupo sea mucho m\u00e1s dif\u00edcil, cuando deban enfrentarse cara a cara con <strong>una nueva amenaza para el tiempo de juego<\/strong>\u00ab, reza la sinopsis oficial sobre Lilypad, el dispositivo tecnol\u00f3gico que cuenta con la voz de <strong>Greta Lee<\/strong> (Vidas pasadas).<\/p>\n<p>El reparto tambi\u00e9n cuenta con el <strong>regreso <\/strong>de Tom Hanks como Woody, Tim Allen como Buzz Lightyear y Joan Cusack como Jessie. Conan O&#8217;Brien, de Vanilla Sky, se ha unido a ellos <a href=\"https:\/\/es.ign.com\/toy-story-5-1\/216524\/news\/toy-story-5-confirma-un-nuevo-miembro-para-el-reparto\" rel=\"nofollow noopener\" target=\"_blank\">como el juguete tecnol\u00f3gico <strong>Smarty Pants<\/strong><\/a>. Toy Story 5 ha sido dirigida por Andrew Stanton y Kenna Harris.<\/p>\n<p>Si el tr\u00e1iler te ha dejado con ganas de m\u00e1s, hay otra sorpresa. Pixar comparti\u00f3 ayer en las redes sociales un <strong>p\u00f3ster oficial<\/strong> de Toy Story 5. Muestra a los protagonistas, Buzz Lightyear, Woody y Jessie, mirando su reflejo en la pantalla de Lilypad.<\/p>\n<p><img decoding=\"async\" alt=\"\" class=\"image screenshot\" data-position=\"0\" src=\"https:\/\/www.europesays.com\/es\/wp-content\/uploads\/2025\/11\/image_5qpm.png\"  viewbox=\"0 0 16 9\"\/><br \/>\np\u00f3ster oficial de toy story 5 (cr\u00e9ditos: disney y pixar)<\/p>\n<p><strong>Toy Story 5 se estrena en cines el 19 de junio de 2026<\/strong>. Para m\u00e1s informaci\u00f3n, descubre <a href=\"https:\/\/es.ign.com\/pixar\/221402\/news\/todas-las-peliculas-que-pixar-estrenara-proximamente\" rel=\"nofollow noopener\" target=\"_blank\">qu\u00e9 otras pel\u00edculas presentar\u00e1 Pixar pr\u00f3ximamente<\/a>.<\/p>\n","protected":false},"excerpt":{"rendered":"Queda menos de un a\u00f1o para ver una nueva entrega de Toy Story en los cines. Mientras esperas,&hellip;\n","protected":false},"author":2,"featured_media":242105,"comment_status":"","ping_status":"","sticky":false,"template":"","format":"standard","meta":{"footnotes":""},"categories":[169],"tags":[177,146,147,25,24,176,175,23],"class_list":{"0":"post-242104","1":"post","2":"type-post","3":"status-publish","4":"format-standard","5":"has-post-thumbnail","7":"category-cine","8":"tag-cine","9":"tag-entertainment","10":"tag-entretenimiento","11":"tag-es","12":"tag-espana","13":"tag-film","14":"tag-movies","15":"tag-spain"},"share_on_mastodon":{"url":"https:\/\/pubeurope.com\/@es\/115568821536403825","error":""},"_links":{"self":[{"href":"https:\/\/www.europesays.com\/es\/wp-json\/wp\/v2\/posts\/242104","targetHints":{"allow":["GET"]}}],"collection":[{"href":"https:\/\/www.europesays.com\/es\/wp-json\/wp\/v2\/posts"}],"about":[{"href":"https:\/\/www.europesays.com\/es\/wp-json\/wp\/v2\/types\/post"}],"author":[{"embeddable":true,"href":"https:\/\/www.europesays.com\/es\/wp-json\/wp\/v2\/users\/2"}],"replies":[{"embeddable":true,"href":"https:\/\/www.europesays.com\/es\/wp-json\/wp\/v2\/comments?post=242104"}],"version-history":[{"count":0,"href":"https:\/\/www.europesays.com\/es\/wp-json\/wp\/v2\/posts\/242104\/revisions"}],"wp:featuredmedia":[{"embeddable":true,"href":"https:\/\/www.europesays.com\/es\/wp-json\/wp\/v2\/media\/242105"}],"wp:attachment":[{"href":"https:\/\/www.europesays.com\/es\/wp-json\/wp\/v2\/media?parent=242104"}],"wp:term":[{"taxonomy":"category","embeddable":true,"href":"https:\/\/www.europesays.com\/es\/wp-json\/wp\/v2\/categories?post=242104"},{"taxonomy":"post_tag","embeddable":true,"href":"https:\/\/www.europesays.com\/es\/wp-json\/wp\/v2\/tags?post=242104"}],"curies":[{"name":"wp","href":"https:\/\/api.w.org\/{rel}","templated":true}]}}