{"id":242106,"date":"2025-11-18T04:30:09","date_gmt":"2025-11-18T04:30:09","guid":{"rendered":"https:\/\/www.europesays.com\/es\/242106\/"},"modified":"2025-11-18T04:30:09","modified_gmt":"2025-11-18T04:30:09","slug":"laporte-la-roca-de-luis-de-la-fuente-que-escapo-de-arabia-futbol-deportes","status":"publish","type":"post","link":"https:\/\/www.europesays.com\/es\/242106\/","title":{"rendered":"Laporte, la roca de Luis de la Fuente que escap\u00f3 de Arabia | F\u00fatbol | Deportes"},"content":{"rendered":"<p class=\"\">Cuando Aymeric Laporte (Agen, Francia; 31 a\u00f1os) consigui\u00f3 regresar por fin el pasado octubre a la selecci\u00f3n espa\u00f1ola despu\u00e9s de casi un a\u00f1o de ausencia, lleg\u00f3 con algo que le conectaba a <a href=\"https:\/\/elpais.com\/deportes\/eurocopa-futbol\/2024-07-14\/otra-espana-gloriosa-para-sonar.html\" target=\"_self\" rel=\"nofollow noopener\" title=\"https:\/\/elpais.com\/deportes\/eurocopa-futbol\/2024-07-14\/otra-espana-gloriosa-para-sonar.html\">la Eurocopa que gan\u00f3 con la Roja en el verano de 2024 en Alemania<\/a>, uno de los momentos m\u00e1s felices de su carrera. Apareci\u00f3 un mi\u00e9rcoles por la noche en la Ciudad del F\u00fatbol de Las Rozas con las gafas de cristales amarillos que \u00c1lvaro Morata regal\u00f3 en la parte final del torneo a todo el equipo y a varios empleados de la federaci\u00f3n. Aunque por la hora, y siguiendo las explicaciones de Marcos Llorente, tal vez habr\u00eda tenido que llevar las de cristales rojos, que tambi\u00e9n les regal\u00f3 el capit\u00e1n.<\/p>\n<p class=\"\">Aquella llegada nocturna a la residencia, donde le recibi\u00f3 el abrazo de Luis de la Fuente, era el final de un viaje largu\u00edsimo y enrevesado en el que su carrera pareci\u00f3 haber encallado en Arabia Saud\u00ed. Hasta que logr\u00f3 escapar de Riad al Athletic de Bilbao, y de ah\u00ed a reengancharse a una selecci\u00f3n imparable que este martes en La Cartuja de Sevilla (20.45, La1) puede igualar contra Turqu\u00eda el r\u00e9cord hist\u00f3rico de 31 partidos de competici\u00f3n seguidos sin perder de Italia. Tambi\u00e9n, salvo derrota por al menos siete goles de diferencia, ser\u00e1 la noche en la que quede certificada la clasificaci\u00f3n de Espa\u00f1a para el Mundial del pr\u00f3ximo verano en EE UU, Canad\u00e1 y M\u00e9xico.<\/p>\n<p class=\"\">El encuentro, que depende de c\u00f3mo se mire puede parecer poco, por lo muy improbable de un 0-7, para De la Fuente es mucho: \u201cAfrontamos este partido con una excepcional responsabilidad por muchos motivos\u201d, explic\u00f3 este lunes en La Cartuja, donde no pudieron entrenarse por las copiosas lluvias de los \u00faltimos d\u00edas. Lo hicieron en el S\u00e1nchez Pizju\u00e1n. \u201cPor prestigio. Por poner en valor lo que hemos conseguido: somos primeros del mundo y queremos seguir si\u00e9ndolo, y adem\u00e1s seguir si\u00e9ndolo con autoridad\u201d.<\/p>\n<p class=\"\">En ese camino, resulta esencial el rescate de Laporte, una de las voces con m\u00e1s autoridad del vestuario, seg\u00fan fuentes de la federaci\u00f3n. Un tipo anal\u00edtico y exigente, inconformista incluso en los d\u00edas pl\u00e1cidos, siempre alerta con los riesgos de la comodidad. Tambi\u00e9n una de las rocas sobre las que se asienta el sistema de Luis de la Fuente. \u201cEn alguna ocasi\u00f3n llegu\u00e9 a decir despu\u00e9s de la Eurocopa que era el mejor jugador en su posici\u00f3n\u201d, record\u00f3 este lunes el t\u00e9cnico. \u201cPara nuestra idea, para nuestro estilo, nos ofrece una gran salida de bal\u00f3n, es capaz de filtrar pases y adem\u00e1s tiene tambi\u00e9n una gran jerarqu\u00eda en la fase defensiva. Marca mucho la l\u00ednea, tiene mucha trascendencia en la comunicaci\u00f3n con el resto de los compa\u00f1eros. Ayme es uno de los centrales que desarrolla ese concepto de manera perfecta para nosotros. T\u00e9cnicamente es excepcional. Es un lujo tener un futbolista de estas caracter\u00edsticas\u201d.<\/p>\n<p class=\"\">Desde que volvi\u00f3 en la anterior ventana por la baja de Huijsen, ha disputado dos partidos como titular y en ambos fue el jugador del partido con m\u00e1s pases completados, seg\u00fan Opta: <a href=\"https:\/\/elpais.com\/deportes\/futbol\/2025-10-14\/poderio-de-record-de-espana-vence-a-bulgaria-e-iguala-la-marca-de-del-bosque-con-29-partidos-seguidos-invicta.html\" target=\"_self\" rel=\"nofollow noopener\" title=\"https:\/\/elpais.com\/deportes\/futbol\/2025-10-14\/poderio-de-record-de-espana-vence-a-bulgaria-e-iguala-la-marca-de-del-bosque-con-29-partidos-seguidos-invicta.html\">127 contra Bulgaria en octubre<\/a>, por delante de los 101 de Pedri y 101 el s\u00e1bado contra Georgia, por delante de los 95 de Cubars\u00ed. Antes de su laguna de meses, en su \u00faltimo compromiso con Espa\u00f1a, en noviembre de 2024 contra Dinamarca en la Nations, tambi\u00e9n fue el primero con 63. Y entonces desapareci\u00f3.<\/p>\n<p class=\"\">Se perdi\u00f3 por una lesi\u00f3n con el Al Nassr la siguiente convocatoria, para la eliminatoria de cuartos de final de la Nations contra Pa\u00edses Bajos, los d\u00edas de la explosi\u00f3n de Dean Huijsen, a\u00fan en el Bournemouth. Tambi\u00e9n falt\u00f3 en junio a los partidos por el t\u00edtulo, aunque s\u00ed acompa\u00f1\u00f3 al equipo de paisano en la final perdida en los penaltis contra Portugal.<\/p>\n<p class=\"\">De la Fuente siempre lo ha considerado uno de los suyos, su primer central si se encuentra en condiciones, precisamente la raz\u00f3n por la que no pudo contar con \u00e9l en la ventana de septiembre, cuando empez\u00f3 la clasificaci\u00f3n para el Mundial. Laporte llevaba tiempo tanteando una salida de Arabia Saud\u00ed, adonde lleg\u00f3 en agosto de 2023 y donde pronto se sinti\u00f3 inc\u00f3modo. Este verano el Al Nassr acept\u00f3 10 millones del Athletic por su traspaso, pero cuando todo estaba acordado demor\u00f3 la entrega de parte de la documentaci\u00f3n y la FIFA paraliz\u00f3 la operaci\u00f3n. El 3 de septiembre, Laporte se vio en el limbo. Se hab\u00eda trasladado ya a Bilbao, pero se encontr\u00f3 inmerso en un litigio que termin\u00f3 resolviendo el 11 a su favor la C\u00e1mara de Disputas de la FIFA.<\/p>\n<p class=\"\"><a href=\"https:\/\/elpais.com\/deportes\/futbol\/2025-09-11\/la-fifa-permite-la-inscripcion-fuera-de-plazo-de-laporte-por-el-athletic.html\" target=\"_self\" rel=\"nofollow noopener\" title=\"https:\/\/elpais.com\/deportes\/futbol\/2025-09-11\/la-fifa-permite-la-inscripcion-fuera-de-plazo-de-laporte-por-el-athletic.html\">Cuando se incorpor\u00f3 al Athletic<\/a> llevaba sin jugar un partido de alta competici\u00f3n desde abril y unos cuantos d\u00edas ejercit\u00e1ndose por su cuenta en Bilbao a la espera de una resoluci\u00f3n. Se prob\u00f3 primero 26 minutos contra el Valencia el 20 de septiembre y fue cogiendo rodaje a las \u00f3rdenes de Ernesto Valverde. A\u00fan no se hab\u00eda afinado del todo, pero De la Fuente ech\u00f3 mano de \u00e9l en octubre cuando tuvo que desconvocar a Huijsen por una sobrecarga. No le dio dorsal en el primer duelo de aquella ventana, contra Georgia en Elche, pero s\u00ed lo aline\u00f3 como titular tres d\u00edas despu\u00e9s en Valladolid con el n\u00famero 10 contra Bulgaria. Se hab\u00eda reenganchado y el s\u00e1bado pasado volvi\u00f3 a ser titular contra Georgia en Tiflis, esta vez ya con su 14 habitual. Esta noche, pese a que ya est\u00e1 hecho casi todo, lo normal es que Laporte vuelva a ser la roca sobre la que se levanta el sistema. \u201cNo habr\u00e1 revoluci\u00f3n\u201d, anunci\u00f3 este lunes De la Fuente sobre el posible once contra Turqu\u00eda.<\/p>\n","protected":false},"excerpt":{"rendered":"Cuando Aymeric Laporte (Agen, Francia; 31 a\u00f1os) consigui\u00f3 regresar por fin el pasado octubre a la selecci\u00f3n espa\u00f1ola&hellip;\n","protected":false},"author":2,"featured_media":242107,"comment_status":"","ping_status":"","sticky":false,"template":"","format":"standard","meta":{"footnotes":""},"categories":[93],"tags":[8434,2182,2204,1540,33709,168,1539,25,24,282,1538,35718,32463,32867,62265,23,167],"class_list":{"0":"post-242106","1":"post","2":"type-post","3":"status-publish","4":"format-standard","5":"has-post-thumbnail","7":"category-deportes","8":"tag-al-nassr-fc","9":"tag-athletic","10":"tag-aymeric-laporte","11":"tag-competiciones","12":"tag-dean-huijsen","13":"tag-deportes","14":"tag-entrenadores","15":"tag-es","16":"tag-espana","17":"tag-futbol","18":"tag-futbolistas","19":"tag-luis-de-la-fuente","20":"tag-mundial-2026","21":"tag-seleccion-espanola-futbol","22":"tag-seleccion-futbol-turquia","23":"tag-spain","24":"tag-sports"},"share_on_mastodon":{"url":"https:\/\/pubeurope.com\/@es\/115568825173262591","error":""},"_links":{"self":[{"href":"https:\/\/www.europesays.com\/es\/wp-json\/wp\/v2\/posts\/242106","targetHints":{"allow":["GET"]}}],"collection":[{"href":"https:\/\/www.europesays.com\/es\/wp-json\/wp\/v2\/posts"}],"about":[{"href":"https:\/\/www.europesays.com\/es\/wp-json\/wp\/v2\/types\/post"}],"author":[{"embeddable":true,"href":"https:\/\/www.europesays.com\/es\/wp-json\/wp\/v2\/users\/2"}],"replies":[{"embeddable":true,"href":"https:\/\/www.europesays.com\/es\/wp-json\/wp\/v2\/comments?post=242106"}],"version-history":[{"count":0,"href":"https:\/\/www.europesays.com\/es\/wp-json\/wp\/v2\/posts\/242106\/revisions"}],"wp:featuredmedia":[{"embeddable":true,"href":"https:\/\/www.europesays.com\/es\/wp-json\/wp\/v2\/media\/242107"}],"wp:attachment":[{"href":"https:\/\/www.europesays.com\/es\/wp-json\/wp\/v2\/media?parent=242106"}],"wp:term":[{"taxonomy":"category","embeddable":true,"href":"https:\/\/www.europesays.com\/es\/wp-json\/wp\/v2\/categories?post=242106"},{"taxonomy":"post_tag","embeddable":true,"href":"https:\/\/www.europesays.com\/es\/wp-json\/wp\/v2\/tags?post=242106"}],"curies":[{"name":"wp","href":"https:\/\/api.w.org\/{rel}","templated":true}]}}