{"id":242108,"date":"2025-11-18T04:31:09","date_gmt":"2025-11-18T04:31:09","guid":{"rendered":"https:\/\/www.europesays.com\/es\/242108\/"},"modified":"2025-11-18T04:31:09","modified_gmt":"2025-11-18T04:31:09","slug":"sanidade-calcula-que-alcanzara-su-pico-en-plenas-navidades","status":"publish","type":"post","link":"https:\/\/www.europesays.com\/es\/242108\/","title":{"rendered":"Sanidade calcula que alcanzar\u00e1 su pico en plenas Navidades"},"content":{"rendered":"<p>\t\t\t\t\t\tLas consultas en atenci\u00f3n primaria aumentaron un 64 % en solo una semana. Galicia ya est\u00e1 en onda epid\u00e9mica<br \/>\n\t\t\t\t\t\t<strong>18 nov 2025<\/strong> . Actualizado a las 05:00 h.\t\t\t\t\t\t<\/p>\n<p class=\"txt first-paragraph\">&#13;<br \/>\n    \t La gripe ha llegado inusualmente pronto este a\u00f1o a Galicia, ya oficialmente en onda epid\u00e9mica tras haber registrado la primera semana de noviembre un aumento de las consultas del 64 % con respecto a la&#13;\n\t<\/p>\n<p>&#13;<br \/>\n\t\t\t\t\tContenido exclusivo para suscriptores&#13;\n\t\t\t\t<\/p>\n<p>\t\t\t\t\tContin\u00faa leyendo con un 75% dto.<\/p>\n<p>\t\t\t\t\t\tAdel\u00e1ntate al Black Friday<br \/>\n\t\t\t\t\t\t\t\t\t\t\t\t18\u20ac\/a\u00f1o<br \/>\n\t\t\t\t\t\tSuscripci\u00f3n WEB\t\t\t\t\t\t<\/p>\n<p>\t\t\t\t\t\t<a href=\"https:\/\/elquiosco.lavozdegalicia.es\/suscripciones\/19-46-suscripcion-webapp.html?dllvdg=0003_202511G18P31992&amp;urlData=https:\/\/www.lavozdegalicia.es\/noticia\/sociedad\/2025\/11\/18\/sanidade-calcula-ano-gripe-alcanzara-pico-plenas-navidades\/0003_202511G18P31992.htm\" class=\"btn-brand btn sz-t-s no-brd t-sserif pd-h-2 btnAddToCart\" data-analytics-event=\"addToCart\" data-product-name=\"Suscripci\u00f3n WEB+APP\" data-product-price=\"18.00 \" data-product-coupon=\"2025_NOVIEMBRE_18E_WEB_ANUAL\" data-product-periodicity=\"Anual\" rel=\"nofollow noopener\" target=\"_blank\">Suscr\u00edbete <\/a>\t\t\t\t\t\t<\/p>\n<p>\t\t\t\t\t&#13;<br \/>\n\t\t\t\t\t\u00bfYa eres suscriptor? <a href=\"https:\/\/miperfil.lavozdegalicia.es\/login.jsp?url=https:\/\/www.lavozdegalicia.es\/noticia\/sociedad\/2025\/11\/18\/sanidade-calcula-ano-gripe-alcanzara-pico-plenas-navidades\/0003_202511G18P31992.htm\" class=\"c-white\" rel=\"nofollow noopener\" target=\"_blank\">Inicia sesi\u00f3n<\/a>&#13;<\/p>\n","protected":false},"excerpt":{"rendered":"Las consultas en atenci\u00f3n primaria aumentaron un 64 % en solo una semana. Galicia ya est\u00e1 en onda&hellip;\n","protected":false},"author":2,"featured_media":242109,"comment_status":"","ping_status":"","sticky":false,"template":"","format":"standard","meta":{"footnotes":""},"categories":[92],"tags":[25,24,7749,165,166,23],"class_list":{"0":"post-242108","1":"post","2":"type-post","3":"status-publish","4":"format-standard","5":"has-post-thumbnail","7":"category-salud","8":"tag-es","9":"tag-espana","10":"tag-gripe","11":"tag-health","12":"tag-salud","13":"tag-spain"},"share_on_mastodon":{"url":"https:\/\/pubeurope.com\/@es\/115568829069073448","error":""},"_links":{"self":[{"href":"https:\/\/www.europesays.com\/es\/wp-json\/wp\/v2\/posts\/242108","targetHints":{"allow":["GET"]}}],"collection":[{"href":"https:\/\/www.europesays.com\/es\/wp-json\/wp\/v2\/posts"}],"about":[{"href":"https:\/\/www.europesays.com\/es\/wp-json\/wp\/v2\/types\/post"}],"author":[{"embeddable":true,"href":"https:\/\/www.europesays.com\/es\/wp-json\/wp\/v2\/users\/2"}],"replies":[{"embeddable":true,"href":"https:\/\/www.europesays.com\/es\/wp-json\/wp\/v2\/comments?post=242108"}],"version-history":[{"count":0,"href":"https:\/\/www.europesays.com\/es\/wp-json\/wp\/v2\/posts\/242108\/revisions"}],"wp:featuredmedia":[{"embeddable":true,"href":"https:\/\/www.europesays.com\/es\/wp-json\/wp\/v2\/media\/242109"}],"wp:attachment":[{"href":"https:\/\/www.europesays.com\/es\/wp-json\/wp\/v2\/media?parent=242108"}],"wp:term":[{"taxonomy":"category","embeddable":true,"href":"https:\/\/www.europesays.com\/es\/wp-json\/wp\/v2\/categories?post=242108"},{"taxonomy":"post_tag","embeddable":true,"href":"https:\/\/www.europesays.com\/es\/wp-json\/wp\/v2\/tags?post=242108"}],"curies":[{"name":"wp","href":"https:\/\/api.w.org\/{rel}","templated":true}]}}