{"id":242116,"date":"2025-11-18T04:35:09","date_gmt":"2025-11-18T04:35:09","guid":{"rendered":"https:\/\/www.europesays.com\/es\/242116\/"},"modified":"2025-11-18T04:35:09","modified_gmt":"2025-11-18T04:35:09","slug":"felipe-gonzalez-mac-conell-biografo-kast-no-es-un-peligro-para-la-democracia-en-chile-el-mundo","status":"publish","type":"post","link":"https:\/\/www.europesays.com\/es\/242116\/","title":{"rendered":"Felipe Gonz\u00e1lez Mac-Conell, bi\u00f3grafo: &quot;Kast no es un peligro para la democracia en Chile&quot; &#8211; El Mundo"},"content":{"rendered":"<ol>\n<li><a href=\"https:\/\/news.google.com\/rss\/articles\/CBMigwFBVV95cUxNZzV4QlBLZjVvLXUwb2d5eFVkYnZ5Sk5UbTA5cUxodkJ0eGQ5OWFzdEpUSGRhb2VFbjBxMF9Td1cxQ25LSU1tTDgwTGVHMmdPRTYyZWczV2FVeFNUQlUtSFJYSjY0RVJDdlo5TkU2c1BFeVlJcXVFZHBOWFRCajZ3V3Z2b9IBgwFBVV95cUxPeWlPeVhWSnNHT2k3eF8zRFNNZkdNa2tnVmpFMW1ocUROY20yNGlWZmhjMnNxNTgwd0ZwcG9uLUNpcXBuaFFzMDlaSEE3RVB5YVhkWUxPejlpakx3U3Y0SUZ4TTlJazkxdjdYNXRxdGNySFc2WTZwTC1jSExRLWNhcG8xSQ?oc=5\" target=\"_blank\" rel=\"nofollow noopener\">Felipe Gonz\u00e1lez Mac-Conell, bi\u00f3grafo: \u00abKast no es un peligro para la democracia en Chile\u00bb<\/a>&nbsp;&nbsp;El Mundo<\/li>\n<li><a href=\"https:\/\/news.google.com\/rss\/articles\/CBMiW0FVX3lxTFBGMWpXc3ZkME55QTF0WXdMUVdaRFNLaVNFYXpaY3NXSFZvLUxCVS1Wbl9saWFUbTdKRGtHM1I1U3M5UVQwZ3Z2OFNoam1tQUVsNDJtV0J4QjhMQnc?oc=5\" target=\"_blank\" rel=\"nofollow noopener\">C\u00f3mo es la derecha que representa Jos\u00e9 Antonio Kast en Chile (y c\u00f3mo se compara con la de Trump, Milei y Bukele)<\/a>&nbsp;&nbsp;BBC<\/li>\n<li><a href=\"https:\/\/news.google.com\/rss\/articles\/CBMi3wFBVV95cUxQTVhhMEFOeWlrRUJLeUpKSXNncEpEdHg0LU1kclV3YUlqWU00U0VyLVVGdDk1VWl5RkhsT0xSTWV0Z3p0dUZaT1o1LXZFXzZOYTBNcFBVWTR2VVdyVnVRN3VtTjBEdTVrSkFHQ0JLbF9ZQ3d3dm1FMDlfbGRLcmt2OWxqX3YzcllnWDdsbTJFcHV0N2cyaUNnOXZKa1M1SUh5dFh1UnV3TktvYkZyTmlFUDljTUplZ1pUUXkzeUZCRkxvckVNM2ZOZUlsblRKWExMWm50SnN5MmVmeXktWENB?oc=5\" target=\"_blank\" rel=\"nofollow noopener\">Las propuestas de Jos\u00e9 Antonio Kast, el ultraconservador que busca llegar a La Moneda en su tercer intento<\/a>&nbsp;&nbsp;EL PA\u00cdS<\/li>\n<li><a href=\"https:\/\/news.google.com\/rss\/articles\/CBMizAFBVV95cUxQOF9paDMwNjdMeXdBaXpOQTEzRzZRWnc4UE1WSHhSTkhIMXJmZnpHVWVyWWZTQ3h2MWxHNmRXazlXcEtUZG5sWnpxM0g2a0xLclNVUHloMEphajVHYl9ZTzNxaVEzWEpQTWZqcG9uLU5DUkpwYV92MW5mbnNVTkVUclg2ZVZHTzBjMzJmbW9Fa09EVjBJM2Q1RGhpTFJHWGpGWV9VVmVFOXNINjB3RmxBNGtlamxPQTFuZElUdTV4V3MtOGpiWFFvSmpEa3Y?oc=5\" target=\"_blank\" rel=\"nofollow noopener\">Jos\u00e9 Antonio Kast, un ultra de cuna que quiere ser presidente de Chile explotando el discurso del miedo<\/a>&nbsp;&nbsp;elDiario.es<\/li>\n<li><a href=\"https:\/\/news.google.com\/rss\/articles\/CBMirAFBVV95cUxOTzJlaTlWMlI3Xzlxa1lINFVPOVdXcmVPQ3JYYnZUMnhWU0tsQTNjRXpVWUVpUXJNalE0WjEtYjMwaENmT2h3RHd6YUdSNVRHSHZrcEtNbndjUC1ZR2xVckVDcUVWU09RVmxtUjl6Qk5qU0l2Nm0tRzdkeGJEaEVtSmgyaDJLRWNDZHJJd3lWVFhmUjZ2YUhWVlBJTVJ2TV82SzJDNFNKN2hmbmt4?oc=5\" target=\"_blank\" rel=\"nofollow noopener\">Abascal afirma que los resultados de Kast en Chile son una \u00abnoticia extraordinaria\u00bb<\/a>&nbsp;&nbsp;ABC<\/li>\n<\/ol>\n","protected":false},"excerpt":{"rendered":"Felipe Gonz\u00e1lez Mac-Conell, bi\u00f3grafo: \u00abKast no es un peligro para la democracia en Chile\u00bb&nbsp;&nbsp;El Mundo C\u00f3mo es la&hellip;\n","protected":false},"author":2,"featured_media":242117,"comment_status":"","ping_status":"","sticky":false,"template":"","format":"standard","meta":{"footnotes":""},"categories":[42],"tags":[17,18,13,14,11,61,62,63,64,19,20,9,10,15,16,12,21,22,65,66,67],"class_list":{"0":"post-242116","1":"post","2":"type-post","3":"status-publish","4":"format-standard","5":"has-post-thumbnail","7":"category-internacional","8":"tag-breaking-news","9":"tag-breakingnews","10":"tag-featured-news","11":"tag-featurednews","12":"tag-headlines","13":"tag-internacional","14":"tag-international","15":"tag-international-news","16":"tag-internationalnews","17":"tag-latest-news","18":"tag-latestnews","19":"tag-news","20":"tag-noticias","21":"tag-noticias-destacadas","22":"tag-noticiasdestacadas","23":"tag-titulares","24":"tag-ultimas-noticias","25":"tag-ultimasnoticias","26":"tag-world","27":"tag-world-news","28":"tag-worldnews"},"share_on_mastodon":{"url":"https:\/\/pubeurope.com\/@es\/115568844720608096","error":""},"_links":{"self":[{"href":"https:\/\/www.europesays.com\/es\/wp-json\/wp\/v2\/posts\/242116","targetHints":{"allow":["GET"]}}],"collection":[{"href":"https:\/\/www.europesays.com\/es\/wp-json\/wp\/v2\/posts"}],"about":[{"href":"https:\/\/www.europesays.com\/es\/wp-json\/wp\/v2\/types\/post"}],"author":[{"embeddable":true,"href":"https:\/\/www.europesays.com\/es\/wp-json\/wp\/v2\/users\/2"}],"replies":[{"embeddable":true,"href":"https:\/\/www.europesays.com\/es\/wp-json\/wp\/v2\/comments?post=242116"}],"version-history":[{"count":0,"href":"https:\/\/www.europesays.com\/es\/wp-json\/wp\/v2\/posts\/242116\/revisions"}],"wp:featuredmedia":[{"embeddable":true,"href":"https:\/\/www.europesays.com\/es\/wp-json\/wp\/v2\/media\/242117"}],"wp:attachment":[{"href":"https:\/\/www.europesays.com\/es\/wp-json\/wp\/v2\/media?parent=242116"}],"wp:term":[{"taxonomy":"category","embeddable":true,"href":"https:\/\/www.europesays.com\/es\/wp-json\/wp\/v2\/categories?post=242116"},{"taxonomy":"post_tag","embeddable":true,"href":"https:\/\/www.europesays.com\/es\/wp-json\/wp\/v2\/tags?post=242116"}],"curies":[{"name":"wp","href":"https:\/\/api.w.org\/{rel}","templated":true}]}}