{"id":242122,"date":"2025-11-18T04:42:08","date_gmt":"2025-11-18T04:42:08","guid":{"rendered":"https:\/\/www.europesays.com\/es\/242122\/"},"modified":"2025-11-18T04:42:08","modified_gmt":"2025-11-18T04:42:08","slug":"alcaraz-tiene-un-pie-fuera-de-la-davis-por-sus-molestias","status":"publish","type":"post","link":"https:\/\/www.europesays.com\/es\/242122\/","title":{"rendered":"Alcaraz tiene un pie fuera de la Davis por sus molestias"},"content":{"rendered":"<p class=\"\">Nuevo giro en la situaci\u00f3n de <a href=\"https:\/\/as.com\/noticias\/carlos-alcaraz-garfia\/\" target=\"_blank\" rel=\"noreferrer nofollow noopener\" title=\"https:\/\/as.com\/noticias\/carlos-alcaraz-garfia\/\">Carlos Alcaraz<\/a> en Bolonia. El espa\u00f1ol, n\u00famero uno del mundo y l\u00edder de la Selecci\u00f3n en la Final a 8 de la Copa Davis, <b>tiene un pie fuera de la disputa de la copa del mundo de tenis<\/b> por sus molestias en el isquiotibial de la pierna derecha. El Partidazo de COPE asegur\u00f3 en la noche del lunes que Alcaraz no ser\u00e1 de la partida esta semana en la Fiera di Bologna, y <b>AS pudo saber que en las \u00faltimas horas ha habido un cambio de opini\u00f3n<\/b> en el entorno del jugador, que inicialmente quer\u00eda que el tenista se probase el mi\u00e9rcoles, pero que ahora apuesta por no asumir riesgos ante las posibilidades de que Carlitos fuerce y termine por romperse.<\/p>\n<p class=\"\">La <a href=\"https:\/\/as.com\/tenis\/alcaraz-tiene-una-sobrecarga-y-no-entrenara-este-martes-f202511-n\/\" target=\"_blank\" rel=\"noreferrer nofollow noopener\" title=\"https:\/\/as.com\/tenis\/alcaraz-tiene-una-sobrecarga-y-no-entrenara-este-martes-f202511-n\/\">jornada del lunes fue fren\u00e9tica<\/a> en la ciudad del norte de Italia, donde est\u00e1 concentrado un equipo espa\u00f1ol que <b>debuta en cuartos de final el jueves frente a Chequia<\/b> (10:00, M+). Las alarmas saltaron en el d\u00eda previo por las molestias con las que acab\u00f3 Alcaraz su duelo por el t\u00edtulo en las ATP Finals frente a Jannik Sinner, aunque luego se supo que aquellos problemas f\u00edsicos los hab\u00eda arrastrado durante toda la semana en Tur\u00edn. El murciano se desplaz\u00f3 en furgoneta hasta Bolonia, adonde lleg\u00f3 en la tarde del lunes para<b> someterse a una resonancia magn\u00e9tica<\/b> bajo la atenta mirada de \u00c1ngel Ruiz Cotorro, doctor de la RFET, y cuyos resultados fueron enviados a Juanjo L\u00f3pez, m\u00e9dico de Carlitos que se encuentra en Murcia. Se analizaron las im\u00e1genes durante horas, y la primera informaci\u00f3n que lleg\u00f3 es que no hab\u00eda rotura, pero s\u00ed una sobrecarga, tal y como afirmaron fuentes federativas a los medios presentes en el hotel de la Selecci\u00f3n en Bolonia, <b>AS entre ellos.<\/b><\/p>\n<p class=\"\">Con ese resultado en la mano, se decidi\u00f3 que el de El Palmar no entrenar\u00eda este martes, y la decisi\u00f3n se tomar\u00eda en la jornada del mi\u00e9rcoles despu\u00e9s de que Alcaraz se probase con un entrenamiento. Sin embargo, horas despu\u00e9s,<b> la Cadena COPE inform\u00f3 que se hab\u00eda detectado un edema<\/b> y que, por ello, el murciano no competir\u00eda en la Davis. Cambi\u00f3 el plan a pesar de que la intenci\u00f3n del jugador es la de tratar de jugar cueste lo que cueste. Fuentes se\u00f1alan a AS que ha habido un cambio de opini\u00f3n en el entorno del n\u00famero uno del mundo, que prefiere no arriesgar, ya que considera que la sobrecarga es lo suficientemente preocupante como para que haya altas posibilidades de que acabe en rotura. Adem\u00e1s, esa zona ya le ha dado problemas a Carlitos en el pasado: sin ir m\u00e1s lejos,<b> este a\u00f1o renunci\u00f3 al Madrid Open por el mismo motivo.<\/b><\/p>\n<p class=\"\">De confirmarse oficialmente la baja de Alcaraz, que este martes comparecer\u00e1 ante los medios junto con el resto del equipo espa\u00f1ol a las 15:30 en una rueda de prensa en la que puede anunciar su renuncia, la Selecci\u00f3n capitaneada por David Ferrer contar\u00e1 con tan solo cuatro jugadores para enfrentarse a Chequia. La l\u00f3gica dice que<b> Jaume Munar har\u00e1 de n\u00famero uno, mientras que el otro individual ser\u00eda para Pablo Carre\u00f1o<\/b>, y Marcel Granollers y Pedro Mart\u00ednez formar\u00edan pareja de dobles en un hipot\u00e9tico tercer punto. Los de Tomas Berdych, uno de los cocos en Bolonia, llegan con un equipazo liderado por Jiri Lehecka, Jakub Mensik y Tomas Machac, todos top-32 mundial, adem\u00e1s de Vit Kopriva y Adam Pavlasek. Sin Alcaraz, la cosa se le puede complicar y mucho a Espa\u00f1a.<\/p>\n<p>Noticias relacionadas<\/p>\n<p class=\"\"><b>\u00a1Tus opiniones importan!<\/b> Comenta en los art\u00edculos y suscr\u00edbete gratis a nuestra <a href=\"https:\/\/asfan.as.com\/newsletters\/\" target=\"_blank\" rel=\"nofollow noopener\" title=\"https:\/\/asfan.as.com\/newsletters\/\">newsletter<\/a> y a las alertas informativas en la <a href=\"https:\/\/as.com\/aplicacion-de-as-n\/\" target=\"_blank\" rel=\"nofollow noopener\" title=\"https:\/\/as.com\/aplicacion-de-as-n\/\">App<\/a> o el canal de <a href=\"https:\/\/www.whatsapp.com\/channel\/0029VaAasdA7j6g745nz9M10\" target=\"_blank\" rel=\"nofollow noopener\" title=\"https:\/\/www.whatsapp.com\/channel\/0029VaAasdA7j6g745nz9M10\">WhatsApp<\/a>. <\/p>\n<p class=\"\">\u00bfBuscas licenciar contenido? Haz clic <a href=\"https:\/\/profesional.elpais.com\/soluciones-sindicacion?utm_medium=interno&amp;utm_source=crosslinking&amp;utm_campaign=sindicacion_as_pie_articulos\" target=\"_blank\" rel=\"nofollow noopener\" title=\"https:\/\/profesional.elpais.com\/soluciones-sindicacion?utm_medium=interno&amp;utm_source=crosslinking&amp;utm_campaign=sindicacion_as_pie_articulos\">aqu\u00ed<\/a><\/p>\n","protected":false},"excerpt":{"rendered":"Nuevo giro en la situaci\u00f3n de Carlos Alcaraz en Bolonia. El espa\u00f1ol, n\u00famero uno del mundo y l\u00edder&hellip;\n","protected":false},"author":2,"featured_media":242123,"comment_status":"","ping_status":"","sticky":false,"template":"","format":"standard","meta":{"footnotes":""},"categories":[274],"tags":[168,25,24,23,167,327,326],"class_list":{"0":"post-242122","1":"post","2":"type-post","3":"status-publish","4":"format-standard","5":"has-post-thumbnail","7":"category-tenis","8":"tag-deportes","9":"tag-es","10":"tag-espana","11":"tag-spain","12":"tag-sports","13":"tag-tenis","14":"tag-tennis"},"share_on_mastodon":{"url":"https:\/\/pubeurope.com\/@es\/115568872219292482","error":""},"_links":{"self":[{"href":"https:\/\/www.europesays.com\/es\/wp-json\/wp\/v2\/posts\/242122","targetHints":{"allow":["GET"]}}],"collection":[{"href":"https:\/\/www.europesays.com\/es\/wp-json\/wp\/v2\/posts"}],"about":[{"href":"https:\/\/www.europesays.com\/es\/wp-json\/wp\/v2\/types\/post"}],"author":[{"embeddable":true,"href":"https:\/\/www.europesays.com\/es\/wp-json\/wp\/v2\/users\/2"}],"replies":[{"embeddable":true,"href":"https:\/\/www.europesays.com\/es\/wp-json\/wp\/v2\/comments?post=242122"}],"version-history":[{"count":0,"href":"https:\/\/www.europesays.com\/es\/wp-json\/wp\/v2\/posts\/242122\/revisions"}],"wp:featuredmedia":[{"embeddable":true,"href":"https:\/\/www.europesays.com\/es\/wp-json\/wp\/v2\/media\/242123"}],"wp:attachment":[{"href":"https:\/\/www.europesays.com\/es\/wp-json\/wp\/v2\/media?parent=242122"}],"wp:term":[{"taxonomy":"category","embeddable":true,"href":"https:\/\/www.europesays.com\/es\/wp-json\/wp\/v2\/categories?post=242122"},{"taxonomy":"post_tag","embeddable":true,"href":"https:\/\/www.europesays.com\/es\/wp-json\/wp\/v2\/tags?post=242122"}],"curies":[{"name":"wp","href":"https:\/\/api.w.org\/{rel}","templated":true}]}}