{"id":242124,"date":"2025-11-18T04:45:19","date_gmt":"2025-11-18T04:45:19","guid":{"rendered":"https:\/\/www.europesays.com\/es\/242124\/"},"modified":"2025-11-18T04:45:19","modified_gmt":"2025-11-18T04:45:19","slug":"joan-laporta-busca-sustituto-a-juan-carlos-navarro-en-el-barca-de-basket-tras-fichar-a-xavi-pascual","status":"publish","type":"post","link":"https:\/\/www.europesays.com\/es\/242124\/","title":{"rendered":"Joan Laporta busca sustituto a Juan Carlos Navarro en el Bar\u00e7a de basket tras fichar a Xavi Pascual"},"content":{"rendered":"<p>                <a href=\"https:\/\/cronicaglobal.elespanol.com\/culemania\/secciones\/\" class=\"kicker--section\" rel=\"nofollow noopener\" target=\"_blank\">Secciones<\/a><\/p>\n<p>\n    El presidente barcelonista quiere completar el gran cambio en la secci\u00f3n tras el despido de Pe\u00f1arroya porque no conf\u00eda en el actual m\u00e1nager deportivo\n<\/p>\n<p>    Noticias relacionadas<\/p>\n<p class=\"paragraph\" id=\"paragraph_1\"><a href=\"https:\/\/cronicaglobal.elespanol.com\/culemania\/secciones\/20251117\/dificil-cumplimiento-xavi-pascual-primer-entrenador-barca\/1003742708097_0.html?utm_cmp_rs=linksinline\" target=\"_blank\" rel=\"nofollow noopener\">El Bar\u00e7a<\/a> ya no es el club que sol\u00eda fichar a los mejores jugadores y t\u00e9cnicos para resolver sus problemas. Sus crisis deportivas. <strong>Hoy, la entidad convive con muchos problemas econ\u00f3micos y un Fair Play Financiero que atormenta a <a href=\"https:\/\/cronicaglobal.elespanol.com\/culemania\/palco\/20251117\/dudas-hansi-flick-problema-laporta-elecciones-delbarcaen2026\/1003742707893_0.html?utm_cmp_rs=linksinline\" target=\"_blank\" rel=\"nofollow noopener\">Joan Laporta<\/a><\/strong>\u00a0y que no solo penaliza al equipo de f\u00fatbol. Los recortes del presidente han sido especialmente duros en <strong>la secci\u00f3n de baloncesto<\/strong>.<\/p>\n<p class=\"paragraph\" id=\"paragraph_2\">Laporta ha recortado unos 10 millones el presupuesto destinado al basket en poco m\u00e1s de dos a\u00f1os. Hoy, <a href=\"https:\/\/cronicaglobal.elespanol.com\/culemania\/palco\/20251115\/barca-basket-millones-real-madrid-jugadores-laporta\/1003742707818_0.html?utm_cmp_rs=linksinline\" target=\"_blank\" rel=\"nofollow noopener\"><strong>la masa salarial destinada a jugadores y t\u00e9cnicos es de 28,7 millones de euros, 20 millones menos que la del Real Madrid<\/strong><\/a>. Con una losa tan pesada, el Bar\u00e7a acumula ya dos a\u00f1os sin ganar un t\u00edtulo y el curso actual ha empezado muy mal.<\/p>\n<p>Objetivo, un p\u00edvot<\/p>\n<p class=\"paragraph\" id=\"paragraph_3\">El presidente del Bar\u00e7a despidi\u00f3 a <a href=\"https:\/\/cronicaglobal.elespanol.com\/culemania\/secciones\/20251109\/laporta-destituye-joan-penarroya-entrenador-barca-sustituto\/1003742705982_0.html?utm_cmp_rs=linksinline\" target=\"_blank\" rel=\"nofollow noopener\">Joan\u00a0Pe\u00f1arroya<\/a>\u00a0tras la derrota en Girona, hace ya una semana. La soluci\u00f3n ha sido la que deseaba Laporta: el fichaje de <strong>Xavi Pascual<\/strong>. Ya tiene al t\u00e9cnico que quer\u00eda, pero el t\u00e9cnico no tiene los recursos que desear\u00eda para construir un equipo con garant\u00edas. Un equipo ganador.<\/p>\n<p><img decoding=\"async\" alt=\"Xavi Pascual, feliz por iniciar su segunda etapa en el Bar\u00e7a de basket\" data-imgm=\"true\" height=\"180\" loading=\"lazy\"  src=\"https:\/\/www.europesays.com\/es\/wp-content\/uploads\/2025\/11\/1003742708099_15410623_1024x576.jpg\"  width=\"320\"\/><\/p>\n<p>                                                            Xavi Pascual, feliz por iniciar su segunda etapa en el Bar\u00e7a de basket<\/p>\n<p>                    FCB<\/p>\n<p><img decoding=\"async\" alt=\"Joan Pe\u00f1arroya, enfadado durante la derrota del Bar\u00e7a de basket contra el Dubai\" data-imgm=\"true\" height=\"180\" loading=\"lazy\"  src=\"https:\/\/www.europesays.com\/es\/wp-content\/uploads\/2025\/11\/1003742698582_15289105_1024x576.jpg\"  width=\"320\"\/><\/p>\n<p>                                                            Joan Pe\u00f1arroya, enfadado durante la derrota del Bar\u00e7a de basket contra el Dubai<\/p>\n<p>                    EFE<\/p>\n<p class=\"paragraph\" id=\"paragraph_4\">Laporta fue claro en su exposici\u00f3n de la situaci\u00f3n econ\u00f3mica del club en su charla con Pascual. <strong>Ni tan siquiera le prometi\u00f3 el fichaje de un p\u00edvot en enero<\/strong>. Tampoco le garantiz\u00f3 que dispondr\u00eda de muchos recursos para renovar la plantilla.<\/p>\n<p>Jugadores que acaban contrato<\/p>\n<p class=\"paragraph\" id=\"paragraph_5\">Pascual deber\u00e1 ser m\u00e1s pragm\u00e1tico que nunca. En junio de 2026 acaban contrato, entre otros, jugadores con salarios mucho m\u00e1s elevados que su rendimiento: <strong>Satoransky, Laprovittola, Willy Hernang\u00f3mez y Vesely<\/strong>.<\/p>\n<p><img decoding=\"async\" alt=\"Juan Carlos Navarro atiende a los medios de comunicaci\u00f3n en la presentaci\u00f3n de los fichajes del Bar\u00e7a de basket\" data-imgm=\"true\" height=\"180\" loading=\"lazy\"  src=\"https:\/\/www.europesays.com\/es\/wp-content\/uploads\/2025\/09\/1003742689259_15154003_1024x576.jpg\"  width=\"320\"\/><\/p>\n<p>                                                            Juan Carlos Navarro atiende a los medios de comunicaci\u00f3n en la presentaci\u00f3n de los fichajes del Bar\u00e7a de basket<\/p>\n<p>                    FCB<\/p>\n<p class=\"paragraph\" id=\"paragraph_6\">Laporta, con la complicidad de Josep Cubells, el directivo responsable, se encomienda a Pascual para mejorar el rendimiento de un Bar\u00e7a decadente, en horas bajas. <strong>Juan Carlos Navarro<\/strong>, el m\u00e1nager general, tambi\u00e9n est\u00e1 encantado con la contrataci\u00f3n del t\u00e9cnico de Gav\u00e0, pero <strong>su relaci\u00f3n con el presidente est\u00e1 bajo m\u00ednimos<\/strong>.<\/p>\n<p>El fichaje de Willy<\/p>\n<p class=\"paragraph\" id=\"paragraph_7\">La gesti\u00f3n de Navarro, al menos desde hace dos a\u00f1os, tiene muchos detractores. \u00abFue un gran jugador, pero no es un buen ejecutivo\u00bb, sostienen en el Palau. Su fichaje m\u00e1s err\u00e1tico fue, posiblemente, el de <strong>Willy Hernang\u00f3mez<\/strong>, quien firm\u00f3 por tres temporadas con el Bar\u00e7a a cambio de 12,5 millones de euros.<\/p>\n<p><img decoding=\"async\" alt=\"Willy Hernang\u00f3mez, en acci\u00f3n durante el Bar\u00e7a de basket-Baskonia\" data-imgm=\"true\" height=\"180\" loading=\"lazy\"  src=\"https:\/\/www.europesays.com\/es\/wp-content\/uploads\/2025\/11\/1003742707969_15409433_1024x576.jpg\"  width=\"320\"\/><\/p>\n<p>                                                            Willy Hernang\u00f3mez, en acci\u00f3n durante el Bar\u00e7a de basket-Baskonia<\/p>\n<p>                    EFE<\/p>\n<p class=\"paragraph\" id=\"paragraph_8\">Navarro, un s\u00edmbolo en el Bar\u00e7a de basket, podr\u00eda seguir en el club, pero tendr\u00eda otras funciones. Seg\u00fan algunas informaciones, <strong>Laporta sonde\u00f3 el fichaje de Chichi Creus,<\/strong> secretario t\u00e9cnico de la secci\u00f3n durante su primer mandato, pero el exjugador del Bar\u00e7a declin\u00f3 su oferta. La Bomba, mientras, sabe que ver\u00e1 recortadas sus funciones a corto plazo.<\/p>\n","protected":false},"excerpt":{"rendered":"Secciones El presidente barcelonista quiere completar el gran cambio en la secci\u00f3n tras el despido de Pe\u00f1arroya porque&hellip;\n","protected":false},"author":2,"featured_media":242125,"comment_status":"","ping_status":"","sticky":false,"template":"","format":"standard","meta":{"footnotes":""},"categories":[269],"tags":[299,62268,298,168,25,24,4467,4468,4470,23,167],"class_list":{"0":"post-242124","1":"post","2":"type-post","3":"status-publish","4":"format-standard","5":"has-post-thumbnail","7":"category-baloncesto","8":"tag-baloncesto","9":"tag-barca-basket","10":"tag-basketball","11":"tag-deportes","12":"tag-es","13":"tag-espana","14":"tag-joan-laporta","15":"tag-juan-carlos-navarro","16":"tag-secciones","17":"tag-spain","18":"tag-sports"},"share_on_mastodon":{"url":"https:\/\/pubeurope.com\/@es\/115568884527280562","error":""},"_links":{"self":[{"href":"https:\/\/www.europesays.com\/es\/wp-json\/wp\/v2\/posts\/242124","targetHints":{"allow":["GET"]}}],"collection":[{"href":"https:\/\/www.europesays.com\/es\/wp-json\/wp\/v2\/posts"}],"about":[{"href":"https:\/\/www.europesays.com\/es\/wp-json\/wp\/v2\/types\/post"}],"author":[{"embeddable":true,"href":"https:\/\/www.europesays.com\/es\/wp-json\/wp\/v2\/users\/2"}],"replies":[{"embeddable":true,"href":"https:\/\/www.europesays.com\/es\/wp-json\/wp\/v2\/comments?post=242124"}],"version-history":[{"count":0,"href":"https:\/\/www.europesays.com\/es\/wp-json\/wp\/v2\/posts\/242124\/revisions"}],"wp:featuredmedia":[{"embeddable":true,"href":"https:\/\/www.europesays.com\/es\/wp-json\/wp\/v2\/media\/242125"}],"wp:attachment":[{"href":"https:\/\/www.europesays.com\/es\/wp-json\/wp\/v2\/media?parent=242124"}],"wp:term":[{"taxonomy":"category","embeddable":true,"href":"https:\/\/www.europesays.com\/es\/wp-json\/wp\/v2\/categories?post=242124"},{"taxonomy":"post_tag","embeddable":true,"href":"https:\/\/www.europesays.com\/es\/wp-json\/wp\/v2\/tags?post=242124"}],"curies":[{"name":"wp","href":"https:\/\/api.w.org\/{rel}","templated":true}]}}