{"id":242126,"date":"2025-11-18T04:46:09","date_gmt":"2025-11-18T04:46:09","guid":{"rendered":"https:\/\/www.europesays.com\/es\/242126\/"},"modified":"2025-11-18T04:46:09","modified_gmt":"2025-11-18T04:46:09","slug":"vicenzo-montella-habla-de-injusticia-en-su-etapa-en-el-sevilla","status":"publish","type":"post","link":"https:\/\/www.europesays.com\/es\/242126\/","title":{"rendered":"Vicenzo Montella habla de injusticia en su etapa en el Sevilla"},"content":{"rendered":"\n<p>M\u00e1s noticias<\/p>\n<p><a class=\"info_masnoticias\" href=\"https:\/\/www.eldesmarque.com\/futbol\/sevilla-fc\/\" rel=\"nofollow noopener\" target=\"_blank\"><br \/>\nM\u00e1s de<br \/>\nM\u00e1s noticias de<br \/>\nSevilla FC<br \/>\n<\/a><\/p>\n<p>La <strong>selecci\u00f3n espa\u00f1ola<\/strong> se mide este martes <a href=\"https:\/\/www.eldesmarque.com\/futbol\/seleccion-espanola\/20251115\/seleccion-espanola-cuentas-clasificacion-mundial-partido-turquia_300810398.html\" rel=\"nofollow noopener\" target=\"_blank\">a <strong>Turqu\u00eda<\/strong> en <strong>La Cartuja<\/strong><\/a> y su t\u00e9cnico, <strong>Vicenzo Montella<\/strong>, ha pasado por rueda de prensa para analizar el duelo. Ante los medios de comunicaci\u00f3n destaca que se enfrentan a la mejor selecci\u00f3n del mundo, pero entre las preguntas tambi\u00e9n ha hablado de la que <a href=\"https:\/\/www.eldesmarque.com\/futbol\/sevilla-fc\/20180702\/montella-no-se-arrepiente_161105823.html\" rel=\"nofollow noopener\" target=\"_blank\">fue su \u00e9poca en el <\/a><strong><a href=\"https:\/\/www.eldesmarque.com\/futbol\/sevilla-fc\/20180702\/montella-no-se-arrepiente_161105823.html\" rel=\"nofollow noopener\" target=\"_blank\">Sevilla<\/a>.<\/strong><\/p>\n<p>El t\u00e9cnico italiano, que apenas estuvo cuatro meses en el banquillo, al que lleg\u00f3 para reemplazar al Toto Berizzo, lleg\u00f3 hasta cuartos de final de Champions League y una final de Copa del Rey. A\u00f1os despu\u00e9s reconoce que fueron meses muy bonitos, aunque sufri\u00f3 una injusticia como nunca antes.<\/p>\n<p>\u00abFueron <strong>cinco meses muy bellos<\/strong>. Creo que <strong>sufr\u00ed una injustica como nunca me ha pasado<\/strong>. Es verdad que perdimos la final de la Copa de manera rotunda, ante el Barcelona de Messi, Su\u00e1rez&#8230; Pero revalorizamos jugadores como Correa, Muriel, Lenglet&#8230; Eliminamos al Manchester United en la Champions, en la Copa al Atl\u00e9tico de Madrid. A<strong> pesar de esa injusticia<\/strong>, <strong>mi recuerdo de Sevilla es bello, muy positivo<\/strong>\u00ab, asegur\u00f3 ante los presentes.<\/p>\n<p>El entrenador napolitano, en su comparecencia de prensa en el estadio La Cartuja, donde se disputar\u00e1 el partido, asegur\u00f3 que ha \u00ab<strong>obtenido los resultados que quer\u00eda en el grupo<\/strong>\u00ab, en el que ha ganado todos sus encuentros, \u00abexcepto en el partido de ida\u00bb contra Espa\u00f1a (0-6), y se ha felicitado por haber \u00abmarcado quince goles en los \u00faltimos cinco partidos\u00bb.<\/p>\n<p><img decoding=\"async\" src=\"https:\/\/www.europesays.com\/es\/wp-content\/uploads\/2025\/11\/fotojet___2024_11_17t123331619jpg_001.jpg\" width=\"660\" height=\"370.79\" alt=\"Vicenzo Montella, seleccionador turco (Cordon Press)\"\/><br \/>\nVicenzo Montella, seleccionador turco (Cordon Press)<\/p>\n<p>Vincenzo Montella advirti\u00f3 que para competir frente a Espa\u00f1a, Turqu\u00eda deber\u00e1 \u00abestar m\u00e1s equilibrada que en el primer partido\u00bb porque es capaz de \u00abhacer un buen f\u00fatbol de ataque\u00bb, pero que es \u00abconsciente del nivel del adversario\u00bb, ante el que sus jugadores tendr\u00e1n que \u00abmostrar mucha fuerza mental\u00bb.<\/p>\n<p>Vicenzo Montella y el futuro de Arda G\u00fcler<\/p>\n<p>El seleccionador de los turcos calific\u00f3 como <strong>\u00abtalentoso\u00bb<\/strong> al futbolista del Real Madrid Arda G\u00fcler, que anhela \u00abgrandes objetivos no s\u00f3lo en la selecci\u00f3n, sino tambi\u00e9n en su propio club\u00bb. \u00ab<strong>Es un jugador que est\u00e1 mejorando mucho y que a\u00fan puede mejorar<\/strong>. Demuestra con su ambici\u00f3n que puede ser el mejor jugador de la historia de Turqu\u00eda\u00bb, destac\u00f3.<\/p>\n","protected":false},"excerpt":{"rendered":"M\u00e1s noticias M\u00e1s de M\u00e1s noticias de Sevilla FC La selecci\u00f3n espa\u00f1ola se mide este martes a Turqu\u00eda&hellip;\n","protected":false},"author":2,"featured_media":242127,"comment_status":"","ping_status":"","sticky":false,"template":"","format":"standard","meta":{"footnotes":""},"categories":[268],"tags":[168,25,24,280,282,281,23,167],"class_list":{"0":"post-242126","1":"post","2":"type-post","3":"status-publish","4":"format-standard","5":"has-post-thumbnail","7":"category-futbol","8":"tag-deportes","9":"tag-es","10":"tag-espana","11":"tag-football","12":"tag-futbol","13":"tag-soccer","14":"tag-spain","15":"tag-sports"},"share_on_mastodon":{"url":"https:\/\/pubeurope.com\/@es\/115568888052190284","error":""},"_links":{"self":[{"href":"https:\/\/www.europesays.com\/es\/wp-json\/wp\/v2\/posts\/242126","targetHints":{"allow":["GET"]}}],"collection":[{"href":"https:\/\/www.europesays.com\/es\/wp-json\/wp\/v2\/posts"}],"about":[{"href":"https:\/\/www.europesays.com\/es\/wp-json\/wp\/v2\/types\/post"}],"author":[{"embeddable":true,"href":"https:\/\/www.europesays.com\/es\/wp-json\/wp\/v2\/users\/2"}],"replies":[{"embeddable":true,"href":"https:\/\/www.europesays.com\/es\/wp-json\/wp\/v2\/comments?post=242126"}],"version-history":[{"count":0,"href":"https:\/\/www.europesays.com\/es\/wp-json\/wp\/v2\/posts\/242126\/revisions"}],"wp:featuredmedia":[{"embeddable":true,"href":"https:\/\/www.europesays.com\/es\/wp-json\/wp\/v2\/media\/242127"}],"wp:attachment":[{"href":"https:\/\/www.europesays.com\/es\/wp-json\/wp\/v2\/media?parent=242126"}],"wp:term":[{"taxonomy":"category","embeddable":true,"href":"https:\/\/www.europesays.com\/es\/wp-json\/wp\/v2\/categories?post=242126"},{"taxonomy":"post_tag","embeddable":true,"href":"https:\/\/www.europesays.com\/es\/wp-json\/wp\/v2\/tags?post=242126"}],"curies":[{"name":"wp","href":"https:\/\/api.w.org\/{rel}","templated":true}]}}