{"id":242135,"date":"2025-11-18T04:54:10","date_gmt":"2025-11-18T04:54:10","guid":{"rendered":"https:\/\/www.europesays.com\/es\/242135\/"},"modified":"2025-11-18T04:54:10","modified_gmt":"2025-11-18T04:54:10","slug":"una-epoc-bajo-control-noticias-diario-de-burgos","status":"publish","type":"post","link":"https:\/\/www.europesays.com\/es\/242135\/","title":{"rendered":"Una EPOC bajo control | Noticias Diario de Burgos"},"content":{"rendered":"<p>Uno de los objetivos del pr\u00f3ximo D\u00eda Mundial de la Enfermedad Pulmonar Obstructiva Cr\u00f3nica (EPOC), que tiene lugar el pr\u00f3ximo mi\u00e9rcoles, es el de concienciar a la poblaci\u00f3n sobre esta afecci\u00f3n, su prevenci\u00f3n y la necesidad de un diagn\u00f3stico precoz. Las EPOC son un grupo de enfermedades que provocan dificultad progresiva para respirar, de las cuales, las dos m\u00e1s comunes son la bronquitis cr\u00f3nica y el enfisema pulmonar. Como explica Julio Maset, m\u00e9dico de Cinfa, \u00absu principal causa es la exposici\u00f3n al humo del tabaco, lo que incluye tanto a personas fumadoras como a fumadores pasivos. Tambi\u00e9n puede estar causada por la exposici\u00f3n prolongada a la contaminaci\u00f3n atmosf\u00e9rica o a otras sustancias irritantes transmitidas por el aire, como el polvo o sustancias qu\u00edmicas\u00bb.<\/p>\n<p>En la actualidad, esta enfermedad afecta a tres millones de personas en Espa\u00f1a. \u00abAun as\u00ed, se trata de una de las dolencias respiratorias m\u00e1s infradiagnosticadas, que, con frecuencia, se detecta solamente en fases avanzadas, cuando un manejo m\u00e1s precoz podr\u00eda impedir su empeoramiento\u00bb, a\u00f1ade Maset.<\/p>\n<p>Los dos tipos m\u00e1s comunes se encuentran en mayor o menor grado en todas las personas con EPOC. La bronquitis cr\u00f3nica es la inflamaci\u00f3n de la pared interna de los bronquios, mientras que el enfisema se caracteriza por el deterioro o destrucci\u00f3n de los alveolos, una especie de peque\u00f1os sacos localizados al final de los bronquios, en los pulmones, que reciben el aire que entra en el organismo al respirar. \u00abEn caso de enfisema, las paredes internas de estos peque\u00f1os sacos se debilitan y se rompen, lo que crea espacios de aire m\u00e1s grandes. En consecuencia, disminuye la cantidad de ox\u00edgeno que llega a la sangre\u00bb, explica el experto.<\/p>\n<p>La manifestaci\u00f3n frecuente m\u00e1s caracter\u00edstica del enfisema y la bronquitis cr\u00f3nica es una sensaci\u00f3n de falta de aliento, que empeora con la actividad y el esfuerzo. Otros s\u00edntomas frecuentes de la EPOC son tos con expectoraci\u00f3n, pitos y ruidos al respirar, cansancio y una mayor tendencia a las infecciones respiratorias agudas.<\/p>\n<p>\u00abAunque estos s\u00edntomas se agravan con el tiempo, suelen ser leves al principio, por lo que la persona con EPOC no les da importancia o desconoce que padece la enfermedad, que, sin tratamiento, contin\u00faa aumentando los da\u00f1os en bronquios y pulmones\u00bb, apunta el doctor.<\/p>\n<p>Para evitarlo, es clave un diagn\u00f3stico precoz, que se obtiene a trav\u00e9s de una prueba tan sencilla como una espirometr\u00eda. A pesar de que la EPOC no tenga cura, el diagn\u00f3stico permitir\u00e1 iniciar un tratamiento que alivie los s\u00edntomas y detenga o ralentice su avance.\u00a0<\/p>\n<p>Tambi\u00e9n es crucial una adecuada vacunaci\u00f3n que reduzca el riesgo de infecciones respiratorias como la gripe, la \u00a0neumon\u00eda o el COVID-19, aunque, como recuerda el experto de Cinfa, \u00abla medida m\u00e1s importante que se puede tomar para prevenir o detener el avance de esta enfermedad es dejar de fumar\u00bb.<\/p>\n","protected":false},"excerpt":{"rendered":"Uno de los objetivos del pr\u00f3ximo D\u00eda Mundial de la Enfermedad Pulmonar Obstructiva Cr\u00f3nica (EPOC), que tiene lugar&hellip;\n","protected":false},"author":2,"featured_media":242136,"comment_status":"","ping_status":"","sticky":false,"template":"","format":"standard","meta":{"footnotes":""},"categories":[92],"tags":[1291,2272,1293,25,24,241,165,5087,166,23,4224,8177],"class_list":{"0":"post-242135","1":"post","2":"type-post","3":"status-publish","4":"format-standard","5":"has-post-thumbnail","7":"category-salud","8":"tag-contaminacion","9":"tag-covid-19","10":"tag-enfermedades","11":"tag-es","12":"tag-espana","13":"tag-exposiciones","14":"tag-health","15":"tag-manifestacion","16":"tag-salud","17":"tag-spain","18":"tag-tabaco","19":"tag-vacuna"},"share_on_mastodon":{"url":"https:\/\/pubeurope.com\/@es\/115568919659308056","error":""},"_links":{"self":[{"href":"https:\/\/www.europesays.com\/es\/wp-json\/wp\/v2\/posts\/242135","targetHints":{"allow":["GET"]}}],"collection":[{"href":"https:\/\/www.europesays.com\/es\/wp-json\/wp\/v2\/posts"}],"about":[{"href":"https:\/\/www.europesays.com\/es\/wp-json\/wp\/v2\/types\/post"}],"author":[{"embeddable":true,"href":"https:\/\/www.europesays.com\/es\/wp-json\/wp\/v2\/users\/2"}],"replies":[{"embeddable":true,"href":"https:\/\/www.europesays.com\/es\/wp-json\/wp\/v2\/comments?post=242135"}],"version-history":[{"count":0,"href":"https:\/\/www.europesays.com\/es\/wp-json\/wp\/v2\/posts\/242135\/revisions"}],"wp:featuredmedia":[{"embeddable":true,"href":"https:\/\/www.europesays.com\/es\/wp-json\/wp\/v2\/media\/242136"}],"wp:attachment":[{"href":"https:\/\/www.europesays.com\/es\/wp-json\/wp\/v2\/media?parent=242135"}],"wp:term":[{"taxonomy":"category","embeddable":true,"href":"https:\/\/www.europesays.com\/es\/wp-json\/wp\/v2\/categories?post=242135"},{"taxonomy":"post_tag","embeddable":true,"href":"https:\/\/www.europesays.com\/es\/wp-json\/wp\/v2\/tags?post=242135"}],"curies":[{"name":"wp","href":"https:\/\/api.w.org\/{rel}","templated":true}]}}