{"id":242137,"date":"2025-11-18T04:55:11","date_gmt":"2025-11-18T04:55:11","guid":{"rendered":"https:\/\/www.europesays.com\/es\/242137\/"},"modified":"2025-11-18T04:55:11","modified_gmt":"2025-11-18T04:55:11","slug":"de-francisco-ferrer-a-josefina-aldecoa-la-revolucion-de-las-aulas-salta-al-teatro-cultura","status":"publish","type":"post","link":"https:\/\/www.europesays.com\/es\/242137\/","title":{"rendered":"De Francisco Ferrer a Josefina Aldecoa: la revoluci\u00f3n de las aulas salta al teatro | Cultura"},"content":{"rendered":"<p class=\"\">Coinciden estos d\u00edas en la cartelera teatral tres espect\u00e1culos que tienen como eje central la educaci\u00f3n: Francisco Ferrer. \u00a1Viva la Escuela Moderna!, Historia de una maestra y La escuela perdida. \u201cFormar ciudadanos cr\u00edticos, no s\u00fabditos obedientes: seres humanos conscientes de sus derechos y su dignidad\u201d, afirma el dramaturgo y acad\u00e9mico Jos\u00e9 Luis G\u00f3mez, que a sus 85 a\u00f1os y celebrando el 30\u00ba aniversario del Teatro de la Abad\u00eda de Madrid, que \u00e9l mismo cre\u00f3, confiesa estar ante lo que considera uno de los mejores montajes de su largu\u00edsima trayectoria, <a href=\"https:\/\/www.teatroabadia.com\/espectaculo\/francisco-ferrer-viva-la-escuela-moderna\/\" rel=\"nofollow noopener\" title=\"https:\/\/www.teatroabadia.com\/espectaculo\/francisco-ferrer-viva-la-escuela-moderna\/\" target=\"_blank\">Francisco Ferrer \u00a1Viva la Escuela Moderna!<\/a>, que se representa en la Abad\u00eda hasta el 7 de diciembre. <\/p>\n<p>M\u00e1s informaci\u00f3n<\/p>\n<p class=\"\">Protagonizada por Ernesto Arias, Jes\u00fas Barranco, David Luque y Lidia Ot\u00f3n, esta obra, basada en el libro del belga Jean-Claude Id\u00e9e, reconstruye el dudoso proceso judicial del pedagogo y activista, millonario subversivo y fundador de la Escuela Moderna, que fue condenado a muerte y ejecutado en 1909, acusado de ser uno de los instigadores de los sucesos de la <a href=\"https:\/\/elpais.com\/diario\/1998\/03\/08\/cultura\/889311609_850215.html\" rel=\"nofollow noopener\" title=\"https:\/\/elpais.com\/diario\/1998\/03\/08\/cultura\/889311609_850215.html\" target=\"_blank\">Semana Tr\u00e1gica de Barcelona<\/a>. \u201cFerrer pag\u00f3 con su vida la defensa de la libertad de pensamiento y eso nos hace, como sociedad c\u00edvica, estar en eterna deuda con \u00e9l. En un mundo donde la informaci\u00f3n abunda pero la comprensi\u00f3n escasea, donde la tecnolog\u00eda crece m\u00e1s r\u00e1pido que nuestra conciencia \u00e9tica, Ferrer nos recuerda que educar no es domesticar, sino despertar\u201d, dice G\u00f3mez, para quien el teatro posee ese poder excepcional para hacer visible aquello que la sociedad a veces prefiere silenciar. \u201cY para hacer memoria y ense\u00f1ar lo que quiz\u00e1s estemos olvidando\u201d, a\u00f1ade. <\/p>\n<p class=\"\"><a href=\"https:\/\/elpais.com\/cultura\/2019\/06\/24\/babelia\/1561384551_221285.html\" rel=\"nofollow noopener\" title=\"https:\/\/elpais.com\/cultura\/2019\/06\/24\/babelia\/1561384551_221285.html\" target=\"_blank\">Ernesto Arias<\/a>, uno de los actores m\u00e1s s\u00f3lidos del teatro en Espa\u00f1a, da vida en esta ocasi\u00f3n a Francisco Ferrer, el anarquista de juventud que abandon\u00f3 la violencia para abrazar su compromiso con la ense\u00f1anza y que tiene una escultura plantada frente a la Universidad de Bruselas (B\u00e9lgica). \u201cFue un libre pensador que contribuy\u00f3 a formar una sociedad culta e instruida con el objetivo de impedir su manipulaci\u00f3n, algo muy pertinente hoy. Es indudable que la sociedad progresa y que todo avanza, pero conviene mirar al pasado para no olvidar, para aprender de aquello que merece la pena discutir. La manipulaci\u00f3n en las redes sociales se combate con una buena educaci\u00f3n\u201d, asegura Arias. <\/p>\n<p><img decoding=\"auto\" class=\"_re lazyload a_m-h\" height=\"277\"  width=\"414\"  src=\"https:\/\/www.europesays.com\/es\/wp-content\/uploads\/2025\/11\/5L5HJ7FR5ZFSTAAOH2YWV3NBT4.jpg\" loading=\"lazy\"\/>Lidia Ot\u00f3n y Ernesto Arias, en una escena de &#8216;Francisco Ferrer. \u00a1Viva la Escuela Moderna!&#8217;.Teatro de la Abad\u00eda<\/p>\n<p class=\"\">Pocos a\u00f1os despu\u00e9s de la muerte de Francisco Ferrer, en 1923, bajo <a href=\"https:\/\/elpais.com\/noticias\/miguel-primo-de-rivera\/\" rel=\"nofollow noopener\" title=\"https:\/\/elpais.com\/noticias\/miguel-primo-de-rivera\/\" target=\"_blank\">la dictadura de Primo de Rivera<\/a>, una joven apasionada y convencida del poder de la ense\u00f1anza, con ganas de cambiar las cosas, comienza a trabajar en las escuelas rurales. Es Gabriela L\u00f3pez, la protagonista del libro que escribi\u00f3 a\u00f1os m\u00e1s tarde su hija, la tambi\u00e9n maestra Josefina Aldecoa (La Robla, 1926 &#8211; Mazcuerras, 2011), como homenaje y recuerdo a la mujer de la que recogi\u00f3 el testigo y hered\u00f3 su fe en la libertad y la ense\u00f1anza, profesi\u00f3n que ella ejerci\u00f3 durante la dictadura franquista. Historia de una maestra estar\u00e1 en el <a href=\"https:\/\/dramatico.inaem.gob.es\/programacion\/teatro-valle-inclan\/\" rel=\"nofollow noopener\" title=\"https:\/\/dramatico.inaem.gob.es\/programacion\/teatro-valle-inclan\/\" target=\"_blank\">teatro Valle Incl\u00e1n<\/a> de Madrid desde el 21 de noviembre hasta el 11 de enero, en un montaje dirigido por Raquel Alarc\u00f3n junto a Laura Ortega y con la adaptaci\u00f3n de Aurora Parrilla. <\/p>\n<p class=\"\">Bajo una escenograf\u00eda cambiante de Pablo Chaves, de sombras que caminan, de frondosos \u00e1rboles que aparecen y desaparecen, de pupitres en las aulas y de mares que se ven al fondo, este gran montaje cuenta con 12 int\u00e9rpretes en el escenario, con Julia Rubio (en el papel de Gabriela L\u00f3pez) y Manuela Velasco (como Josefina Aldecoa). <\/p>\n<p><img decoding=\"auto\" class=\"_re lazyload a_m-h\" height=\"276\"  width=\"414\"  src=\"https:\/\/www.europesays.com\/es\/wp-content\/uploads\/2025\/11\/5LNQ7GX225CLTI25JKZ6U7CX7E.jpg\" loading=\"lazy\"\/>Un momento de los ensayos de &#8216;Historia de una maestra&#8217;, en el madrile\u00f1o teatro Valle Incl\u00e1n.<\/p>\n<p class=\"\">La directora de <a href=\"https:\/\/elpais.com\/babelia\/2023-01-21\/historia-de-una-maestra-la-educacion-igualitaria-una-hermosa-utopia.html\" rel=\"nofollow noopener\" title=\"https:\/\/elpais.com\/babelia\/2023-01-21\/historia-de-una-maestra-la-educacion-igualitaria-una-hermosa-utopia.html\" target=\"_blank\">Historia de una maestra<\/a>, Raquel Alarc\u00f3n, es pedagoga, maestra de Lengua y Literatura y defensora de los trabajos en comunidades. \u201cAntes que directora y actriz fui profesora\u201d, explica sobre el porqu\u00e9 de su entusiasmo ante la propuesta de Alfredo Sanzol, director del Centro Dram\u00e1tico Nacional. \u201cEl teatro es como un aula, un lugar de encuentro y aprendizaje, de descubrimiento y transformaci\u00f3n\u201d, asegura Alarc\u00f3n. \u201cJosefina Aldecoa y su madre fueron ejemplos del valor de la ense\u00f1anza, de la necesidad de aprender y descubrir. Debemos de hacer frente a los silencios y despertar la memoria hist\u00f3rica\u201d, defiende, proclamando junto a la autora de la adaptaci\u00f3n, Aurora Parilla (Alcal\u00e1 de Henares, 27 a\u00f1os), la necesidad de proteger la educaci\u00f3n p\u00fablica y el espacio de libertad en las aulas. <\/p>\n<p class=\"\">\u201cSu maternidad la enfrent\u00f3 al sue\u00f1o de ser maestra, un conflicto que es actual y al que nos enfrentamos todas las mujeres\u201d, a\u00f1ade Parrilla, cuya adaptaci\u00f3n al libro (editado por Anagrama) ha sido absolutamente fiel. <\/p>\n<p class=\"\">Gabriela L\u00f3pez fue una m\u00e1s de las miles de maestras que ejercieron su profesi\u00f3n durante la Segunda Rep\u00fablica, y cuya derrota tras el <a href=\"https:\/\/elpais.com\/opinion\/2021-07-16\/el-terror-como-proposito.html\" rel=\"nofollow noopener\" title=\"https:\/\/elpais.com\/opinion\/2021-07-16\/el-terror-como-proposito.html\" target=\"_blank\">golpe de Estado del general Franco<\/a> y la <a href=\"https:\/\/elpais.com\/noticias\/guerra-civil-espanola\/\" rel=\"nofollow noopener\" title=\"https:\/\/elpais.com\/noticias\/guerra-civil-espanola\/\" target=\"_blank\">Guerra Civil<\/a>, acab\u00f3 con uno de los proyectos m\u00e1s ilusionantes que se pusieron en marcha en los a\u00f1os de 1931 a 1936. Da buena cuenta de ello la funci\u00f3n La escuela perdida, una creaci\u00f3n colectiva de la compa\u00f1\u00eda Solo es Nuestro Deseo, que es todo un homenaje a las escuelas republicanas de Madrid y a la dif\u00edcil situaci\u00f3n de empezar el curso escolar en septiembre de 1936 con la Guerra Civil iniciada en julio de ese mismo a\u00f1o. La obra, con ocho historias basadas en personales reales y ocho actores no profesionales (cinco mujeres y tres hombres), y dirigida por Toni Ruiz (Buenos Aires, 1975), se representa cada jueves en la sala Tarambana de Madrid. <\/p>\n<p class=\"\">La idea de este montaje nace de Carlos D\u00edez, uno de los actores, profesor jubilado de Historia y militante de la memoria hist\u00f3rica. \u201cLa Segunda Rep\u00fablica toma la importante decisi\u00f3n de transformar una educaci\u00f3n b\u00e1sicamente privada y religiosa en una educaci\u00f3n p\u00fablica y laica. Me pregunto muchas veces como hubiera sido Espa\u00f1a si hubi\u00e9ramos continuado con esa educaci\u00f3n y m\u00e1s en estos tiempos de auge de la ultraderecha\u201d, comenta Toni Ruiz, que se califica a s\u00ed mismo de \u201cmilitante del teatro\u201d. \u201cSi el teatro ha sido siempre un arte fundamental, hoy, en la \u00e9poca de la inmediatez y el TikTok, lo es todav\u00eda m\u00e1s\u201d. <\/p>\n","protected":false},"excerpt":{"rendered":"Coinciden estos d\u00edas en la cartelera teatral tres espect\u00e1culos que tienen como eje central la educaci\u00f3n: Francisco Ferrer.&hellip;\n","protected":false},"author":2,"featured_media":242138,"comment_status":"","ping_status":"","sticky":false,"template":"","format":"standard","meta":{"footnotes":""},"categories":[91],"tags":[209,37689,2026,146,147,25,24,1470,13172,50418,62270,23,1651],"class_list":{"0":"post-242137","1":"post","2":"type-post","3":"status-publish","4":"format-standard","5":"has-post-thumbnail","7":"category-entretenimiento","8":"tag-cultura","9":"tag-dramaturgos","10":"tag-educacion","11":"tag-entertainment","12":"tag-entretenimiento","13":"tag-es","14":"tag-espana","15":"tag-franquismo","16":"tag-guerra-civil-espanola","17":"tag-pedagogia","18":"tag-segunda-republica-espanola","19":"tag-spain","20":"tag-teatro"},"share_on_mastodon":{"url":"https:\/\/pubeurope.com\/@es\/115568923742776525","error":""},"_links":{"self":[{"href":"https:\/\/www.europesays.com\/es\/wp-json\/wp\/v2\/posts\/242137","targetHints":{"allow":["GET"]}}],"collection":[{"href":"https:\/\/www.europesays.com\/es\/wp-json\/wp\/v2\/posts"}],"about":[{"href":"https:\/\/www.europesays.com\/es\/wp-json\/wp\/v2\/types\/post"}],"author":[{"embeddable":true,"href":"https:\/\/www.europesays.com\/es\/wp-json\/wp\/v2\/users\/2"}],"replies":[{"embeddable":true,"href":"https:\/\/www.europesays.com\/es\/wp-json\/wp\/v2\/comments?post=242137"}],"version-history":[{"count":0,"href":"https:\/\/www.europesays.com\/es\/wp-json\/wp\/v2\/posts\/242137\/revisions"}],"wp:featuredmedia":[{"embeddable":true,"href":"https:\/\/www.europesays.com\/es\/wp-json\/wp\/v2\/media\/242138"}],"wp:attachment":[{"href":"https:\/\/www.europesays.com\/es\/wp-json\/wp\/v2\/media?parent=242137"}],"wp:term":[{"taxonomy":"category","embeddable":true,"href":"https:\/\/www.europesays.com\/es\/wp-json\/wp\/v2\/categories?post=242137"},{"taxonomy":"post_tag","embeddable":true,"href":"https:\/\/www.europesays.com\/es\/wp-json\/wp\/v2\/tags?post=242137"}],"curies":[{"name":"wp","href":"https:\/\/api.w.org\/{rel}","templated":true}]}}