{"id":242141,"date":"2025-11-18T04:57:12","date_gmt":"2025-11-18T04:57:12","guid":{"rendered":"https:\/\/www.europesays.com\/es\/242141\/"},"modified":"2025-11-18T04:57:12","modified_gmt":"2025-11-18T04:57:12","slug":"los-operadores-de-telefonia-movil-ganan-a-la-industria-del-wifi-la-primera-batalla-de-las-altas-frecuencias","status":"publish","type":"post","link":"https:\/\/www.europesays.com\/es\/242141\/","title":{"rendered":"Los operadores de telefon\u00eda m\u00f3vil ganan a la industria del WiFi la primera batalla de las altas frecuencias"},"content":{"rendered":"<p>Los operadores de telecomunicaciones pueden celebrar el \u00e9xito parcial en su particular <a href=\"https:\/\/www.eleconomista.es\/tecnologia\/noticias\/13618184\/10\/25\/europa-se-juega-mucho-mas-que-el-futuro-del-5g-y-6g-en-la-batalla-entre-el-movil-y-el-wifi.html\" rel=\"nofollow noopener\" target=\"_blank\">batalla por el uso de las frecuencias de 6 GHZ con la industria del WiFi<\/a>. En concreto, el Grupo de Pol\u00edtica del Espectro Radioel\u00e9ctrico (RSPG) ha desvelado su dictamen sobre el destino de la banda superior de 6 GHz, \u00ablo supone un reconocimiento positivo de la importancia de garantizar que la industria m\u00f3vil europea disponga del espectro que necesita para su crecimiento futuro\u00bb, seg\u00fan valora la patronal sectorial, la GSMA.<\/p>\n<p>La decisi\u00f3n del organismo europeo confirma que se asignar\u00e1n 665 o 700 MHz del espectro dentro del rango de 6,425-7,250 GHz para uso m\u00f3vil. Por lo tanto, seg\u00fan informa la GSMA, <b>\u00abesto puede permitir un m\u00ednimo de 200 MHz por operador, que ser\u00e1 necesario para el lanzamiento de la 6G <\/b>(la 6G funcionar\u00e1 en canales de 200-400 MHz)\u00bb. En su primera valoraci\u00f3n , el ecosistema celular valora lo sucedido como \u00abun paso positivo hacia la creaci\u00f3n de una hoja de ruta s\u00f3lida para el espectro con vistas al lanzamiento de la 6G en Europa\u00bb.<\/p>\n<p>Seg\u00fan las mismas fuentes, los pa\u00edses que representan m\u00e1s del 80% de la poblaci\u00f3n mundial han mostrado su apoyo a la telefon\u00eda m\u00f3vil en la banda superior de 6 GHz. El objetivo final pretende que los ciudadanos europeos se beneficien de las econom\u00edas de escala que conlleva la armonizaci\u00f3n de la banda en la mayor parte del resto del mundo.<b> La GSMA cree que el dictamen es un buen primer paso en este camino<\/b> y seguir\u00e1 trabajando con todos los pa\u00edses para alcanzar este objetivo.<\/p>\n<p>Seg\u00fan el dictamen del RSPG, ahora se designan 540 MHz (6,585-7,125 GHz) para uso m\u00f3vil prioritario. <b>Adem\u00e1s, se esperan otros 160 MHz (6,425-6,585 GHz), que podr\u00edan caer del lado de los operadores de m\u00f3viles en la totalidad, para as\u00ed sumar hasta 700 MHz, <\/b> seg\u00fan lo que decida la CMR-27 en noviembre de 2027. A lo anterior se a\u00f1aden otros 125 MHz (7,125-7,250 GHz) adicionales, sin due\u00f1o a la vista. <\/p>\n<p>Sin embargo, se confirmar\u00e1n 160 MHz (6,425-6,585 GHz) o 125 MHz (7,125-7,250 GHz) adicionales despu\u00e9s de la CMR-27. La GMSA indica en su web corporativa que \u00abEuropa necesita reforzar su posici\u00f3n en cuanto a calidad, velocidad y resiliencia de las redes m\u00f3viles y seguir siendo competitiva frente a otros mercados importantes, en particular Asia Oriental, el Golfo y los Estados Unidos. Es posible que estos pa\u00edses vayan m\u00e1s all\u00e1 en la CMR-27 y Europa tendr\u00e1 que seguir avanzando en el apoyo a las necesidades actuales para el lanzamiento de la 6G en la d\u00e9cada de 2030\u00bb.<\/p>\n<p>Entre otros argumentos, la patronal de las telecomunicaciones asegura que <b>\u00abel acceso a un espectro suficiente es fundamental para alcanzar los objetivos de conectividad<\/b> y respaldar las ambiciones estrat\u00e9gicas de Europa de recuperar la competitividad y el crecimiento\u00bb. Ante esa exigencia t\u00e9cnica, \u00ablos Estados miembros deben seguir colaborando con el RSPG en su hoja de ruta para la 6G y en los preparativos internacionales para la CMR-27, a fin de garantizar que la industria m\u00f3vil europea obtenga un espectro de banda media suficiente para sus necesidades actuales y futuras\u00bb.<\/p>\n<p>WhatsApp<a href=\"https:\/\/api.whatsapp.com\/send?text=https:\/\/www.eleconomista.es\/telecomunicaciones\/noticias\/13648435\/11\/25\/los-operadores-de-telefonia-movil-ganan-a-la-industria-del-wifi-la-primera-batalla-de-las-altas-frecuencias.html?utm_source%3Dwhatsapp%26utm_medium%3Dshare_button&amp;id=1648118629957_whatsapp\" target=\"_blank\" data-action=\"share\/whatsapp\/share\" aria-label=\"Compartir en Whatsapp\" rel=\"nofollow noopener\"><\/a>Facebook<a id=\"fb-share\" href=\"#\" target=\"_blank\" rel=\"noopener noreferrer\" aria-label=\"Compartir en Facebook\"><\/a>Twitter<a href=\"https:\/\/twitter.com\/share?text=Los+operadores+de+telefon%C3%ADa+m%C3%B3vil+ganan+a+la+industria+del+WiFi+la+primera+batalla+de+las+altas+frecuencias&amp;url=https:\/\/www.eleconomista.es\/telecomunicaciones\/noticias\/13648435\/11\/25\/los-operadores-de-telefonia-movil-ganan-a-la-industria-del-wifi-la-primera-batalla-de-las-altas-frecuencias.html&amp;via=elEconomistaes&amp;id=1648118839245_twitter\" target=\"_blank\" aria-label=\"Compartir en Twitter\" rel=\"nofollow noopener\"><\/a>Linkedin<a href=\"https:\/\/linkedin.com\/share?text=https:\/\/www.eleconomista.es\/telecomunicaciones\/noticias\/13648435\/11\/25\/los-operadores-de-telefonia-movil-ganan-a-la-industria-del-wifi-la-primera-batalla-de-las-altas-frecuencias.html&amp;via=elEconomistaes\" target=\"_blank\" aria-label=\"Compartir en linkedin\" rel=\"nofollow noopener\"><\/a>Beloud<a href=\"https:\/\/beloud.com\/share?text=Los+operadores+de+telefon%C3%ADa+m%C3%B3vil+ganan+a+la+industria+del+WiFi+la+primera+batalla+de+las+altas+frecuencias&amp;url=https:\/\/www.eleconomista.es\/telecomunicaciones\/noticias\/13648435\/11\/25\/los-operadores-de-telefonia-movil-ganan-a-la-industria-del-wifi-la-primera-batalla-de-las-altas-frecuencias.html&amp;via=elEconomistaes&amp;id=1648118839245_beloud\" target=\"_blank\" aria-label=\"Compartir en beloud\" rel=\"nofollow noopener\"><\/a>Bluesky<a href=\"https:\/\/bsky.app\/intent\/compose?text=https:\/\/bsky.app\/intent\/compose?text=https:\/\/www.eleconomista.es\/telecomunicaciones\/noticias\/13648435\/11\/25\/los-operadores-de-telefonia-movil-ganan-a-la-industria-del-wifi-la-primera-batalla-de-las-altas-frecuencias.html&amp;url=https:\/\/www.eleconomista.es\/telecomunicaciones\/noticias\/13648435\/11\/25\/los-operadores-de-telefonia-movil-ganan-a-la-industria-del-wifi-la-primera-batalla-de-las-altas-frecuencias.html&amp;via=elEconomistaes&amp;id=1648118839245_bluesky\" target=\"_blank\" aria-label=\"Compartir en bluesky\" rel=\"nofollow noopener\"><\/a><\/p>\n<p><script async src=\"https:\/\/platform.twitter.com\/widgets.js\" charset=\"utf-8\"><\/script><\/p>\n","protected":false},"excerpt":{"rendered":"Los operadores de telecomunicaciones pueden celebrar el \u00e9xito parcial en su particular batalla por el uso de las&hellip;\n","protected":false},"author":2,"featured_media":242142,"comment_status":"","ping_status":"","sticky":false,"template":"","format":"standard","meta":{"footnotes":""},"categories":[80],"tags":[82,95,94,25,24,23,6538],"class_list":{"0":"post-242141","1":"post","2":"type-post","3":"status-publish","4":"format-standard","5":"has-post-thumbnail","7":"category-economia","8":"tag-business","9":"tag-economia","10":"tag-economy","11":"tag-es","12":"tag-espana","13":"tag-spain","14":"tag-telecomunicaciones"},"share_on_mastodon":{"url":"https:\/\/pubeurope.com\/@es\/115568931198652432","error":""},"_links":{"self":[{"href":"https:\/\/www.europesays.com\/es\/wp-json\/wp\/v2\/posts\/242141","targetHints":{"allow":["GET"]}}],"collection":[{"href":"https:\/\/www.europesays.com\/es\/wp-json\/wp\/v2\/posts"}],"about":[{"href":"https:\/\/www.europesays.com\/es\/wp-json\/wp\/v2\/types\/post"}],"author":[{"embeddable":true,"href":"https:\/\/www.europesays.com\/es\/wp-json\/wp\/v2\/users\/2"}],"replies":[{"embeddable":true,"href":"https:\/\/www.europesays.com\/es\/wp-json\/wp\/v2\/comments?post=242141"}],"version-history":[{"count":0,"href":"https:\/\/www.europesays.com\/es\/wp-json\/wp\/v2\/posts\/242141\/revisions"}],"wp:featuredmedia":[{"embeddable":true,"href":"https:\/\/www.europesays.com\/es\/wp-json\/wp\/v2\/media\/242142"}],"wp:attachment":[{"href":"https:\/\/www.europesays.com\/es\/wp-json\/wp\/v2\/media?parent=242141"}],"wp:term":[{"taxonomy":"category","embeddable":true,"href":"https:\/\/www.europesays.com\/es\/wp-json\/wp\/v2\/categories?post=242141"},{"taxonomy":"post_tag","embeddable":true,"href":"https:\/\/www.europesays.com\/es\/wp-json\/wp\/v2\/tags?post=242141"}],"curies":[{"name":"wp","href":"https:\/\/api.w.org\/{rel}","templated":true}]}}