{"id":242143,"date":"2025-11-18T04:58:09","date_gmt":"2025-11-18T04:58:09","guid":{"rendered":"https:\/\/www.europesays.com\/es\/242143\/"},"modified":"2025-11-18T04:58:09","modified_gmt":"2025-11-18T04:58:09","slug":"trump-asegura-que-estaria-orgulloso-de-ordenar-ataques-contra-narcotraficantes-en-suelo-mexicano","status":"publish","type":"post","link":"https:\/\/www.europesays.com\/es\/242143\/","title":{"rendered":"Trump asegura que estar\u00eda \u00aborgulloso\u00bb de ordenar ataques contra narcotraficantes en suelo mexicano"},"content":{"rendered":"<p>    MADRID 17 Nov. (EUROPA PRESS) &#8211; <\/p>\n<p>   El presidente de Estados Unidos, Donald Trump, ha afirmado este lunes que estar\u00eda \u00aborgulloso\u00bb de ordenar ataques contra narcotraficantes similares a los que en las \u00faltimas semanas han costado la vida a m\u00e1s de 85 personas en aguas del Caribe y el Pac\u00edfico.<\/p>\n<p>   \u00abConocemos las rutas. Sabemos la direcci\u00f3n de cada capo de la droga. Sabemos sus direcciones. Sabemos c\u00f3mo son las puertas de sus casas. Lo sabemos todo de cada uno de ellos. Est\u00e1n matando a nuestra gente. Es como una guerra. \u00bfQue si lo har\u00eda? Estar\u00eda orgulloso de hacerlo\u00bb, ha argumentado en rueda de prensa desde la Casa Blanca. La mayor\u00eda del tr\u00e1fico procede de M\u00e9xico, seg\u00fan Trump, que ha expresado su malestar con el pa\u00eds. \u00abNo estoy contento con M\u00e9xico\u00bb, ha subrayado.<\/p>\n<p>   Trump se ha referido adem\u00e1s a los disturbios durante la marcha de la oposici\u00f3n del s\u00e1bado en M\u00e9xico DF. \u00abHe estado viendo lo que pasaba en Ciudad de M\u00e9xico este fin de semana. Hay problemas graves all\u00ed\u00bb, ha indicado.<\/p>\n<p>   La conclusi\u00f3n de que el tr\u00e1fico de drogas llega a Estados Unidos a trav\u00e9s de M\u00e9xico la basa Trump en que los recientes ataques militares han permitido rebajar un 85 por ciento el tr\u00e1fico a trav\u00e9s del mar. \u00abNo s\u00e9 de d\u00f3nde viene el 15 por ciento. No s\u00e9. No s\u00e9\u00bb, ha ironizado.<\/p>\n<p>   Trump ha asegurado que si fuera al Congreso para presentar estos ataques, tanto dem\u00f3cratas como republicanos estar\u00edan de acuerdo. \u00abA menos que estuvieran locos y est\u00e1n un poco locos los dem\u00f3cratas, pero hemos perdido cientos de miles de personas que han muerto, por no hablar de la destrucci\u00f3n de familias\u00bb, ha destacado.<\/p>\n<p>   Estados Unidos ha desplegado un importante contingente militar en aguas del Caribe oficialmente para combatir el narcotr\u00e1fico. En los 21 ataques militares contra supuestos narcotraficantes en el Caribe y el Pac\u00edfico han muerto 83 personas en las \u00faltimas semanas, seg\u00fan el recuento basado en los comunicados oficiales.<\/p>\n","protected":false},"excerpt":{"rendered":"MADRID 17 Nov. (EUROPA PRESS) &#8211; El presidente de Estados Unidos, Donald Trump, ha afirmado este lunes que&hellip;\n","protected":false},"author":2,"featured_media":242144,"comment_status":"","ping_status":"","sticky":false,"template":"","format":"standard","meta":{"footnotes":""},"categories":[42],"tags":[17,18,13,14,11,61,62,63,64,19,20,9,10,15,16,12,21,22,65,66,67],"class_list":{"0":"post-242143","1":"post","2":"type-post","3":"status-publish","4":"format-standard","5":"has-post-thumbnail","7":"category-internacional","8":"tag-breaking-news","9":"tag-breakingnews","10":"tag-featured-news","11":"tag-featurednews","12":"tag-headlines","13":"tag-internacional","14":"tag-international","15":"tag-international-news","16":"tag-internationalnews","17":"tag-latest-news","18":"tag-latestnews","19":"tag-news","20":"tag-noticias","21":"tag-noticias-destacadas","22":"tag-noticiasdestacadas","23":"tag-titulares","24":"tag-ultimas-noticias","25":"tag-ultimasnoticias","26":"tag-world","27":"tag-world-news","28":"tag-worldnews"},"share_on_mastodon":{"url":"https:\/\/pubeurope.com\/@es\/115568935255648439","error":""},"_links":{"self":[{"href":"https:\/\/www.europesays.com\/es\/wp-json\/wp\/v2\/posts\/242143","targetHints":{"allow":["GET"]}}],"collection":[{"href":"https:\/\/www.europesays.com\/es\/wp-json\/wp\/v2\/posts"}],"about":[{"href":"https:\/\/www.europesays.com\/es\/wp-json\/wp\/v2\/types\/post"}],"author":[{"embeddable":true,"href":"https:\/\/www.europesays.com\/es\/wp-json\/wp\/v2\/users\/2"}],"replies":[{"embeddable":true,"href":"https:\/\/www.europesays.com\/es\/wp-json\/wp\/v2\/comments?post=242143"}],"version-history":[{"count":0,"href":"https:\/\/www.europesays.com\/es\/wp-json\/wp\/v2\/posts\/242143\/revisions"}],"wp:featuredmedia":[{"embeddable":true,"href":"https:\/\/www.europesays.com\/es\/wp-json\/wp\/v2\/media\/242144"}],"wp:attachment":[{"href":"https:\/\/www.europesays.com\/es\/wp-json\/wp\/v2\/media?parent=242143"}],"wp:term":[{"taxonomy":"category","embeddable":true,"href":"https:\/\/www.europesays.com\/es\/wp-json\/wp\/v2\/categories?post=242143"},{"taxonomy":"post_tag","embeddable":true,"href":"https:\/\/www.europesays.com\/es\/wp-json\/wp\/v2\/tags?post=242143"}],"curies":[{"name":"wp","href":"https:\/\/api.w.org\/{rel}","templated":true}]}}