{"id":242149,"date":"2025-11-18T05:05:10","date_gmt":"2025-11-18T05:05:10","guid":{"rendered":"https:\/\/www.europesays.com\/es\/242149\/"},"modified":"2025-11-18T05:05:10","modified_gmt":"2025-11-18T05:05:10","slug":"paula-badosa-y-su-guino-a-la-perla-de-rosalia-tras-su-ruptura-con-stefanos-tsitsipas-en-el-plato-de-su-ex-david-broncano","status":"publish","type":"post","link":"https:\/\/www.europesays.com\/es\/242149\/","title":{"rendered":"Paula Badosa y su gui\u00f1o a &#8216;La Perla&#8217; de Rosal\u00eda tras su ruptura con St\u00e9fanos Tsitsip\u00e1s, en el plat\u00f3 de su ex David Broncano"},"content":{"rendered":"<p><img loading=\"lazy\" decoding=\"async\" src=\"https:\/\/www.europesays.com\/es\/wp-content\/uploads\/2025\/10\/1760450890_434_100x100_informalia-logo.jpg\" itemtype=\"\/\/schema.org\/ImageObject\" itemprop=\"url\" alt=\"Informalia\" width=\"64\" height=\"64\" pinger-seen=\"true\"\/><\/p>\n<p>No est\u00e1 siendo un a\u00f1o f\u00e1cil para <b>Paula Badosa<\/b> (28). La tenista, que anunci\u00f3 el pasado mes de septiembre su retirada de las pistas hasta 2026, ha hablado este lunes sobre su situaci\u00f3n sentimental tras finalizar su relaci\u00f3n de dos a\u00f1os con el griego <b>St\u00e9fanos Tsitsip\u00e1s<\/b>.<\/p>\n<p>\u00ab<b>Quer\u00eda mandar un mensaje a Rosal\u00eda (&#8230;.) Me ha encantado el disco, sobre todo La Perla. Estamos en ese momento de la vida<\/b>\u00ab, ha admitido en La Revuelta de<b> David Broncano<\/b>, con quien vivi\u00f3 una intensa historia de amor en 2020 y con quien ahora mantiene una buena relaci\u00f3n de amistad.<\/p>\n<p>Asimismo, tras admitir que su canci\u00f3n favorita del cuarto \u00e1lbum de estudio de Rosal\u00eda es<a href=\"https:\/\/www.eleconomista.es\/informalia\/television\/noticias\/13636891\/11\/25\/broncano-monta-una-reunion-vip-para-recibir-a-rosalia-de-almodovar-a-carmen-machi-carmena-y-estopa.html\" rel=\"nofollow noopener\" target=\"_blank\"> aquel tema que va dedicado a un ex<\/a>, la tenista catalana ha aclarado que actualmente no est\u00e1 inmersa en ninguna relaci\u00f3n amorosa. \u00ab<b>Estoy soltera. Lo estoy confirmando<\/b>\u00ab, ha subrayado.<\/p>\n<p>Paula Badosa y Stefanos Tsitsipas pusieron fin a su noviazgo de dos a\u00f1os (cont\u00f3 con un par\u00e9ntesis de unos meses a finales de 2024) el pasado mes de julio. Aunque la deportista s\u00ed aclar\u00f3 en sus redes que su relaci\u00f3n con el griego hab\u00eda terminado, no especific\u00f3 cu\u00e1les fueron los motivos de su ruptura.<\/p>\n<p>Fue la revista \u00a1Hola! quien public\u00f3 que su separaci\u00f3n estaba relacionada con la mala racha deportiva que ambos arrastraban. \u00ab<b>La ruptura acaba de suceder. Ambos han ca\u00eddo en primera ronda en Londres y todo se ha juntado para ellos<\/b>\u00ab, detallaron.<\/p>\n<p>WhatsApp<a href=\"https:\/\/api.whatsapp.com\/send?text=https:\/\/www.eleconomista.es\/informalia\/famosos\/noticias\/13648635\/11\/25\/paula-badosa-y-su-guino-a-la-perla-de-rosalia-tras-su-ruptura-con-stefanos-tsitsipas-en-el-plato-de-su-ex-david-broncano.html?utm_source%3Dwhatsapp%26utm_medium%3Dshare_button&amp;id=1648118629957_whatsapp\" target=\"_blank\" data-action=\"share\/whatsapp\/share\" aria-label=\"Compartir en Whatsapp\" rel=\"nofollow noopener\"><\/a>Facebook<a id=\"fb-share\" href=\"#\" target=\"_blank\" rel=\"noopener noreferrer\" aria-label=\"Compartir en Facebook\"><\/a>Twitter<a href=\"https:\/\/twitter.com\/share?text=Paula+Badosa+y+su+gui%C3%B1o+a+%27La+Perla%27+de+Rosal%C3%ADa+tras+su+ruptura+con+St%C3%A9fanos+Tsitsip%C3%A1s%2C+en+el+plat%C3%B3+de+su+ex+David+Broncano&amp;url=https:\/\/www.eleconomista.es\/informalia\/famosos\/noticias\/13648635\/11\/25\/paula-badosa-y-su-guino-a-la-perla-de-rosalia-tras-su-ruptura-con-stefanos-tsitsipas-en-el-plato-de-su-ex-david-broncano.html&amp;via=Informalia&amp;id=1648118839245_twitter\" target=\"_blank\" aria-label=\"Compartir en Twitter\" rel=\"nofollow noopener\"><\/a>Linkedin<a onclick=\"return abrirLinkedin();\" href=\"https:\/\/www.linkedin.com\/shareArticle?text=Paula+Badosa+y+su+gui%C3%B1o+a+%27La+Perla%27+de+Rosal%C3%ADa+tras+su+ruptura+con+St%C3%A9fanos+Tsitsip%C3%A1s%2C+en+el+plat%C3%B3+de+su+ex+David+Broncano&amp;url=https:\/\/www.eleconomista.es\/informalia\/famosos\/noticias\/13648635\/11\/25\/paula-badosa-y-su-guino-a-la-perla-de-rosalia-tras-su-ruptura-con-stefanos-tsitsipas-en-el-plato-de-su-ex-david-broncano.html&amp;mini=true\" target=\"_blank\" aria-label=\"Compartir en linkedin\" rel=\"nofollow noopener\"><\/a>Beloud<a href=\"https:\/\/beloud.com\/share?text=Paula+Badosa+y+su+gui%C3%B1o+a+%27La+Perla%27+de+Rosal%C3%ADa+tras+su+ruptura+con+St%C3%A9fanos+Tsitsip%C3%A1s%2C+en+el+plat%C3%B3+de+su+ex+David+Broncano&amp;url=https:\/\/www.eleconomista.es\/informalia\/famosos\/noticias\/13648635\/11\/25\/paula-badosa-y-su-guino-a-la-perla-de-rosalia-tras-su-ruptura-con-stefanos-tsitsipas-en-el-plato-de-su-ex-david-broncano.html&amp;via=Informalia&amp;id=1648118839245_beloud\" target=\"_blank\" aria-label=\"Compartir en beloud\" rel=\"nofollow noopener\"><\/a>Bluesky<a href=\"https:\/\/bsky.app\/intent\/compose?text=https:\/\/bsky.app\/intent\/compose?text=https:\/\/www.eleconomista.es\/informalia\/famosos\/noticias\/13648635\/11\/25\/paula-badosa-y-su-guino-a-la-perla-de-rosalia-tras-su-ruptura-con-stefanos-tsitsipas-en-el-plato-de-su-ex-david-broncano.html&amp;url=https:\/\/www.eleconomista.es\/informalia\/famosos\/noticias\/13648635\/11\/25\/paula-badosa-y-su-guino-a-la-perla-de-rosalia-tras-su-ruptura-con-stefanos-tsitsipas-en-el-plato-de-su-ex-david-broncano.html&amp;via=elEconomistaes&amp;id=1648118839245_bluesky\" target=\"_blank\" aria-label=\"Compartir en bluesky\" rel=\"nofollow noopener\"><\/a><\/p>\n<p><script async src=\"https:\/\/platform.twitter.com\/widgets.js\" charset=\"utf-8\"><\/script><\/p>\n","protected":false},"excerpt":{"rendered":"No est\u00e1 siendo un a\u00f1o f\u00e1cil para Paula Badosa (28). La tenista, que anunci\u00f3 el pasado mes de&hellip;\n","protected":false},"author":2,"featured_media":242150,"comment_status":"","ping_status":"","sticky":false,"template":"","format":"standard","meta":{"footnotes":""},"categories":[274],"tags":[168,25,24,260,23,167,327,326],"class_list":{"0":"post-242149","1":"post","2":"type-post","3":"status-publish","4":"format-standard","5":"has-post-thumbnail","7":"category-tenis","8":"tag-deportes","9":"tag-es","10":"tag-espana","11":"tag-gente","12":"tag-spain","13":"tag-sports","14":"tag-tenis","15":"tag-tennis"},"share_on_mastodon":{"url":"https:\/\/pubeurope.com\/@es\/115568962905973897","error":""},"_links":{"self":[{"href":"https:\/\/www.europesays.com\/es\/wp-json\/wp\/v2\/posts\/242149","targetHints":{"allow":["GET"]}}],"collection":[{"href":"https:\/\/www.europesays.com\/es\/wp-json\/wp\/v2\/posts"}],"about":[{"href":"https:\/\/www.europesays.com\/es\/wp-json\/wp\/v2\/types\/post"}],"author":[{"embeddable":true,"href":"https:\/\/www.europesays.com\/es\/wp-json\/wp\/v2\/users\/2"}],"replies":[{"embeddable":true,"href":"https:\/\/www.europesays.com\/es\/wp-json\/wp\/v2\/comments?post=242149"}],"version-history":[{"count":0,"href":"https:\/\/www.europesays.com\/es\/wp-json\/wp\/v2\/posts\/242149\/revisions"}],"wp:featuredmedia":[{"embeddable":true,"href":"https:\/\/www.europesays.com\/es\/wp-json\/wp\/v2\/media\/242150"}],"wp:attachment":[{"href":"https:\/\/www.europesays.com\/es\/wp-json\/wp\/v2\/media?parent=242149"}],"wp:term":[{"taxonomy":"category","embeddable":true,"href":"https:\/\/www.europesays.com\/es\/wp-json\/wp\/v2\/categories?post=242149"},{"taxonomy":"post_tag","embeddable":true,"href":"https:\/\/www.europesays.com\/es\/wp-json\/wp\/v2\/tags?post=242149"}],"curies":[{"name":"wp","href":"https:\/\/api.w.org\/{rel}","templated":true}]}}