{"id":242151,"date":"2025-11-18T05:08:08","date_gmt":"2025-11-18T05:08:08","guid":{"rendered":"https:\/\/www.europesays.com\/es\/242151\/"},"modified":"2025-11-18T05:08:08","modified_gmt":"2025-11-18T05:08:08","slug":"serbia-convoca-a-ocho-jugadores-de-euroliga-para-las-ventanas","status":"publish","type":"post","link":"https:\/\/www.europesays.com\/es\/242151\/","title":{"rendered":"Serbia convoca a ocho jugadores de Euroliga para las Ventanas"},"content":{"rendered":"<p data-gtm-element-container=\"modulo-texto-link\" class=\"paragraph\">La selecci\u00f3n nacional de <strong>Serbia<\/strong> ha desvelado su lista de 24 jugadores para la pr\u00f3xima ventana de clasificaci\u00f3n de la <strong>Copa del Mundo FIBA<\/strong> de la pr\u00f3xima semana. El entrenador Dusan <strong>Alimpijevic <\/strong>ha optado por una convocatoria amplia que incluye a ocho talentos destacados de la <strong>Euroliga<\/strong>, buscando asegurar un rendimiento competitivo en los pr\u00f3ximos desaf\u00edos.<\/p>\n<p data-gtm-element-container=\"modulo-texto-link\" class=\"paragraph\">Entre los nombres m\u00e1s prominentes figura Vasilije <strong>Micic<\/strong>, la estrella del <strong>Hapoel <\/strong>Tel Aviv, cuya presencia refuerza significativamente el per\u00edmetro serbio. Junto a \u00e9l, Aleksa <strong>Radanov <\/strong>del FC <strong>Bayern <\/strong>M\u00fanich y Alen <strong>Smailagic <\/strong>del <strong>Virtus Bolonia <\/strong>tambi\u00e9n aportar\u00e1n su experiencia y calidad procedentes de la m\u00e1xima competici\u00f3n europea.<\/p>\n<p data-gtm-element-container=\"modulo-texto-link\" class=\"paragraph\">El Estrella Roja de Belgrado contribuye con un tr\u00edo de jugadores: Stefan <strong>Miljenovic<\/strong>, Ognjen <strong>Dobric <\/strong>y Dejan <strong>Davidovac<\/strong>, todos ellos habituales en la <strong>Euroliga<\/strong>. Asimismo, el <strong>Partizan <\/strong>de Belgrado suma a Arijan <strong>Lakic <\/strong>y Aleksej <strong>Pokusevski<\/strong>, completando as\u00ed la cuota de ocho representantes de equipos de \u00e9lite europea.<\/p>\n<tr bgcolor=\"#003366\" style=\"color:white;\">\n      Jugador<br \/>\n      Equipo<br \/>\n    <\/tr>\n<tr>\n<td>Vasilije Micic<\/td>\n<td>Hapoel Tel Aviv<\/td>\n<\/tr>\n<tr>\n<td>Ognjen Jaramaz<\/td>\n<td>Ilirija Ljubljana<\/td>\n<\/tr>\n<tr>\n<td>Danilo Andjusic<\/td>\n<td>Aris Thessaloniki<\/td>\n<\/tr>\n<tr>\n<td>Aleksa Radanov<\/td>\n<td>FC Bayern Munich<\/td>\n<\/tr>\n<tr>\n<td>Stefan Nikolic<\/td>\n<td>Umana Reyer Venezia<\/td>\n<\/tr>\n<tr>\n<td>Balsa Koprivica<\/td>\n<td>Bahcesehir Koleji<\/td>\n<\/tr>\n<tr>\n<td>Alen Smailagic<\/td>\n<td>Virtus Bologna<\/td>\n<\/tr>\n<tr>\n<td>Dusan Ristic<\/td>\n<td>Brave Thunders Kawasaki<\/td>\n<\/tr>\n<tr>\n<td>Dusan Miletic<\/td>\n<td>U-Banca Transilvania<\/td>\n<\/tr>\n<tr>\n<td>Nikola Tanaskovic<\/td>\n<td>Buducnost Podgorica<\/td>\n<\/tr>\n<tr>\n<td>Nemanja Dangubic<\/td>\n<td>Dubai Basketball<\/td>\n<\/tr>\n<tr>\n<td>Stefan Miljenovic<\/td>\n<td>Crvena Zvezda Belgrade<\/td>\n<\/tr>\n<tr>\n<td>Ognjen Dobric<\/td>\n<td>Crvena Zvezda Belgrade<\/td>\n<\/tr>\n<tr>\n<td>Dejan Davidovac<\/td>\n<td>Crvena Zvezda Belgrade<\/td>\n<\/tr>\n<tr>\n<td>Savo Drezgic<\/td>\n<td>Mega Belgrade<\/td>\n<\/tr>\n<tr>\n<td>Asim Dulovic<\/td>\n<td>Mega Belgrade<\/td>\n<\/tr>\n<tr>\n<td>Bogoljub Markovic<\/td>\n<td>Mega Belgrade<\/td>\n<\/tr>\n<tr>\n<td>Nikola Rebic<\/td>\n<td>Spartak Subotica<\/td>\n<\/tr>\n<tr>\n<td>Stefan Momirov<\/td>\n<td>Spartak Subotica<\/td>\n<\/tr>\n<tr>\n<td>Vojin Medarevic<\/td>\n<td>Spartak Subotica<\/td>\n<\/tr>\n<tr>\n<td>Arijan Lakic<\/td>\n<td>Partizan Belgrade<\/td>\n<\/tr>\n<tr>\n<td>Aleksej Pokusevski<\/td>\n<td>Partizan Belgrade<\/td>\n<\/tr>\n<tr>\n<td>Filip Barna<\/td>\n<td>FMP Belgrade<\/td>\n<\/tr>\n<tr>\n<td>Lazar Stefanovic<\/td>\n<td>FMP Belgrade<\/td>\n<\/tr>\n<p data-gtm-element-container=\"modulo-texto-link\" class=\"paragraph\">La campa\u00f1a de clasificaci\u00f3n para la <strong>Copa del Mundo FIBA<\/strong> de <strong>Serbia <\/strong>dar\u00e1 comienzo el 27 de noviembre. El primer encuentro ser\u00e1 en <strong>Belgrado<\/strong>, donde se enfrentar\u00e1n a <strong>Suiza<\/strong>. Tres d\u00edas despu\u00e9s, el equipo viajar\u00e1 a Sarajevo para medirse a <strong>Bosnia y Herzegovina<\/strong> en un partido que se prev\u00e9 igualmente exigente.<\/p>\n<p data-gtm-element-container=\"modulo-texto-link\" class=\"paragraph\">La lista completa de 24 convocados abarca una diversidad de clubes y ligas, incluyendo talentos de equipos como Ilirija Ljubljana, Aris Sal\u00f3nica, Umana Reyer Venezia, Bahcesehir Koleji, Brave Thunders Kawasaki, U-Banca Transilvania, Buducnost Podgorica, Dubai Basketball, Mega Belgrado, Spartak Subotica, FMP Belgrado, entre otros. Esta amplitud busca ofrecer al cuerpo t\u00e9cnico m\u00faltiples opciones t\u00e1cticas.<\/p>\n<p>        Lee tambi\u00e9n<\/p>\n<p>    Mundo Deportivo<\/p>\n<p>             <img loading=\"lazy\" decoding=\"async\" data-full-src=\"https:\/\/www.mundodeportivo.com\/uploads\/2025\/11\/12\/6914713d683d8.jpeg\" alt=\"Paul George est\u00e1 cerca de volver a las pistas tras superar su lesi\u00f3n de rodilla.\" width=\"334\" height=\"164\" src=\"https:\/\/www.europesays.com\/es\/wp-content\/uploads\/2025\/11\/6914713d683d8.r_d.365-213.jpeg\" class=\"lazy\"\/><\/p>\n<p data-gtm-element-container=\"modulo-texto-link\" class=\"paragraph\">Estos partidos de clasificaci\u00f3n son fundamentales en el camino hacia la <strong>Copa del Mundo FIBA<\/strong>. La inclusi\u00f3n de un n\u00famero significativo de jugadores con experiencia en la Euroliga subraya la seriedad con la que Serbia afronta esta ventana, con el objetivo de consolidar su posici\u00f3n en el grupo y avanzar en el torneo.<\/p>\n","protected":false},"excerpt":{"rendered":"La selecci\u00f3n nacional de Serbia ha desvelado su lista de 24 jugadores para la pr\u00f3xima ventana de clasificaci\u00f3n&hellip;\n","protected":false},"author":2,"featured_media":242152,"comment_status":"","ping_status":"","sticky":false,"template":"","format":"standard","meta":{"footnotes":""},"categories":[269],"tags":[299,298,168,25,24,23,167],"class_list":{"0":"post-242151","1":"post","2":"type-post","3":"status-publish","4":"format-standard","5":"has-post-thumbnail","7":"category-baloncesto","8":"tag-baloncesto","9":"tag-basketball","10":"tag-deportes","11":"tag-es","12":"tag-espana","13":"tag-spain","14":"tag-sports"},"share_on_mastodon":{"url":"https:\/\/pubeurope.com\/@es\/115568974753458964","error":""},"_links":{"self":[{"href":"https:\/\/www.europesays.com\/es\/wp-json\/wp\/v2\/posts\/242151","targetHints":{"allow":["GET"]}}],"collection":[{"href":"https:\/\/www.europesays.com\/es\/wp-json\/wp\/v2\/posts"}],"about":[{"href":"https:\/\/www.europesays.com\/es\/wp-json\/wp\/v2\/types\/post"}],"author":[{"embeddable":true,"href":"https:\/\/www.europesays.com\/es\/wp-json\/wp\/v2\/users\/2"}],"replies":[{"embeddable":true,"href":"https:\/\/www.europesays.com\/es\/wp-json\/wp\/v2\/comments?post=242151"}],"version-history":[{"count":0,"href":"https:\/\/www.europesays.com\/es\/wp-json\/wp\/v2\/posts\/242151\/revisions"}],"wp:featuredmedia":[{"embeddable":true,"href":"https:\/\/www.europesays.com\/es\/wp-json\/wp\/v2\/media\/242152"}],"wp:attachment":[{"href":"https:\/\/www.europesays.com\/es\/wp-json\/wp\/v2\/media?parent=242151"}],"wp:term":[{"taxonomy":"category","embeddable":true,"href":"https:\/\/www.europesays.com\/es\/wp-json\/wp\/v2\/categories?post=242151"},{"taxonomy":"post_tag","embeddable":true,"href":"https:\/\/www.europesays.com\/es\/wp-json\/wp\/v2\/tags?post=242151"}],"curies":[{"name":"wp","href":"https:\/\/api.w.org\/{rel}","templated":true}]}}