{"id":242157,"date":"2025-11-18T05:13:09","date_gmt":"2025-11-18T05:13:09","guid":{"rendered":"https:\/\/www.europesays.com\/es\/242157\/"},"modified":"2025-11-18T05:13:09","modified_gmt":"2025-11-18T05:13:09","slug":"ot-gala-9-la-valenciana-lucia-casani-abandona-operacion-triunfo","status":"publish","type":"post","link":"https:\/\/www.europesays.com\/es\/242157\/","title":{"rendered":"OT Gala 9: La valenciana Luc\u00eda Casani abandona &#8216;Operaci\u00f3n Triunfo&#8217;"},"content":{"rendered":"<p class=\"v-mdl-ath__p v-mdl-ath__p--6\">\nMartes, 18 de noviembre 2025, 02:04<\/p>\n<p>| Actualizado 02:48h.<\/p>\n<p class=\"v-p\">Adi\u00f3s a <strong>Luc\u00eda Casani<\/strong>. La valenciana abandona <a href=\"https:\/\/www.lasprovincias.es\/culturas\/musica\/operacion-triunfo-vendra-roig-arena-verano-20251103231221-nt.html\" target=\"_blank\" title=\"www.lasprovincias.es\" data-voc-vtm-id=\"in-text-traffic\" data-mrf-link=\"www.lasprovincias.es\" rel=\"nofollow noopener\">&#8216;Operaci\u00f3n Triunfo&#8217;<\/a>. El reality de Prime Video ha celebrado este lunes la gala 9, en la que se ha despedido al octavo concursante de la edici\u00f3n y se han conocido a los <strong>nuevos nominados, Guillo Rist y T\u00e9you<\/strong>.<\/p>\n<p class=\"v-p\">La gala comenz\u00f3 con la canci\u00f3n grupal de la semana, &#8216;Potra salvaje&#8217;, que los concursantes interpretaron junto a Isabel Aai\u00fan. Tras esto, los dos nominados y el resto de concursantes defendieron sus temas. Despu\u00e9s se pudo disfrutar de la actuaci\u00f3n invitada de la noche, que corri\u00f3 a cargo de Ana Mena.<\/p>\n<p class=\"v-p\">A continuaci\u00f3n, se vivi\u00f3 una nueva expulsi\u00f3n: el p\u00fablico salv\u00f3 a Guille Toledano con el 67% de los votos, as\u00ed que fue Lucia Casani quien finalmente abandon\u00f3 la Academia. Despu\u00e9s se anunciaron los nombres de los tres favoritos de la audiencia esta semana: Claudia Arenas, Guillo Rist y Cristina, siendo Cristina proclamada la Favorita con el 27% de los votos. Para terminar, el jurado nomin\u00f3 a T\u00e9you, Claudia Arenas, Olivia y Guillo Rist. Finalmente, Olivia fue salvada por los profesores y Claudia Arenas por sus compa\u00f1eros, dejando a Guillo Rist y T\u00e9you como los nominados de esta Gala 9 de Operaci\u00f3n Triunfo.<\/p>\n<p class=\"v-p\"><strong>Luc\u00eda Casani<\/strong> (Paterna, 19 a\u00f1os) empieza ahora una nueva etapa vital. La joven iniciar\u00e1 una nueva carrera art\u00edstica lejos de la academia de Operaci\u00f3n Triunfo.<\/p>\n<p class=\"v-p\">Operaci\u00f3n Triunfo 2025 se emite en exclusiva en Prime Video en Espa\u00f1a y en m\u00e1s de 30 pa\u00edses y territorios de Latinoam\u00e9rica como parte de la suscripci\u00f3n Prime. El talent show musical sigue a un grupo de concursantes que ingresan en una Academia para formarse y demostrar su talento como cantantes y artistas. Cada semana, en una gala con p\u00fablico en directo en Terrassa (Barcelona), los concursantes deben competir y demostrar sus habilidades sobre el escenario.<\/p>\n<p class=\"v-p\">Operaci\u00f3n Triunfo se estren\u00f3 en 2001, convirti\u00e9ndose en un fen\u00f3meno nacional, siendo todav\u00eda la final de su primera edici\u00f3n el momento m\u00e1s visto de la historia de un programa de televisi\u00f3n en Espa\u00f1a. Operaci\u00f3n Triunfo regresa a Prime Video tras el \u00e9xito de su edici\u00f3n de 2023, que se consolid\u00f3 como un fen\u00f3meno social y digital, convirti\u00e9ndose en el estreno nacional m\u00e1s visto en la historia de Prime Video en Espa\u00f1a y en el contenido original local que m\u00e1s suscripciones nuevas ha generado desde el lanzamiento del servicio en Espa\u00f1a.<\/p>\n<p>Reporta un error<\/p>\n","protected":false},"excerpt":{"rendered":"Martes, 18 de noviembre 2025, 02:04 | Actualizado 02:48h. Adi\u00f3s a Luc\u00eda Casani. La valenciana abandona &#8216;Operaci\u00f3n Triunfo&#8217;.&hellip;\n","protected":false},"author":2,"featured_media":242158,"comment_status":"","ping_status":"","sticky":false,"template":"","format":"standard","meta":{"footnotes":""},"categories":[171],"tags":[2302,62272,146,147,25,24,14231,2885,23,2886,214,11004],"class_list":{"0":"post-242157","1":"post","2":"type-post","3":"status-publish","4":"format-standard","5":"has-post-thumbnail","7":"category-tv","8":"tag-abandona","9":"tag-casani","10":"tag-entertainment","11":"tag-entretenimiento","12":"tag-es","13":"tag-espana","14":"tag-lucia","15":"tag-operacion","16":"tag-spain","17":"tag-triunfo","18":"tag-tv","19":"tag-valenciana"},"share_on_mastodon":{"url":"https:\/\/pubeurope.com\/@es\/115568994101395496","error":""},"_links":{"self":[{"href":"https:\/\/www.europesays.com\/es\/wp-json\/wp\/v2\/posts\/242157","targetHints":{"allow":["GET"]}}],"collection":[{"href":"https:\/\/www.europesays.com\/es\/wp-json\/wp\/v2\/posts"}],"about":[{"href":"https:\/\/www.europesays.com\/es\/wp-json\/wp\/v2\/types\/post"}],"author":[{"embeddable":true,"href":"https:\/\/www.europesays.com\/es\/wp-json\/wp\/v2\/users\/2"}],"replies":[{"embeddable":true,"href":"https:\/\/www.europesays.com\/es\/wp-json\/wp\/v2\/comments?post=242157"}],"version-history":[{"count":0,"href":"https:\/\/www.europesays.com\/es\/wp-json\/wp\/v2\/posts\/242157\/revisions"}],"wp:featuredmedia":[{"embeddable":true,"href":"https:\/\/www.europesays.com\/es\/wp-json\/wp\/v2\/media\/242158"}],"wp:attachment":[{"href":"https:\/\/www.europesays.com\/es\/wp-json\/wp\/v2\/media?parent=242157"}],"wp:term":[{"taxonomy":"category","embeddable":true,"href":"https:\/\/www.europesays.com\/es\/wp-json\/wp\/v2\/categories?post=242157"},{"taxonomy":"post_tag","embeddable":true,"href":"https:\/\/www.europesays.com\/es\/wp-json\/wp\/v2\/tags?post=242157"}],"curies":[{"name":"wp","href":"https:\/\/api.w.org\/{rel}","templated":true}]}}