{"id":242165,"date":"2025-11-18T05:18:09","date_gmt":"2025-11-18T05:18:09","guid":{"rendered":"https:\/\/www.europesays.com\/es\/242165\/"},"modified":"2025-11-18T05:18:09","modified_gmt":"2025-11-18T05:18:09","slug":"todo-lo-que-hice-por-dinero-o-cuando-el-curriculum-se-convierte-en-el-indice-de-tu-vida-cultura","status":"publish","type":"post","link":"https:\/\/www.europesays.com\/es\/242165\/","title":{"rendered":"\u2018Todo lo que hice por dinero\u2019 o cuando el curr\u00edculum se convierte en el \u00edndice de tu vida | Cultura"},"content":{"rendered":"<p class=\"\">Inspectora de quioscos. Repartidora de publicidad en barrios ricos. Cuidadora de una mujer mayor en su bloque de vecinos. Traductora de folletos inmobiliarios. Recepcionista de alojamientos tur\u00edsticos. Operadora de c\u00e1mara en un funeral. Directora de un festival de poes\u00eda. Asistente en una gira de <a href=\"https:\/\/elpais.com\/noticias\/boney-m\/\" rel=\"nofollow noopener\" target=\"_blank\">Boney M<\/a>. en Andaluc\u00eda. Columnista. Secretaria de su novia. \u201cSiento que llevo vendiendo humo desde que puse un pie fuera de mi casa\u201d, dice Violeta Niebla (<a href=\"https:\/\/elpais.com\/noticias\/malaga\/\" rel=\"nofollow noopener\" target=\"_blank\">M\u00e1laga<\/a>, 44 a\u00f1os), cuya trayectoria profesional ha transitado por caminos que ni ella misma sospechaba cuando, con 18 a\u00f1os, su madre le dijo que era hora de ponerse a trabajar. Su vida laboral es precisamente el origen de Todo lo que hice por dinero (Blackie Books). Es una <a href=\"https:\/\/elpais.com\/babelia\/\" rel=\"nofollow noopener\" target=\"_blank\">novela que cuenta su verdad, alguna que otra mentira<\/a> y posee una constante, <a href=\"https:\/\/elpais.com\/opinion\/2024-10-21\/tener-trabajo-y-ser-pobre.html\" rel=\"nofollow noopener\" target=\"_blank\">la precariedad<\/a>, hilo que une todos los trabajos que aparecen en su curr\u00edculum y el de tantos otros como el suyo. \u201c<a href=\"https:\/\/elpais.com\/espana\/2021-06-13\/nos-dedicamos-a-sobrevivir.html\" rel=\"nofollow noopener\" target=\"_blank\">Cualquiera de mi generaci\u00f3n podr\u00eda escribir un libro as\u00ed<\/a>\u201d, asegura. <\/p>\n<p>M\u00e1s informaci\u00f3n<\/p>\n<p class=\"\">Con un pitufo mixto y un caf\u00e9 sobre la mesa del bar Flor, en el barrio malague\u00f1o de La Malagueta, la autora relata que las primeras p\u00e1ginas las tecle\u00f3 durante el confinamiento. Nacieron de un <a href=\"https:\/\/elpais.com\/autor\/sabina-urraca-garcia\/\" rel=\"nofollow noopener\" target=\"_blank\">taller de escritura online con Sabina Urraca<\/a>. \u201cHice tres relatos y me di cuenta de que todos ten\u00edan que ver con el mundo del trabajo. Me lo hab\u00eda pasado muy bien y, como todav\u00eda no pod\u00edamos salir de casa, decid\u00ed hacer algunos m\u00e1s\u201d, recuerda. Se descarg\u00f3 su vida laboral para mantener la l\u00ednea. Y pronto se dio cuenta de que lo que ten\u00eda delante podr\u00eda ser un \u00edndice. Adem\u00e1s, vio que hab\u00eda periodos vac\u00edos en los que s\u00ed hab\u00eda trabajado, pero no aparec\u00edan porque lo hab\u00eda hecho sin contrato. \u201cTir\u00e9 de memoria. Me obsesion\u00e9 con rellenar esos huecos y me puse a escribir\u201d, a\u00f1ade. <\/p>\n<p class=\"\">Lo hizo a ratos durante tres a\u00f1os en M\u00e1laga, pero tambi\u00e9n en Belmonte de San Jos\u00e9 \u2014<a href=\"https:\/\/lacasadebelmonte.com\/becas-belmonte\" rel=\"nofollow noopener\" target=\"_blank\">becada por La Casa Belmonte<\/a>\u2014 y en mini residencias de escritura \u2014con apoyo del Ministerio de Cultura\u2014 en Los Gu\u00e1jares, Quesada, Sierra de Yeguas, El Borge \u2014gracias a <a href=\"https:\/\/elpais.com\/icon-design\/2024-04-02\/the-pueblo-project-como-una-malaguena-y-una-islandesa-salvan-el-patrimonio-arquitectonico-de-malaga.html\" rel=\"nofollow noopener\" target=\"_blank\">The Pueblo Project<\/a>\u2014 o Lucerna, donde termin\u00f3 la obra en el piso de una amiga a finales de 2023. All\u00ed, 15 minutos despu\u00e9s de enviarlo a Blackie Books, recibi\u00f3 una llamada el editor <a href=\"https:\/\/elpais.com\/cultura\/2019\/11\/05\/babelia\/1572975533_508552.html\" rel=\"nofollow noopener\" target=\"_blank\">Jorge de Cascante<\/a>. No tuvo que moverlo por m\u00e1s editoriales. El pasado 15 de octubre se public\u00f3. Es su primera obra de narrativa tras publicar dos de poes\u00eda \u2014No ser\u00e1s mi Baby y Compro Oro\u2014 y un fotolibro, titulado Yo soy la fuente. <\/p>\n<p class=\"\">El libro \u2014publicado el pasado 15 de octubre\u2014 es un <a href=\"https:\/\/elpais.com\/economia\/2025-09-10\/cuatro-de-cada-diez-trabajadores-mas-jovenes-abandona-en-menos-de-un-ano-por-los-bajos-salarios-y-falta-de-flexibilidad.html\" rel=\"nofollow noopener\" target=\"_blank\">anecdotario profesional<\/a> repleto de iron\u00eda, terror, humor e identidad. Lo que ha hecho por dinero compone una singular carrera que la ha llevado a vivir mil experiencias variadas desde que empez\u00f3 a trabajar en el <a href=\"https:\/\/elpais.com\/noticias\/toys-r-us\/\" rel=\"nofollow noopener\" target=\"_blank\">Toys \u2018R\u2019 Us<\/a> gracias a su t\u00edo, responsable del establecimiento en M\u00e1laga. A partir de ah\u00ed su camino se dispersa hacia lugares tan diferentes como figurar en una serie de televisi\u00f3n \u2014<a href=\"https:\/\/elpais.com\/ccaa\/2013\/01\/09\/andalucia\/1357746234_088200.html\" rel=\"nofollow noopener\" target=\"_blank\">Array\u00e1n, de Canal Sur<\/a>\u2014 o limpiar habitaciones de hotel en Irlanda, ejercer relaciones p\u00fablicas de bares, dar clases de ingl\u00e9s y dar clases de espa\u00f1ol, comisariar exposiciones en la planta -1 de un aparcamiento municipal, participar en una vendimia, escribir tuits, discursos y respuestas de Instagram para una concejala malague\u00f1a o dise\u00f1ar galas loqu\u00edsimas para el festival de cine fant\u00e1stico de M\u00e1laga. Trabajos con o sin contrato en los que el salario nunca fue el deseado: a veces a cambio de su esfuerzo solo recib\u00eda un bocadillo. O ni eso. <\/p>\n<p class=\"\">M\u00e1s all\u00e1, la obra es una reflexi\u00f3n de lo que cualquiera es y deja de ser por el simple hecho de aceptar un determinado trabajo. De cu\u00e1nto define a las personas ejercer tal o cual empleo en la mirada de una misma o de los dem\u00e1s ante la cl\u00e1sica pregunta a qu\u00e9 te dedicas. Y de las muchas maneras que hay de contar lo que se hace (o no) durante la jornada laboral y la relaci\u00f3n con el resto de la plantilla. \u201c<a href=\"https:\/\/elpais.com\/economia\/negocios\/2025-10-03\/primero-me-voy-fuera-luego-si-acaso-trabajare-en-espana-la-fuga-de-talento-joven-que-alarma-a-las-empresas.html\" rel=\"nofollow noopener\" target=\"_blank\">Despu\u00e9s de estar en Irlanda limpiando habitaciones<\/a>, yo dec\u00eda que all\u00ed hab\u00eda sido recepcionista, que viaj\u00e9 mucho y era todo maravilloso. Hoy ya, con el paso de los a\u00f1os, decir la verdad es mucho m\u00e1s f\u00e1cil e incluso te enorgullece haber hecho cosas sin que se me caigan los anillos\u201d, explica la escritora mientras apura su bocadillo. Eso s\u00ed, en las p\u00e1ginas de Todo lo que hice por dinero sigue inventando para a\u00f1adir algo de mito a su realidad. \u201c\u00bfQui\u00e9n no ha falseado o, al menos, adaptado alguna vez su curr\u00edculum?\u201d, se pregunta. <\/p>\n<p>\u201cNo s\u00e9 decir no\u201d <\/p>\n<p class=\"\">Aunque no lo parezca, <a href=\"https:\/\/elpais.com\/babelia\/2022-12-03\/autoficcion-de-la-nada-al-nobel.html\" rel=\"nofollow noopener\" target=\"_blank\">en esta autoficci\u00f3n la autora tira mucho m\u00e1s de memoria<\/a> que de imaginaci\u00f3n. Apenas cruza personajes de un trabajo a otro, enriquece contextos y estira situaciones hasta retorcerlas y alejarlas de la realidad. Por eso siempre surge la duda de si sus experiencias son verdad, farsa o un poco de todo. Es justo lo que hac\u00eda cuando, con 10 a\u00f1os, escrib\u00eda un diario que embellec\u00eda con situaciones ficticias por si su madre lo confiscaba. \u201cMe gusta que mi vida sea interesante y yo me hac\u00eda ya la interesante entonces, aunque fuese mentira\u201d, relata. Tanto, que con esa edad se fue a vivir con su familia a C\u00f3rdoba y le dec\u00eda a las amigas que se hab\u00eda mudado para estudiar veterinaria. \u201cVaya flipada\u201d, exclama entre risas. Ahora, aunque sus nombres no aparezcan, teme cada d\u00eda la llamada de alguna de las compa\u00f1eras o de los jefes que ha tenido en su vida profesional, por si se toman mal las palabras del libro o se creen a pies juntillas todo el relato. <\/p>\n<p><img decoding=\"auto\" class=\"_re lazyload a_m-h\" height=\"276\"  width=\"414\"  src=\"https:\/\/www.europesays.com\/es\/wp-content\/uploads\/2025\/11\/UAL4RLCGG5ADHNCMNOQXICGCNU.jpg\" loading=\"lazy\"\/>La escritora Violeta Niebla.Garc\u00eda-Santos (El Pa\u00eds)<\/p>\n<p class=\"\">El repaso a su vida laboral tambi\u00e9n le ha servido para darse cuenta de que sigue sin vocaci\u00f3n clara, de que contin\u00faa dudando de cu\u00e1l es su o si este existe. Es otro punto en com\u00fan con buena parte de su generaci\u00f3n, pero hay un s\u00edntoma compartido m\u00e1s: muchas veces ha sido ella la que se ha ido del trabajo. \u201cNo aspiro a hacer lo mismo todo el rato porque me aburro mucho\u201d, afirma rotunda quien, al menos, sabe que quiere un despacho en una instituci\u00f3n o una jornada laboral fija. Prefiere la libertad, pero sabe que, a cambio, \u201ccada mes se repite el dolor en el est\u00f3mago al pagar la cuota de aut\u00f3nomos\u201d, reconoce quien sigue sin poder decir cu\u00e1l es exactamente su profesi\u00f3n porque son muchas a la vez. <\/p>\n<p class=\"\">Escritora, fot\u00f3grafa y gestora cultural, <a href=\"https:\/\/elpais.com\/eps\/personajes\/2024-09-18\/angelo-nestore-catalizador-de-la-joven-poesia-en-espanol-un-poeta-es-una-persona-mirando-la-nube-y-las-formas-que-va-cobrando-la-nube.html\" rel=\"nofollow noopener\" target=\"_blank\">dirige el festival de poes\u00eda Irreconciliables junto a \u00c1ngelo Nestore<\/a>, est\u00e1 apurando otro libro a partir de miles de secretos que ha ido recopilando durante m\u00e1s de 10 a\u00f1os, dise\u00f1a acciones de performance clandestinas, realiza un taller de escritura y capitanea dos clubes de lectura. Entre otras labores m\u00e1s, tambi\u00e9n se encarga de la burocracia y la justificaci\u00f3n de ayudas de las producciones que realiza junto a su pareja, la artista Alessandra Garc\u00eda, con la que ha fundado Dos Bengalas y a la que, entre otras muchas cosas, le une una casi enfermiza pasi\u00f3n por el trabajo. Mientras, sigue respondiendo con un pulgar hacia arriba a casi cualquier propuesta que le llega para poder pagar cuotas, gastos, IVA trimestral. \u201cTodav\u00eda no s\u00e9 cu\u00e1ndo llegar\u00e1 el momento de coger un par de trabajos y poder rechazar el resto\u201d, suspira quien, al menos, puede seguir recopilando an\u00e9cdotas por si quiere ampliar su novela en pr\u00f3ximas ediciones. <\/p>\n","protected":false},"excerpt":{"rendered":"Inspectora de quioscos. Repartidora de publicidad en barrios ricos. Cuidadora de una mujer mayor en su bloque de&hellip;\n","protected":false},"author":2,"featured_media":242166,"comment_status":"","ping_status":"","sticky":false,"template":"","format":"standard","meta":{"footnotes":""},"categories":[91],"tags":[259,209,2642,146,147,25,1598,24,4451,225,3855,8282,23,2752],"class_list":{"0":"post-242165","1":"post","2":"type-post","3":"status-publish","4":"format-standard","5":"has-post-thumbnail","7":"category-entretenimiento","8":"tag-andalucia","9":"tag-cultura","10":"tag-curriculum","11":"tag-entertainment","12":"tag-entretenimiento","13":"tag-es","14":"tag-escritores","15":"tag-espana","16":"tag-jornada-laboral","17":"tag-libros","18":"tag-malaga","19":"tag-salarios","20":"tag-spain","21":"tag-trabajo"},"share_on_mastodon":{"url":"https:\/\/pubeurope.com\/@es\/115569014200174727","error":""},"_links":{"self":[{"href":"https:\/\/www.europesays.com\/es\/wp-json\/wp\/v2\/posts\/242165","targetHints":{"allow":["GET"]}}],"collection":[{"href":"https:\/\/www.europesays.com\/es\/wp-json\/wp\/v2\/posts"}],"about":[{"href":"https:\/\/www.europesays.com\/es\/wp-json\/wp\/v2\/types\/post"}],"author":[{"embeddable":true,"href":"https:\/\/www.europesays.com\/es\/wp-json\/wp\/v2\/users\/2"}],"replies":[{"embeddable":true,"href":"https:\/\/www.europesays.com\/es\/wp-json\/wp\/v2\/comments?post=242165"}],"version-history":[{"count":0,"href":"https:\/\/www.europesays.com\/es\/wp-json\/wp\/v2\/posts\/242165\/revisions"}],"wp:featuredmedia":[{"embeddable":true,"href":"https:\/\/www.europesays.com\/es\/wp-json\/wp\/v2\/media\/242166"}],"wp:attachment":[{"href":"https:\/\/www.europesays.com\/es\/wp-json\/wp\/v2\/media?parent=242165"}],"wp:term":[{"taxonomy":"category","embeddable":true,"href":"https:\/\/www.europesays.com\/es\/wp-json\/wp\/v2\/categories?post=242165"},{"taxonomy":"post_tag","embeddable":true,"href":"https:\/\/www.europesays.com\/es\/wp-json\/wp\/v2\/tags?post=242165"}],"curies":[{"name":"wp","href":"https:\/\/api.w.org\/{rel}","templated":true}]}}