{"id":242169,"date":"2025-11-18T05:20:23","date_gmt":"2025-11-18T05:20:23","guid":{"rendered":"https:\/\/www.europesays.com\/es\/242169\/"},"modified":"2025-11-18T05:20:23","modified_gmt":"2025-11-18T05:20:23","slug":"morgan-stanley-ve-al-sp500-en-7800-el-ano-que-viene-cierre-en-video-por-carpatos-17-11-2025","status":"publish","type":"post","link":"https:\/\/www.europesays.com\/es\/242169\/","title":{"rendered":"Morgan Stanley ve al SP500 en 7800 el a\u00f1o que viene. Cierre en video por C\u00e1rpatos 17-11-2025"},"content":{"rendered":"<p>Aunque Morgan Stanley se muestra hoy muy optimista pronosticando una nueva carrera alcista a medio plazo, de momento en el corto plazo, el mercado est\u00e1 muy atrancado y con las ideas muy poco claras a la espera de los resultados de Nvidia, que pueden ser el pr\u00f3ximo catalizados. Los expertos dicen que las opciones descuentan tras sus resultados un movimiento del 6% en cualquier direcci\u00f3n. An\u00e1lisis a fondo<\/p>\n<p><a href=\"https:\/\/youtu.be\/uOeKy3pnLS8\" target=\"_blank\" rel=\"noopener nofollow\">https:\/\/youtu.be\/uOeKy3pnLS8<\/a><\/p>\n<p>\n                \u00daltimos Art\u00edculos\n            <\/p>\n<p>                <img width=\"541\" height=\"333\" src=\"https:\/\/www.europesays.com\/es\/wp-content\/uploads\/2025\/11\/Antonio-Iruzubieta.png\" class=\"attachment-post-thumbnail size-post-thumbnail wp-post-image\" alt=\"Vulnerabilidad fundamental y t\u00e9cnica, correlaciones hist\u00f3ricas rotas. Por Antonio Iruzubieta\" loading=\"lazy\" decoding=\"async\"  \/>            <\/p>\n<p>                Vulnerabilidad fundamental y t\u00e9cnica, correlaciones hist\u00f3ricas rotas. Por Antonio Iruzubieta<\/p>\n<p class=\"news-preview-excerpt sm-excerpt\">El Shutdown m\u00e1s largo de la historia finaliz\u00f3 la semana pasada y a partir de la reapertura el Bureau of Labor Statistics comenzar\u00eda publicar datos macro pero no pudo ser y datos como la inflaci\u00f3n o ventas previstos para su\u2026<\/p>\n<p class=\"news-preview-date sm-date\">} 21:35 || 17\/11\/2025<\/p>\n<p class=\"news-preview-cat sm-cat\">Bolsa<\/p>\n<p>                <a href=\"https:\/\/serenitymarkets.com\/noticias-bolsa\/vulnerabilidad-fundamental-y-tecnica-correlaciones-historicas-rotas-por-antonio-iruzubieta\" target=\"_self\" class=\"btn btn-ver-mas\" rel=\"nofollow noopener\">LEER M\u00c1S<\/a><\/p>\n<p>                <img width=\"700\" height=\"400\" src=\"https:\/\/www.europesays.com\/es\/wp-content\/uploads\/2025\/11\/SM-cronica-cierre-carpatos_SM.jpg\" class=\"attachment-post-thumbnail size-post-thumbnail wp-post-image\" alt=\"Morgan Stanley ve al SP500 en 7800 el a\u00f1o que viene. Cierre en video por C\u00e1rpatos 17-11-2025\" loading=\"lazy\" decoding=\"async\"  \/>            <\/p>\n<p>                Morgan Stanley ve al SP500 en 7800 el a\u00f1o que viene. Cierre en video por C\u00e1rpatos 17-11-2025<\/p>\n<p class=\"news-preview-excerpt sm-excerpt\">Aunque Morgan Stanley se muestra hoy muy optimista pronosticando una nueva carrera alcista a medio plazo, de momento en el corto plazo, el mercado est\u00e1 muy atrancado y con las ideas muy poco claras a la espera de los resultados\u2026<\/p>\n<p class=\"news-preview-date sm-date\">} 18:48 || 17\/11\/2025<\/p>\n<p class=\"news-preview-cat sm-cat\">Cr\u00f3nica de Cierre de Mercados<\/p>\n<p>                <a href=\"https:\/\/serenitymarkets.com\/noticias-bolsa\/morgan-stanley-ve-al-sp500-en-7800-el-ano-que-viene-cierre-en-video-por-carpatos-17-11-2025\" target=\"_self\" class=\"btn btn-ver-mas\" rel=\"nofollow noopener\">LEER M\u00c1S<\/a><\/p>\n<p>                <img width=\"700\" height=\"400\" src=\"https:\/\/www.europesays.com\/es\/wp-content\/uploads\/2025\/11\/SM-cronica-media-manTHana-carpatosSM.jpg\" class=\"attachment-post-thumbnail size-post-thumbnail wp-post-image\" alt=\"Cartera 60-40 mejora mucho si a\u00f1adimos oro. Media sesi\u00f3n en video por C\u00e1rpatos 17-11-2025\" loading=\"lazy\" decoding=\"async\"  \/>            <\/p>\n<p>                Cartera 60-40 mejora mucho si a\u00f1adimos oro. Media sesi\u00f3n en video por C\u00e1rpatos 17-11-2025<\/p>\n<p class=\"news-preview-excerpt sm-excerpt\">Con un peque\u00f1o cambio la cartera t\u00edpica 60\/40 mejora y mucho. Resumen breve a media sesi\u00f3n en video. https:\/\/youtu.be\/P6AeK-mC3ZM<\/p>\n<p class=\"news-preview-date sm-date\">} 12:46 || 17\/11\/2025<\/p>\n<p class=\"news-preview-cat sm-cat\">Cr\u00f3nica de Media Ma\u00f1ana<\/p>\n<p>                <a href=\"https:\/\/serenitymarkets.com\/noticias-bolsa\/cartera-60-40-mejora-mucho-si-anadimos-oro-media-sesion-en-video-por-carpatos-17-11-2025\" target=\"_self\" class=\"btn btn-ver-mas\" rel=\"nofollow noopener\">LEER M\u00c1S<\/a><\/p>\n<p>                <img width=\"700\" height=\"400\" src=\"https:\/\/www.europesays.com\/es\/wp-content\/uploads\/2025\/11\/SM-cronica-apertura-carpatosSM.jpg\" class=\"attachment-post-thumbnail size-post-thumbnail wp-post-image\" alt=\"CTAs empiezan a vender. Apertura en video por C\u00e1rpatos 17-11-2025\" loading=\"lazy\" decoding=\"async\"  \/>            <\/p>\n<p>                CTAs empiezan a vender. Apertura en video por C\u00e1rpatos 17-11-2025<\/p>\n<p class=\"news-preview-excerpt sm-excerpt\">El mercado sigue en equilibrio fr\u00e1gil. La subida viene por motivos t\u00e9cnicos claros. No se pueden perder los m\u00ednimos del viernes o todo se puede poner feo. Los CTAs inician ventas en algunos \u00edndices. Los resultados del mi\u00e9rcoles de Nvidia\u2026<\/p>\n<p class=\"news-preview-date sm-date\">} 08:58 || 17\/11\/2025<\/p>\n<p class=\"news-preview-cat sm-cat\">Aperturas de Mercados<\/p>\n<p>                <a href=\"https:\/\/serenitymarkets.com\/noticias-bolsa\/ctas-empiezan-a-vender-apertura-en-video-por-carpatos-17-11-2025\" target=\"_self\" class=\"btn btn-ver-mas\" rel=\"nofollow noopener\">LEER M\u00c1S<\/a><\/p>\n<p>                <img width=\"2560\" height=\"1707\" src=\"https:\/\/www.europesays.com\/es\/wp-content\/uploads\/2025\/11\/DSC_0079-2-scaled.jpg\" class=\"attachment-post-thumbnail size-post-thumbnail wp-post-image\" alt=\"Los aranceles no generan inflaci\u00f3n demuestra un estudio de la FED para mi sorpresa. En video por C\u00e1rpatos 16-11-2025\" loading=\"lazy\" decoding=\"async\"  \/>            <\/p>\n<p>                Los aranceles no generan inflaci\u00f3n demuestra un estudio de la FED para mi sorpresa. En video por C\u00e1rpatos 16-11-2025<\/p>\n<p class=\"news-preview-excerpt sm-excerpt\">Un estudio de la FED de San Francisco que est\u00e1 haciendo correr r\u00edos de tinta demuestra que los aranceles no generan inflaci\u00f3n, pero no por lo que dice el gobierno de EEUU, que dice que son maravillosos y muy beneficiosos\u2026<\/p>\n<p class=\"news-preview-date sm-date\">} 10:35 || 16\/11\/2025<\/p>\n<p class=\"news-preview-cat sm-cat\">Macro<\/p>\n<p>                <a href=\"https:\/\/serenitymarkets.com\/noticias-bolsa\/los-aranceles-no-generan-inflacion-demuestra-un-estudio-de-la-fed-para-mi-sorpresa-en-video-por-carpatos-16-11-2025\" target=\"_self\" class=\"btn btn-ver-mas\" rel=\"nofollow noopener\">LEER M\u00c1S<\/a><\/p>\n<p style=\"text-align: center;\"><strong>Abre tu cuenta en DeGiro y empieza a invertir en m\u00e1s de 50 mercados de todo el mundo con bajas comisiones.<\/strong><\/p>\n<p>\u00a0<br \/>\n<a href=\"https:\/\/www.degiro.es\/?tap_a=128017-57c8d6&amp;tap_s=3819689-a43741&amp;utm_source=Influentia&amp;utm_campaign=DEGIRO+Spain&amp;utm_medium=a&amp;utm_content=728x90_es%402\" target=\"_BLANK\" rel=\"nofollow noopener\"><img decoding=\"async\" src=\"https:\/\/www.europesays.com\/es\/wp-content\/uploads\/2025\/11\/1763443223_490_6411b9ef81c40687703729.png\" border=\"0\"\/><\/a><\/p>\n<p style=\"text-align: center;\"><strong>Abre tu cuenta en DeGiro y empieza a invertir en m\u00e1s de 50 mercados de todo el mundo con bajas comisiones.<\/strong><\/p>\n<p>\u00a0<br \/>\n<a href=\"https:\/\/www.degiro.es\/?tap_a=128017-57c8d6&amp;tap_s=3819689-a43741&amp;utm_source=Influentia&amp;utm_campaign=DEGIRO+Spain&amp;utm_medium=a&amp;utm_content=728x90_es%402\" target=\"_BLANK\" rel=\"nofollow noopener\"><img decoding=\"async\" src=\"https:\/\/www.europesays.com\/es\/wp-content\/uploads\/2025\/11\/1763443223_490_6411b9ef81c40687703729.png\" border=\"0\"\/><\/a><\/p>\n<p style=\"text-align: center;\"><strong>Abre tu cuenta en DeGiro y empieza a invertir en m\u00e1s de 50 mercados de todo el mundo con bajas comisiones.<\/strong><\/p>\n<p>\u00a0<br \/>\n<a href=\"https:\/\/www.degiro.es\/?tap_a=128017-57c8d6&amp;tap_s=3819689-a43741&amp;utm_source=Influentia&amp;utm_campaign=DEGIRO+Spain&amp;utm_medium=a&amp;utm_content=728x90_es%402\" target=\"_BLANK\" rel=\"nofollow noopener\"><img decoding=\"async\" src=\"https:\/\/www.europesays.com\/es\/wp-content\/uploads\/2025\/11\/1763443223_490_6411b9ef81c40687703729.png\" border=\"0\"\/><\/a><\/p>\n<p style=\"text-align: center;\"><strong>Abre tu cuenta en DeGiro y empieza a invertir en m\u00e1s de 50 mercados de todo el mundo con bajas comisiones.<\/strong><\/p>\n<p>\u00a0<br \/>\n<a href=\"https:\/\/www.degiro.es\/?tap_a=128017-57c8d6&amp;tap_s=3819689-a43741&amp;utm_source=Influentia&amp;utm_campaign=DEGIRO+Spain&amp;utm_medium=a&amp;utm_content=728x90_es%402\" target=\"_BLANK\" rel=\"nofollow noopener\"><img decoding=\"async\" src=\"https:\/\/www.europesays.com\/es\/wp-content\/uploads\/2025\/11\/1763443223_490_6411b9ef81c40687703729.png\" border=\"0\"\/><\/a><\/p>\n","protected":false},"excerpt":{"rendered":"Aunque Morgan Stanley se muestra hoy muy optimista pronosticando una nueva carrera alcista a medio plazo, de momento&hellip;\n","protected":false},"author":2,"featured_media":232714,"comment_status":"","ping_status":"","sticky":false,"template":"","format":"standard","meta":{"footnotes":""},"categories":[80],"tags":[82,95,94,25,24,23],"class_list":{"0":"post-242169","1":"post","2":"type-post","3":"status-publish","4":"format-standard","5":"has-post-thumbnail","7":"category-economia","8":"tag-business","9":"tag-economia","10":"tag-economy","11":"tag-es","12":"tag-espana","13":"tag-spain"},"share_on_mastodon":{"url":"https:\/\/pubeurope.com\/@es\/115569022170041811","error":""},"_links":{"self":[{"href":"https:\/\/www.europesays.com\/es\/wp-json\/wp\/v2\/posts\/242169","targetHints":{"allow":["GET"]}}],"collection":[{"href":"https:\/\/www.europesays.com\/es\/wp-json\/wp\/v2\/posts"}],"about":[{"href":"https:\/\/www.europesays.com\/es\/wp-json\/wp\/v2\/types\/post"}],"author":[{"embeddable":true,"href":"https:\/\/www.europesays.com\/es\/wp-json\/wp\/v2\/users\/2"}],"replies":[{"embeddable":true,"href":"https:\/\/www.europesays.com\/es\/wp-json\/wp\/v2\/comments?post=242169"}],"version-history":[{"count":0,"href":"https:\/\/www.europesays.com\/es\/wp-json\/wp\/v2\/posts\/242169\/revisions"}],"wp:featuredmedia":[{"embeddable":true,"href":"https:\/\/www.europesays.com\/es\/wp-json\/wp\/v2\/media\/232714"}],"wp:attachment":[{"href":"https:\/\/www.europesays.com\/es\/wp-json\/wp\/v2\/media?parent=242169"}],"wp:term":[{"taxonomy":"category","embeddable":true,"href":"https:\/\/www.europesays.com\/es\/wp-json\/wp\/v2\/categories?post=242169"},{"taxonomy":"post_tag","embeddable":true,"href":"https:\/\/www.europesays.com\/es\/wp-json\/wp\/v2\/tags?post=242169"}],"curies":[{"name":"wp","href":"https:\/\/api.w.org\/{rel}","templated":true}]}}