{"id":242172,"date":"2025-11-18T05:22:08","date_gmt":"2025-11-18T05:22:08","guid":{"rendered":"https:\/\/www.europesays.com\/es\/242172\/"},"modified":"2025-11-18T05:22:08","modified_gmt":"2025-11-18T05:22:08","slug":"el-nuevo-sistema-de-financiacion-que-prepara-montero-castigo-a-las-rebajas-fiscales-de-madrid-y-garantia-de-singularidad-a-cataluna-el-mundo","status":"publish","type":"post","link":"https:\/\/www.europesays.com\/es\/242172\/","title":{"rendered":"El nuevo sistema de financiaci\u00f3n que prepara Montero: castigo a las rebajas fiscales de Madrid y &quot;garant\u00eda de singularidad a Catalu\u00f1a&quot; &#8211; El Mundo"},"content":{"rendered":"<ol>\n<li><a href=\"https:\/\/news.google.com\/rss\/articles\/CBMifEFVX3lxTFB2S1l3Q1lzdFZGWnV2a1ZnWmZncTloSEEySUh0MFZ1VU83aTRTQXBNRHAyOE1zQWpDX1psSGRTNFZFRXFwNzNtV2VTaS0yWHBWZ2xXNDJ4ektJbkQtYzVUOVJrYnpZd0FMMXlmUTZPbFlTU24tUTJNMG1yWXLSAXxBVV95cUxQSDZmRDNuRWJUc3lDNlFWNFdYT1BNaTNQbGV1czRSSFc2cVZUeWgzYzR6WUlzck0wRHhvdmU1WkxSVjRlcGNpNkRzaFBVY1lBVkxTVkRSN1ZaX21PeWJULVRHZ0hkdXR5aExzdnRHR2FORmtpNjFxWG9Fakw1?oc=5\" target=\"_blank\" rel=\"nofollow noopener\">El nuevo sistema de financiaci\u00f3n que prepara Montero: castigo a las rebajas fiscales de Madrid y \u00abgarant\u00eda de singularidad a Catalu\u00f1a\u00bb<\/a>&nbsp;&nbsp;El Mundo<\/li>\n<li><a href=\"https:\/\/news.google.com\/rss\/articles\/CBMiowFBVV95cUxOQ2VVOExaampiVjhKd2ZvQmNyeTVlQ1VqcUZFLVJyNWROSlIyTVlkTnBFdTZZU0tZQ3NMTUJwUHRzc0wwMktWRXpIUW9kT2hndlYyQWRIUG82RW53WXpxT1AtNlN0UmMzWjhZOUlsNEZydjFGWVFZVHNxd1VpUUNuNlVteEp3RDd3V2ZtX3ZVdWhKWmtHQTUzV0E1WWJKLVVUT0hj?oc=5\" target=\"_blank\" rel=\"nofollow noopener\">El &#8216;milagro&#8217; de la financiaci\u00f3n de Montero: qui\u00e9n pagar\u00e1 para que todas las CCAA ganen<\/a>&nbsp;&nbsp;El Confidencial<\/li>\n<li><a href=\"https:\/\/news.google.com\/rss\/articles\/CBMihAFBVV95cUxOcnFPVjhnTmhuY1V2ME9pcXh2Vkx5OVBPNXNkRlI4V29sSFlHaTdMdDRzdVVuSWRJTk95RFhlZ19zQUVDQkg4bEJnSTBkRzZXNlZwQkR4NWI5RlJjNXotMXVsaF8xZi10T1lTSnJ0eTNnYnFCT05HTEt1Z0Z6MUNZaXRYLUQ?oc=5\" target=\"_blank\" rel=\"nofollow noopener\">El debate auton\u00f3mico imprescindible<\/a>&nbsp;&nbsp;EL PA\u00cdS<\/li>\n<li><a href=\"https:\/\/news.google.com\/rss\/articles\/CBMi2AFBVV95cUxOTU1xZlN4VGJKMDBhSE0zX0hnR2tGaUtKNnQzekZ0TW9kUFJGN3JEQnVnMzRkQWtEMTR4eVdPNEFYWDZCeWVYdGkxeU51ejZrNl9KRGVFeXFrVWlXU2h2OXRCZVM5Qm9maHlsYy1nMjNhSXo5WHE5cEhFbXVnY2lRbGhyTTlQY0VVbjF0SlkwZzRCeGtSZWxkcDJqZGZ5ODhMYW1KcnFpaVN3MFFsc3plRll5NEhZTWNSZE9vRFVUNENFai1pVUFlZXoxZ3Ewc3FDZzY5WXZka2_SAfQBQVVfeXFMT1dGZFJ6Z2RydHdZcUtlNE04ZjRzdDd6SUl5VFlEY181Zk04U19RX005dE1uWllTWl9EQWhlM0JoaXl3QkozeE1saVhmakJaMXdlRG9hbk51aFRoa2FCVjFhZDA4bHM1MEZVZTF4SGN1V193d0J3Znc5ME9MODJEWVhBZXR2RElMUVBwbjRJMVlGMDJFbDdBTmdNdVQ2Zkh5VFhpS1YyZWpEM2JiOGhhMXZNc2lWZ19jZFRTQm50QXBsTS1MVW9SV0dLRVNxbllVOHkweFY3TjkxZll5U2Faa2RBWkwyYjdCbzFQMnVETGtUd3NJSw?oc=5\" target=\"_blank\" rel=\"nofollow noopener\">El Gobierno anuncia un sistema de financiaci\u00f3n auton\u00f3mica \u00abmultilateral y bilateral\u00bb<\/a>&nbsp;&nbsp;La Voz de Galicia<\/li>\n<li><a href=\"https:\/\/news.google.com\/rss\/articles\/CBMie0FVX3lxTE5kcVJWU0FGcGk4azNHMjljWDU4Tzg1MTVWc2UzRmJBSnlhd2NRTnEyaXhlUzEtUTRTaEs5WVpTUDE3ajlDcV95M1p6dDNmMGYwUjYzM3AzTVk1OEVxWC1menZ5X08zWWJJSTduMmNhdFJ2TXF2YUthUUg1WQ?oc=5\" target=\"_blank\" rel=\"nofollow noopener\">La hora de los Excel, por Eduardo Magall\u00f3n<\/a>&nbsp;&nbsp;La Vanguardia<\/li>\n<\/ol>\n","protected":false},"excerpt":{"rendered":"El nuevo sistema de financiaci\u00f3n que prepara Montero: castigo a las rebajas fiscales de Madrid y \u00abgarant\u00eda de&hellip;\n","protected":false},"author":2,"featured_media":242173,"comment_status":"","ping_status":"","sticky":false,"template":"","format":"standard","meta":{"footnotes":""},"categories":[8],"tags":[17,18,95,25,24,13,14,11,19,20,9,44827,10,15,16,23,12,21,22],"class_list":{"0":"post-242172","1":"post","2":"type-post","3":"status-publish","4":"format-standard","5":"has-post-thumbnail","7":"category-espana","8":"tag-breaking-news","9":"tag-breakingnews","10":"tag-economia","11":"tag-es","12":"tag-espana","13":"tag-featured-news","14":"tag-featurednews","15":"tag-headlines","16":"tag-latest-news","17":"tag-latestnews","18":"tag-news","19":"tag-nlpremium","20":"tag-noticias","21":"tag-noticias-destacadas","22":"tag-noticiasdestacadas","23":"tag-spain","24":"tag-titulares","25":"tag-ultimas-noticias","26":"tag-ultimasnoticias"},"share_on_mastodon":{"url":"","error":""},"_links":{"self":[{"href":"https:\/\/www.europesays.com\/es\/wp-json\/wp\/v2\/posts\/242172","targetHints":{"allow":["GET"]}}],"collection":[{"href":"https:\/\/www.europesays.com\/es\/wp-json\/wp\/v2\/posts"}],"about":[{"href":"https:\/\/www.europesays.com\/es\/wp-json\/wp\/v2\/types\/post"}],"author":[{"embeddable":true,"href":"https:\/\/www.europesays.com\/es\/wp-json\/wp\/v2\/users\/2"}],"replies":[{"embeddable":true,"href":"https:\/\/www.europesays.com\/es\/wp-json\/wp\/v2\/comments?post=242172"}],"version-history":[{"count":0,"href":"https:\/\/www.europesays.com\/es\/wp-json\/wp\/v2\/posts\/242172\/revisions"}],"wp:featuredmedia":[{"embeddable":true,"href":"https:\/\/www.europesays.com\/es\/wp-json\/wp\/v2\/media\/242173"}],"wp:attachment":[{"href":"https:\/\/www.europesays.com\/es\/wp-json\/wp\/v2\/media?parent=242172"}],"wp:term":[{"taxonomy":"category","embeddable":true,"href":"https:\/\/www.europesays.com\/es\/wp-json\/wp\/v2\/categories?post=242172"},{"taxonomy":"post_tag","embeddable":true,"href":"https:\/\/www.europesays.com\/es\/wp-json\/wp\/v2\/tags?post=242172"}],"curies":[{"name":"wp","href":"https:\/\/api.w.org\/{rel}","templated":true}]}}