{"id":242176,"date":"2025-11-18T05:28:29","date_gmt":"2025-11-18T05:28:29","guid":{"rendered":"https:\/\/www.europesays.com\/es\/242176\/"},"modified":"2025-11-18T05:28:29","modified_gmt":"2025-11-18T05:28:29","slug":"carlitos-avisa-a-su-rival-te-pido-que-en-2026-estes-preparado-yo-lo-estare","status":"publish","type":"post","link":"https:\/\/www.europesays.com\/es\/242176\/","title":{"rendered":"Carlitos avisa a su rival: \u00abTe pido que en 2026 est\u00e9s preparado; yo lo estar\u00e9\u00bb"},"content":{"rendered":"<p>El rostro del n\u00famero uno del tenis mundial rezumaba una mezcla de cansancio tras una temporada exigente, tanto en lo f\u00edsico como a nivel mental,  &#8230; orgullo, despu\u00e9s de un 2025 extraordinario para <a href=\"https:\/\/www.laverdad.es\/carlos-alcaraz\/\" data-voc-vtm-id=\"in-text-traffic\" title=\"Carlitos\" data-mrf-link=\"www.laverdad.es\" rel=\"nofollow noopener\" target=\"_blank\">Carlitos<\/a>, y admiraci\u00f3n por un rival, Sinner, con el que se ha jugado los grandes t\u00edtulos batalla tras batalla y este domingo <a href=\"https:\/\/www.laverdad.es\/carlos-alcaraz\/directo-carlos-alcaraz-jannik-sinner-atp-finals-20251116180540-di.html\" data-voc-vtm-id=\"in-text-traffic\" title=\"le venci\u00f3 en su casa\" data-mrf-link=\"www.laverdad.es\" rel=\"nofollow noopener\" target=\"_blank\">le venci\u00f3 en su casa<\/a>, en la ciudad italiana de Tur\u00edn. \u00abEstoy satisfecho de mi actuaci\u00f3n, del nivel que he mostrado hoy pero he ca\u00eddo ante un gran jugador que lleva mucho tiempo sin perder en este tipo de pista. Cada partido frente a \u00e9l es un combate y hoy me ha derrotado. Quiero darle la enhorabuena\u00bb, se\u00f1al\u00f3 el tenista de El Palmar tras recoger el premio de subcampe\u00f3n en la pista del Inalpi Arena.<\/p>\n<p class=\"v-p\">La temporada, a falta de la Copa Davis que arranca esta misma semana muy cercita de all\u00ed, en Bolonia, est\u00e1 a punto de llegar a su fin. Ocho trofeos se han sumado en este 2025 a la vitrina del pupilo de Juan Carlos Ferrero. Un a\u00f1o estratosf\u00e9rico que no ha podido tener mejor cierre que con la <a href=\"https:\/\/www.laverdad.es\/carlos-alcaraz\/carlos-alcaraz-recibe-trofeo-numero-mundo-orgullo-20251114165929-nt.html\" data-voc-vtm-id=\"in-text-traffic\" title=\"corona del n\u00famero uno\" data-mrf-link=\"www.laverdad.es\" rel=\"nofollow noopener\" target=\"_blank\">corona del n\u00famero uno<\/a> sobre su cabeza.<\/p>\n<p class=\"v-p\">Pero el palmare\u00f1o ya mira m\u00e1s all\u00e1, a lo que viene, a un 2026 que seguro volver\u00e1 a medir a Alcaraz y Sinner en otras luchas sin cuartel con un t\u00edtulo en juego. \u00abAhora toca descansar y el pr\u00f3ximo a\u00f1o te pido que est\u00e9s preparado de nuevo porque yo lo estar\u00e9. Quiero agradecer a mi equipo y a mi familia por todo lo que hacen por m\u00ed. Volveremos m\u00e1s fuertes\u00bb, confes\u00f3 Carlitos en un claro aviso a su contrincante anoche y a su rival por el n\u00famero uno del ranking, Jannik Sinner.<\/p>\n<p>\n\u00abCada enfrentamiento contra \u00e9l es una batalla y esta vez me ha derrotado\u00bb, reconoce el n\u00famero uno del mundo\n<\/p>\n<p class=\"v-p\">El transalpino no dej\u00f3 escapar la oportunidad para deshacerse en elogios hacia Alcaraz en la pista italiana. \u00abQuiero felicitar a Carlos y su equipo por esta temporada tan incre\u00edble. Ha merecido el n\u00famero uno y es un jugador en el que siempre me fijo para mejorar. Es el tenista con m\u00e1s energ\u00eda del circuito y le deseo mucha suerte para la Copa Davis y 2026\u00bb, se\u00f1al\u00f3 el de San C\u00e1ndido en un mensaje cari\u00f1oso para su rival.<\/p>\n<ol class=\"v-cmp-u-b__u\">\n<li class=\"v-cmp-u-b__l\">\n<p>De Tur\u00edn a Bolonia para liderar a Espa\u00f1a en su pelea por la Davis<\/p>\n<\/li>\n<\/ol>\n<p class=\"v-p\">Carlitos no regresa a casa tras su sobresaliente actuaci\u00f3n en Tur\u00edn. De hecho no va a salir de Italia. El murciano viaja ya a Bolonia para concentrarse con el equipo espa\u00f1ol que capitanea David Ferrer y que va a pelear esta semana por conquistar la Copa Davis. El tenista de El Palmar es el l\u00edder del combinado nacional, que se medir\u00e1 el jueves, a partir de las 10.00 horas, a la Rep\u00fablica Checa en busca del pase a semifinales de la competici\u00f3n.<\/p>\n<p><a href=\"http:\/\/www.laverdad.es\/carlos-alcaraz\/directo-carlos-alcaraz-jannik-sinner-atp-finals-20251116180540-di.html#vtm_modulosEngag=mod-rel:carlos-alcaraz:noticia:1:cmp:1-not\" class=\"v-a-link\" aria-label=\"Imagen\" rel=\"nofollow noopener\" target=\"_blank\"><\/p>\n<p><img decoding=\"async\" loading=\"lazy\" src=\"https:\/\/www.europesays.com\/es\/wp-content\/uploads\/2025\/11\/carlos-k0fG--366x256@La Verdad.jpg\" class=\"v-a-img\" width=\"258\" height=\"180\" alt=\"\" data-voc-vtm-id=\"in-text-traffic\"\/><\/p>\n<p><\/a><\/p>\n<p class=\"v-p\">\u00abHemos entrenado muy bien, los he visto muy motivados y muy ilusionados, con buen ambiente, as\u00ed que a partir del martes o mi\u00e9rcoles se decidir\u00e1 el equipo. Al final, es como un torneo, al principio los jugadores tienen que habituarse y luego ya disputar sets para estar preparados en caso de competir. Es una pista muy agradable para jugar. No es excesivamente r\u00e1pida\u00bb, se\u00f1al\u00f3 Ferrero tras los primeros entrenamientos del equipo en suelo italiano.<\/p>\n<p class=\"v-p\">Este lunes llega con el resto del equipo el n\u00famero uno del mundo, que quiere regalar a Espa\u00f1a su s\u00e9ptima Copa Davis.<\/p>\n","protected":false},"excerpt":{"rendered":"El rostro del n\u00famero uno del tenis mundial rezumaba una mezcla de cansancio tras una temporada exigente, tanto&hellip;\n","protected":false},"author":2,"featured_media":242177,"comment_status":"","ping_status":"","sticky":false,"template":"","format":"standard","meta":{"footnotes":""},"categories":[274],"tags":[3076,7994,62273,168,25,24,46529,9976,6260,23,167,327,326],"class_list":{"0":"post-242176","1":"post","2":"type-post","3":"status-publish","4":"format-standard","5":"has-post-thumbnail","7":"category-tenis","8":"tag-3076","9":"tag-avisa","10":"tag-carlitos","11":"tag-deportes","12":"tag-es","13":"tag-espana","14":"tag-pido","15":"tag-preparado","16":"tag-rival","17":"tag-spain","18":"tag-sports","19":"tag-tenis","20":"tag-tennis"},"share_on_mastodon":{"url":"https:\/\/pubeurope.com\/@es\/115569053573334813","error":""},"_links":{"self":[{"href":"https:\/\/www.europesays.com\/es\/wp-json\/wp\/v2\/posts\/242176","targetHints":{"allow":["GET"]}}],"collection":[{"href":"https:\/\/www.europesays.com\/es\/wp-json\/wp\/v2\/posts"}],"about":[{"href":"https:\/\/www.europesays.com\/es\/wp-json\/wp\/v2\/types\/post"}],"author":[{"embeddable":true,"href":"https:\/\/www.europesays.com\/es\/wp-json\/wp\/v2\/users\/2"}],"replies":[{"embeddable":true,"href":"https:\/\/www.europesays.com\/es\/wp-json\/wp\/v2\/comments?post=242176"}],"version-history":[{"count":0,"href":"https:\/\/www.europesays.com\/es\/wp-json\/wp\/v2\/posts\/242176\/revisions"}],"wp:featuredmedia":[{"embeddable":true,"href":"https:\/\/www.europesays.com\/es\/wp-json\/wp\/v2\/media\/242177"}],"wp:attachment":[{"href":"https:\/\/www.europesays.com\/es\/wp-json\/wp\/v2\/media?parent=242176"}],"wp:term":[{"taxonomy":"category","embeddable":true,"href":"https:\/\/www.europesays.com\/es\/wp-json\/wp\/v2\/categories?post=242176"},{"taxonomy":"post_tag","embeddable":true,"href":"https:\/\/www.europesays.com\/es\/wp-json\/wp\/v2\/tags?post=242176"}],"curies":[{"name":"wp","href":"https:\/\/api.w.org\/{rel}","templated":true}]}}