{"id":242180,"date":"2025-11-18T05:32:13","date_gmt":"2025-11-18T05:32:13","guid":{"rendered":"https:\/\/www.europesays.com\/es\/242180\/"},"modified":"2025-11-18T05:32:13","modified_gmt":"2025-11-18T05:32:13","slug":"yeremay-en-el-sporting-tendria-visibilidad-en-champions","status":"publish","type":"post","link":"https:\/\/www.europesays.com\/es\/242180\/","title":{"rendered":"Yeremay en el Sporting tendr\u00eda visibilidad en Champions"},"content":{"rendered":"<p><img decoding=\"async\" width=\"1280\" height=\"732\" fetchpriority=\"high\" alt=\"Yeremay, tras marcar contra el C\u00f3rdoba esta temporada en el Nuevo Arc\u00e1ngel\" src=\"https:\/\/www.europesays.com\/es\/wp-content\/uploads\/2025\/11\/691b596a81464.r_d.2190-805-5413.jpeg\"\/><\/p>\n<p>Yeremay, tras marcar contra el C\u00f3rdoba esta temporada en el Nuevo Arc\u00e1ngel<\/p>\n<p>Fernando Fern\u00e1ndez<\/p>\n<p class=\"\">La fascinaci\u00f3n en <b>Portugal <\/b>por <b>Yeremay <\/b>es algo palpable y latente cada fin de semana. No solo el <b>Sporting <\/b>sigue sus actuaciones cada jornada, los peri\u00f3dicos lusos no dejan de hablar del jugador canario, que <a href=\"https:\/\/dxtcampeon.elidealgallego.com\/deportivo\/2025-10-11\/una-portada-al-mes-en-portugal-siguen-a-vueltas-con-yeremay-811028.html\" rel=\"nofollow noreferrer noopener\" target=\"_blank\">no para de acaparar portadas\u00a0<\/a>\u00bfQu\u00e9 es lo que convierte a Yeremay en un jugador tan apetecible? <b>David Novo<\/b>, <b>editor ejecutivo <\/b>en Record analiza para<b> DXT Campe\u00f3n<\/b> las cualidades del canario que han &#8216;embrujado&#8217; al club luso.\u00a0<\/p>\n<p class=\"\">\u00abYeremay es un talento excepcional y su desempe\u00f1o lo convierte en un jugador muy codiciado tanto para el presente, como para el medio-largo plazo. Hablamos de un futbolista muy joven, que ya cuenta con un impresionante historial de goles y asistencias y con un estilo de juego que marca la diferencia. M\u00e1s all\u00e1 de su impacto deportivo, <b>Yeremay cuenta tambi\u00e9n con potencial de reventa<\/b>, aunque el margen ser\u00e1 menor debido a la considerable inversi\u00f3n que habr\u00eda que realizar por \u00e9l\u00bb, matiza Novo.<\/p>\n<p class=\"\">A parte de sus n\u00fameros, su magia y talento hizo que su nombre sonase en Europa con fuerza este verano y desde el Sporting se traslad\u00f3 una oferta firme que el club rechaz\u00f3, lo que tambi\u00e9n fue <a href=\"https:\/\/dxtcampeon.elidealgallego.com\/articulo\/depor\/portugueses-frustran-cuidado-yeremay-no-acabe-rias-baixas-recogiendo-mejillones-5403536\" rel=\"nofollow noreferrer noopener\" target=\"_blank\">objeto de debate en los medios de comunicaci\u00f3n del pa\u00eds vecino.\u00a0<\/a>Despu\u00e9s de haberse quedado con las ganas de ficharlo en verano, el <a href=\"https:\/\/dxtcampeon.elidealgallego.com\/deportivo\/depor\/2025-11-12\/el-sporting-replantea-su-estrategia-para-fichar-a-yeremay-su-prioridad-en-el-mercado-de-enero-817713.html\" rel=\"nofollow noreferrer noopener\" target=\"_blank\">Sporting har\u00e1 una nueva oferta en invierno<\/a>, a pesar de que el Deportivo le ha puesto a Yeremay una cl\u00e1usula a prueba de venta.<\/p>\n<p class=\"\">\u00abEs dif\u00edcil fijar su valor. <b>El Sporting ofreci\u00f3 25 millones de euros m\u00e1s 5 millones en bonos por rendimiento<\/b>, lo que convertir\u00eda a Yeremay en el jugador m\u00e1s caro del club. Nunca en Portugal se han pagado 35 millones de euros o m\u00e1s por un jugador\u00bb, reconoce el periodista. Admite, adem\u00e1s, que el equipo lisboeta podr\u00e1 moverse hasta un tope a la hora de negociar. <b>\u00abEl Sporting tendr\u00e1 un l\u00edmite, un l\u00edmite que no se acercar\u00e1 a la cl\u00e1usula de rescisi\u00f3n<\/b>. El Deportivo quiere venderlo a un precio alto, y el hecho de que el jugador tenga un gran valor de mercado dificulta que un club portugu\u00e9s pueda competir con clubes de La Liga u otras ligas con m\u00e1s recursos econ\u00f3micos y prestigio deportivo\u00bb, reconoce.<\/p>\n<p class=\"\">Pero, \u00bfqu\u00e9 le ofrece el Sporting, bajo el punto de vista de Novo, al futbolista blanquiazul? \u00abSe trata de uno de los clubes m\u00e1s emblem\u00e1ticos de\u00a0Portugal, estable tanto deportiva como financieramente. Yeremay ser\u00eda<b> <\/b>un jugador importante en el Sporting, con<b> visibilidad en la Primeira Liga y en la Champions League<\/b>, lo que le servir\u00eda de trampol\u00edn hacia las cinco grandes ligas europeas. Tenemos varios ejemplos de futbolistas que han dado ese paso, como Samu o Grimaldo\u00bb, expone.\u00a0<\/p>\n<p class=\"\">\u00bfCu\u00e1l es el h\u00e1ndicap entonces para el Sporting? \u00abLa gran diferencia, y esto perjudica al Sporting, es que <b>Yeremay ya est\u00e1 a un nivel que le permitir\u00e1, al final de la temporada, contar con muchas opciones<\/b>. Y en lugar de dar un paso adelante y fichar por el Sporting, podr\u00eda dar dos y pasar directamente a La Liga, la Serie A, la Premier League&#8230;\u00bb, afirma Novo.\u00a0<\/p>\n","protected":false},"excerpt":{"rendered":"Yeremay, tras marcar contra el C\u00f3rdoba esta temporada en el Nuevo Arc\u00e1ngel Fernando Fern\u00e1ndez La fascinaci\u00f3n en Portugal&hellip;\n","protected":false},"author":2,"featured_media":242181,"comment_status":"","ping_status":"","sticky":false,"template":"","format":"standard","meta":{"footnotes":""},"categories":[268],"tags":[168,25,24,280,282,281,23,167],"class_list":{"0":"post-242180","1":"post","2":"type-post","3":"status-publish","4":"format-standard","5":"has-post-thumbnail","7":"category-futbol","8":"tag-deportes","9":"tag-es","10":"tag-espana","11":"tag-football","12":"tag-futbol","13":"tag-soccer","14":"tag-spain","15":"tag-sports"},"share_on_mastodon":{"url":"https:\/\/pubeurope.com\/@es\/115569068886798012","error":""},"_links":{"self":[{"href":"https:\/\/www.europesays.com\/es\/wp-json\/wp\/v2\/posts\/242180","targetHints":{"allow":["GET"]}}],"collection":[{"href":"https:\/\/www.europesays.com\/es\/wp-json\/wp\/v2\/posts"}],"about":[{"href":"https:\/\/www.europesays.com\/es\/wp-json\/wp\/v2\/types\/post"}],"author":[{"embeddable":true,"href":"https:\/\/www.europesays.com\/es\/wp-json\/wp\/v2\/users\/2"}],"replies":[{"embeddable":true,"href":"https:\/\/www.europesays.com\/es\/wp-json\/wp\/v2\/comments?post=242180"}],"version-history":[{"count":0,"href":"https:\/\/www.europesays.com\/es\/wp-json\/wp\/v2\/posts\/242180\/revisions"}],"wp:featuredmedia":[{"embeddable":true,"href":"https:\/\/www.europesays.com\/es\/wp-json\/wp\/v2\/media\/242181"}],"wp:attachment":[{"href":"https:\/\/www.europesays.com\/es\/wp-json\/wp\/v2\/media?parent=242180"}],"wp:term":[{"taxonomy":"category","embeddable":true,"href":"https:\/\/www.europesays.com\/es\/wp-json\/wp\/v2\/categories?post=242180"},{"taxonomy":"post_tag","embeddable":true,"href":"https:\/\/www.europesays.com\/es\/wp-json\/wp\/v2\/tags?post=242180"}],"curies":[{"name":"wp","href":"https:\/\/api.w.org\/{rel}","templated":true}]}}