{"id":242182,"date":"2025-11-18T05:33:09","date_gmt":"2025-11-18T05:33:09","guid":{"rendered":"https:\/\/www.europesays.com\/es\/242182\/"},"modified":"2025-11-18T05:33:09","modified_gmt":"2025-11-18T05:33:09","slug":"muere-el-cantante-de-country-todd-snider-a-los-59-anos-tras-sufrir-una-neumonia-que-le-diagnosticaron-tarde","status":"publish","type":"post","link":"https:\/\/www.europesays.com\/es\/242182\/","title":{"rendered":"Muere el cantante de country Todd Snider a los 59 a\u00f1os tras sufrir una neumon\u00eda que le diagnosticaron tarde"},"content":{"rendered":"<p class=\"c-paragraph\">El cantante y estrella de la m\u00fasica country Todd Snider ha muerto a los 59 a\u00f1os. La triste noticia fue confirmada por su sello discogr\u00e1fico, Aimless Inc., el pasado 14 de noviembre a trav\u00e9s de las redes de artista. D\u00edas antes sus familiares apuntaron que el artista empez\u00f3 a tener \u00abdificultades para respirar\u00bb y que los m\u00e9dicos les informaron de que<b> \u00abhab\u00eda estado sufriendo en silencio de una neumon\u00eda at\u00edpica sin diagnosticar\u00bb.<\/b><\/p>\n<p class=\"c-paragraph\">\u00abLa condici\u00f3n de nuestro querido hermano se ha complicado y <b>ha sido trasladado para recibir tratamiento adicional<\/b>. Su equipo m\u00e9dico y sus seres queridos est\u00e1n a su lado, haciendo todo lo posible por \u00e9l\u00bb, aseguraron, pero finalmente\u00a0Snider falleci\u00f3.<\/p>\n<p class=\"c-paragraph\">\u00ab\u00bf<b>D\u00f3nde encontramos las palabras para aquel que siempre tuvo las palabras correctas, <\/b>que sab\u00eda c\u00f3mo destilar todo hasta su esencia con palabras y canciones mientras daba el giro m\u00e1s devastador, hilarante e impactante de frases?\u00bb, se preguntan con tristeza en el inicio del comunicado.<\/p>\n<p class=\"c-paragraph\">En \u00e9l, aseguran que\u00a0Snider \u00abretransmiti\u00f3 tanta ternura y sensibilidad a trav\u00e9s de sus canciones\u00bb y \u00abmostr\u00f3 a muchos c\u00f3mo mirar el mundo a trav\u00e9s de una lente diferente\u00bb. \u00ab<b>Encontr\u00f3 su lugar entre los gigantes de la composici\u00f3n que se sentaban en sus estantes discogr\u00e1ficos,<\/b> esos mismos gigantes que lo dejaban entrar en sus vidas y lo tomaron bajo sus alas, a quienes estudiaba implacablemente. Guy Clark, John Prine, Kris Kristofferson, Jerry Jeff Walker\u00bb, destacan sobre el artista estadounidense.<\/p>\n<p class=\"c-paragraph\">\u00abPon uno de tus discos favoritos de Todd Snider lo suficientemente fuerte como para despertar a todos tus vecinos o al menos lo suficientemente fuerte para siempre despertarte a ti mismo\u00bb, apuntan ante los fans del artista a modo de homenaje. \u00abTe queremos Todd, navega, viejo amigo, n<b>os volveremos a ver por ah\u00ed en la carretera en alg\u00fan lugar de la l\u00ednea.<\/b> Siempre ser\u00e1s una fuerza de la naturaleza\u00bb, se despiden de \u00e9l al final del emotivo escrito.<\/p>\n","protected":false},"excerpt":{"rendered":"El cantante y estrella de la m\u00fasica country Todd Snider ha muerto a los 59 a\u00f1os. La triste&hellip;\n","protected":false},"author":2,"featured_media":242183,"comment_status":"","ping_status":"","sticky":false,"template":"","format":"standard","meta":{"footnotes":""},"categories":[174],"tags":[4328,255,20193,146,147,25,24,629,256,8938,23,62274],"class_list":{"0":"post-242182","1":"post","2":"type-post","3":"status-publish","4":"format-standard","5":"has-post-thumbnail","7":"category-famosos","8":"tag-cantante","9":"tag-celebrities","10":"tag-country","11":"tag-entertainment","12":"tag-entretenimiento","13":"tag-es","14":"tag-espana","15":"tag-estados-unidos","16":"tag-famosos","17":"tag-muere","18":"tag-spain","19":"tag-todd-snider"},"share_on_mastodon":{"url":"https:\/\/pubeurope.com\/@es\/115569072748343544","error":""},"_links":{"self":[{"href":"https:\/\/www.europesays.com\/es\/wp-json\/wp\/v2\/posts\/242182","targetHints":{"allow":["GET"]}}],"collection":[{"href":"https:\/\/www.europesays.com\/es\/wp-json\/wp\/v2\/posts"}],"about":[{"href":"https:\/\/www.europesays.com\/es\/wp-json\/wp\/v2\/types\/post"}],"author":[{"embeddable":true,"href":"https:\/\/www.europesays.com\/es\/wp-json\/wp\/v2\/users\/2"}],"replies":[{"embeddable":true,"href":"https:\/\/www.europesays.com\/es\/wp-json\/wp\/v2\/comments?post=242182"}],"version-history":[{"count":0,"href":"https:\/\/www.europesays.com\/es\/wp-json\/wp\/v2\/posts\/242182\/revisions"}],"wp:featuredmedia":[{"embeddable":true,"href":"https:\/\/www.europesays.com\/es\/wp-json\/wp\/v2\/media\/242183"}],"wp:attachment":[{"href":"https:\/\/www.europesays.com\/es\/wp-json\/wp\/v2\/media?parent=242182"}],"wp:term":[{"taxonomy":"category","embeddable":true,"href":"https:\/\/www.europesays.com\/es\/wp-json\/wp\/v2\/categories?post=242182"},{"taxonomy":"post_tag","embeddable":true,"href":"https:\/\/www.europesays.com\/es\/wp-json\/wp\/v2\/tags?post=242182"}],"curies":[{"name":"wp","href":"https:\/\/api.w.org\/{rel}","templated":true}]}}