{"id":242184,"date":"2025-11-18T05:36:27","date_gmt":"2025-11-18T05:36:27","guid":{"rendered":"https:\/\/www.europesays.com\/es\/242184\/"},"modified":"2025-11-18T05:36:27","modified_gmt":"2025-11-18T05:36:27","slug":"paso-cuando-vine-de-supervivientes","status":"publish","type":"post","link":"https:\/\/www.europesays.com\/es\/242184\/","title":{"rendered":"Pas\u00f3 cuando vine de &#8216;Supervivientes"},"content":{"rendered":"<p class=\"c-paragraph\"><a href=\"https:\/\/www.20minutos.es\/tags\/personas\/gloria-camila.html\" title=\"Gloria Camila\" rel=\"nofollow noopener\" target=\"_blank\">Gloria Camila<\/a> ha confirmado su<b> ruptura con\u00a0\u00c1lvaro Garc\u00eda. <\/b>La hija de Jos\u00e9 Ortega Cano ha dado la noticia despu\u00e9s de en el programa de <a href=\"https:\/\/www.20minutos.es\/tags\/temas\/no-somos-nadie.html\" title=\"No somos nadie\" rel=\"nofollow noopener\" target=\"_blank\">No somos nadie<\/a> la colaborada\u00a0Anna Gurgui diera varios <a href=\"https:\/\/www.20minutos.es\/television\/no-somos-nadie-apunta-una-posible-ruptura-entre-gloria-camila-alvaro-garcia-ha-dejado-seguir-instagram_6897046_0.html\" title=\"&#039;No somos nadie&#039; apunta a una posible crisis entre Gloria Camila y \u00c1lvaro Garc\u00eda: &quot;\u00c9l la ha dejado de seguir en Instagram&quot;\" rel=\"nofollow noopener\" target=\"_blank\">indicios de su separaci\u00f3n<\/a>.\u00a0<\/p>\n<p class=\"c-paragraph\">\u00abMe di cuenta de que hac\u00eda tiempo que su novio no le daba &#8216;me gusta&#8217;. Me met\u00ed en el perfil de \u00c1lvaro Garc\u00eda y podemos decir que <b>ha dejado de seguir a Gloria Camila.<\/b> Es m\u00e1s, tambi\u00e9n ha dejado de seguir a Roc\u00edo Flore\u00bb, apunt\u00f3 la comunicadora en el programa de Ten.\u00a0<\/p>\n<p class=\"c-paragraph\">Gloria Camila fue preguntada por esta informaci\u00f3n el pasado viernes en El tiempo justo, espacio de Telecinco en el que actualmente colabora, y <b>confirm\u00f3 los rumores al respecto<\/b> del fin de su relaci\u00f3n.\u00a0<\/p>\n<p class=\"c-paragraph\">\u00abNo somos pareja, hemos decidido dejarlo. Esto lleg\u00f3 cuando vine de Supervivientes. Mi vida hab\u00eda dado un giro enorme, entonces ni mentalmente ni emocionalmente estaba con<b> la suficiente capacidad de seguir<\/b> teniendo la relaci\u00f3n\u00bb, asegur\u00f3 la joven en una primera instancia con los ojos vidriosos.<\/p>\n<p class=\"c-paragraph\">Asimismo, la exsuperviviente quiso explicar el motivo por el que han dejado de seguirse en las redes sociales: \u00ab\u00c9l lo decidi\u00f3, cosa que adem\u00e1s me dijo. Sab\u00eda que se iba a notar porque siempre hay alguien que lo mira [&#8230;] Para superar la ruptura<b> hay veces que tienes que quitar y empezar de cero\u00bb.<\/b><\/p>\n<p class=\"c-paragraph\">Aunque el amor se haya acabado, Gloria Camila le desea lo mejor a su expareja. \u00abEs maravilloso, me ha dado lo mejor de \u00e9l. Creo que<b> nos hemos aportado mutuamente <\/b>[&#8230;] Va a triunfar vaya donde vaya\u00bb, aleg\u00f3.<\/p>\n","protected":false},"excerpt":{"rendered":"Gloria Camila ha confirmado su ruptura con\u00a0\u00c1lvaro Garc\u00eda. La hija de Jos\u00e9 Ortega Cano ha dado la noticia&hellip;\n","protected":false},"author":2,"featured_media":212215,"comment_status":"","ping_status":"","sticky":false,"template":"","format":"standard","meta":{"footnotes":""},"categories":[171],"tags":[30312,62275,146,147,25,24,5929,23,214],"class_list":{"0":"post-242184","1":"post","2":"type-post","3":"status-publish","4":"format-standard","5":"has-post-thumbnail","7":"category-tv","8":"tag-alvaro-garcia","9":"tag-confirma-ruptura","10":"tag-entertainment","11":"tag-entretenimiento","12":"tag-es","13":"tag-espana","14":"tag-gloria-camila","15":"tag-spain","16":"tag-tv"},"share_on_mastodon":{"url":"https:\/\/pubeurope.com\/@es\/115569084826829701","error":""},"_links":{"self":[{"href":"https:\/\/www.europesays.com\/es\/wp-json\/wp\/v2\/posts\/242184","targetHints":{"allow":["GET"]}}],"collection":[{"href":"https:\/\/www.europesays.com\/es\/wp-json\/wp\/v2\/posts"}],"about":[{"href":"https:\/\/www.europesays.com\/es\/wp-json\/wp\/v2\/types\/post"}],"author":[{"embeddable":true,"href":"https:\/\/www.europesays.com\/es\/wp-json\/wp\/v2\/users\/2"}],"replies":[{"embeddable":true,"href":"https:\/\/www.europesays.com\/es\/wp-json\/wp\/v2\/comments?post=242184"}],"version-history":[{"count":0,"href":"https:\/\/www.europesays.com\/es\/wp-json\/wp\/v2\/posts\/242184\/revisions"}],"wp:featuredmedia":[{"embeddable":true,"href":"https:\/\/www.europesays.com\/es\/wp-json\/wp\/v2\/media\/212215"}],"wp:attachment":[{"href":"https:\/\/www.europesays.com\/es\/wp-json\/wp\/v2\/media?parent=242184"}],"wp:term":[{"taxonomy":"category","embeddable":true,"href":"https:\/\/www.europesays.com\/es\/wp-json\/wp\/v2\/categories?post=242184"},{"taxonomy":"post_tag","embeddable":true,"href":"https:\/\/www.europesays.com\/es\/wp-json\/wp\/v2\/tags?post=242184"}],"curies":[{"name":"wp","href":"https:\/\/api.w.org\/{rel}","templated":true}]}}