{"id":242187,"date":"2025-11-18T05:39:11","date_gmt":"2025-11-18T05:39:11","guid":{"rendered":"https:\/\/www.europesays.com\/es\/242187\/"},"modified":"2025-11-18T05:39:11","modified_gmt":"2025-11-18T05:39:11","slug":"honrar-las-raices-real-valladolid-cf","status":"publish","type":"post","link":"https:\/\/www.europesays.com\/es\/242187\/","title":{"rendered":"Honrar las ra\u00edces | Real Valladolid CF"},"content":{"rendered":"<p>\u00abEs un evento que me tiene muy emocionado. Reconocemos a las leyendas en el campo, pero a estas <strong>otras leyendas, las que llevan 25, 50, 60, 70 a\u00f1os de abonados, es muy importante reconocerlas, es muy relevante honrar nuestro pasado<\/strong> y nuestras ra\u00edces\u00bb. Con esas palabras comenz\u00f3 <strong>Gabriel Solares<\/strong>, copresidente del Real Valladolid, su intervenci\u00f3n ante la prensa en los proleg\u00f3menos de la entrega de insignias a los abonados que cumplen esas cifras ininterrumpidamente junto a su Pucela. Una comparecencia en la que <strong>respondi\u00f3 las preguntas de los periodistas<\/strong> sobre la actualidad deportiva e institucional blanquivioleta.<\/p>\n<p>Solares afirm\u00f3 que \u00abno hay tiempo para la preocupaci\u00f3n, es ocupaci\u00f3n lo que hay\u00bb y reconoci\u00f3 que \u00abla din\u00e1mica de juego ha ido evolucionando a lo largo de la temporada aunque<strong> es evidente que nos ha costado convertir<\/strong>, nos falta gol\u00bb. En ese punto, respondi\u00f3 que \u00abel mercado de invierno lo empezamos a trabajar el 2 de septiembre, estamos viendo posibilidades de salida y de llegada\u00bb. Adem\u00e1s, reiter\u00f3 que <strong>\u00abGuillermo Almada es parte fundamental del proyecto\u00bb<\/strong> y desgran\u00f3 que \u00abha estado en tres equipos fuera de Uruguay y en sus primeros meses nunca han sido los m\u00e1s exitosos, a partir de que el equipo coge la idea y se plasma, donde ha estado se han roto r\u00e9cords\u00bb.<\/p>\n<p>El copresidente tambi\u00e9n defendi\u00f3 que <strong>\u00abel equipo es intenso, tiene labor de sacrificio, genera volumen de juego y nos est\u00e1 faltando que ese volumen se convierta en llegadas peligrosas<\/strong> y sobre todo en goles\u00bb, al tiempo que record\u00f3 los datos f\u00edsicos que est\u00e1 registrando el primer equipo del Real Valladolid en este primer tramo de temporada: \u00abEstamos en el doble de intensidad y rendimiento f\u00edsico que la media de primera y segunda en Espa\u00f1a.<strong> El \u00fanico camino al \u00e9xito es seguir trabajando,<\/strong> el \u00fanico lugar en el que los resultados est\u00e1n antes que el trabajo es en el diccionario\u00bb.<\/p>\n<p>Por \u00faltimo, en la parcela deportiva, subray\u00f3 que \u00abla temporada dura 42 partidos, para lo bueno y para lo malo\u00bb y fue claro al decir que \u00abvenimos de la peor temporada de la historia de la instituci\u00f3n, habr\u00eda sido iluso que cuando lleg\u00e1ramos la gente iba a recuperar la confianza plena; <strong>se recobra la ilusi\u00f3n, pero la confianza hay que gan\u00e1rsela y trabajarla\u00bb.<\/strong><\/p>\n<p><strong>Las cuentas, sin sorpresas<\/strong><br \/>Fuera del campo, Solares abord\u00f3 tambi\u00e9n la situaci\u00f3n institucional en este lunes 17 de noviembre, en la que se ha anunciado la convocatoria para la <a href=\"https:\/\/www.realvalladolid.es\/noticias\/junta-general-ordinaria-de-accionistas-2025\" target=\"_blank\" rel=\"noopener nofollow\">Junta General Ordinaria de Accionistas<\/a>. \u00abLas negociaciones siempre fueron de buena fe, <strong>las cuentas son tal cual\u00bb <\/strong>confirm\u00f3 el copresidente, quien respondi\u00f3 que el 23 de mayo de 2025 finaliz\u00f3 la etapa de Ronaldo aunque <strong>jur\u00eddicamente se certifique a partir de la pr\u00f3xima Junta General Ordinaria de Accionistas <\/strong>que se celebrar\u00e1 en diciembre.<\/p>\n<p>Por \u00faltimo, sobre proyectos pendientes, el copresidente blanquivioleta asumi\u00f3 que \u00abla ciudad deportiva como se conoca es caduco, no tiene nada que ver con la realidad ni de la instituci\u00f3n ni de la econom\u00eda del Club y el gobierno, ni sus necesidades\u00bb. La prioridad, puso de relieve, se que<strong> \u00abse prioriza mejorar el Estadio Jos\u00e9 Zorrilla e ir mejorando la parcela deportiva a medida de las posibilidades\u00bb.<\/strong><\/p>\n","protected":false},"excerpt":{"rendered":"\u00abEs un evento que me tiene muy emocionado. Reconocemos a las leyendas en el campo, pero a estas&hellip;\n","protected":false},"author":2,"featured_media":242188,"comment_status":"","ping_status":"","sticky":false,"template":"","format":"standard","meta":{"footnotes":""},"categories":[93],"tags":[168,25,24,23,167],"class_list":{"0":"post-242187","1":"post","2":"type-post","3":"status-publish","4":"format-standard","5":"has-post-thumbnail","7":"category-deportes","8":"tag-deportes","9":"tag-es","10":"tag-espana","11":"tag-spain","12":"tag-sports"},"share_on_mastodon":{"url":"https:\/\/pubeurope.com\/@es\/115569096509452178","error":""},"_links":{"self":[{"href":"https:\/\/www.europesays.com\/es\/wp-json\/wp\/v2\/posts\/242187","targetHints":{"allow":["GET"]}}],"collection":[{"href":"https:\/\/www.europesays.com\/es\/wp-json\/wp\/v2\/posts"}],"about":[{"href":"https:\/\/www.europesays.com\/es\/wp-json\/wp\/v2\/types\/post"}],"author":[{"embeddable":true,"href":"https:\/\/www.europesays.com\/es\/wp-json\/wp\/v2\/users\/2"}],"replies":[{"embeddable":true,"href":"https:\/\/www.europesays.com\/es\/wp-json\/wp\/v2\/comments?post=242187"}],"version-history":[{"count":0,"href":"https:\/\/www.europesays.com\/es\/wp-json\/wp\/v2\/posts\/242187\/revisions"}],"wp:featuredmedia":[{"embeddable":true,"href":"https:\/\/www.europesays.com\/es\/wp-json\/wp\/v2\/media\/242188"}],"wp:attachment":[{"href":"https:\/\/www.europesays.com\/es\/wp-json\/wp\/v2\/media?parent=242187"}],"wp:term":[{"taxonomy":"category","embeddable":true,"href":"https:\/\/www.europesays.com\/es\/wp-json\/wp\/v2\/categories?post=242187"},{"taxonomy":"post_tag","embeddable":true,"href":"https:\/\/www.europesays.com\/es\/wp-json\/wp\/v2\/tags?post=242187"}],"curies":[{"name":"wp","href":"https:\/\/api.w.org\/{rel}","templated":true}]}}