{"id":242189,"date":"2025-11-18T05:40:26","date_gmt":"2025-11-18T05:40:26","guid":{"rendered":"https:\/\/www.europesays.com\/es\/242189\/"},"modified":"2025-11-18T05:40:26","modified_gmt":"2025-11-18T05:40:26","slug":"espana-es-el-pais-europeo-en-el-que-mas-crece-el-cancer-de-pulmon-femenino","status":"publish","type":"post","link":"https:\/\/www.europesays.com\/es\/242189\/","title":{"rendered":"Espa\u00f1a es el pa\u00eds europeo en el que m\u00e1s crece el c\u00e1ncer de pulm\u00f3n femenino"},"content":{"rendered":"<p><a class=\"v-mdl-ath__fig-a\" href=\"https:\/\/www.leonoticias.com\/autor\/alfonso-torices-118.html\" title=\"Alfonso Torices\" rel=\"nofollow noopener\" target=\"_blank\"><br \/>\n<img decoding=\"async\" class=\"v-mdl-ath__img\" src=\"https:\/\/www.europesays.com\/es\/wp-content\/uploads\/2025\/10\/autor-118-foto-3.jpeg\" alt=\"Alfonso Torices\"\/><br \/>\n<\/a><\/p>\n<p class=\"v-mdl-ath__p v-mdl-ath__p--6\">\nLunes, 17 de noviembre 2025, 13:28<\/p>\n<p>| Actualizado 17:05h.<\/p>\n<p class=\"v-p\">Los m\u00e9dicos espa\u00f1oles alertan a ciudadanos y autoridades del gran aumento de casos de <a href=\"https:\/\/www.leonoticias.com\/sociedad\/30000-espanoles-enferman-mueren-ano-insalubridad-vida-20250825001127-ntrc.html\" data-voc-vtm-id=\"in-text-traffic\" title=\"c\u00e1ncer de pulm\u00f3n\" rel=\"nofollow noopener\" target=\"_blank\">c\u00e1ncer de pulm\u00f3n<\/a> entre las espa\u00f1olas, una tendencia que no deja de crecer a\u00f1o tras a\u00f1o. El informe emitido hoy por el Grupo Espa\u00f1ol de C\u00e1ncer de Pulm\u00f3n (Gecp), que agrupa a 700 onc\u00f3logos, cirujanos tor\u00e1cicos, radioterapeutas e investigadores b\u00e1sicos, destaca que Espa\u00f1a ya es el territorio europeo en el que m\u00e1s crecen entre las mujeres los nuevos diagn\u00f3sticos de este <a href=\"https:\/\/www.leonoticias.com\/sociedad\/edulcorante-sucralosa-utilizado-espana-reduce-eficacia-tratamientos-20250731150058-ntrc.html\" data-voc-vtm-id=\"in-text-traffic\" title=\"tipo de c\u00e1ncer\" rel=\"nofollow noopener\" target=\"_blank\">tipo de c\u00e1ncer<\/a>, el tumor que m\u00e1s muertes causa cada a\u00f1o en nuestro pa\u00eds.<\/p>\n<p class=\"v-p\">El c\u00e1ncer de pulm\u00f3n sigue siendo una patolog\u00eda con marcado sesgo masculino debido a que el tabaquismo, su origen principal, en casi nueve de cada diez casos, es un h\u00e1bito pernicioso mucho m\u00e1s extendido en Espa\u00f1a entre los varones hasta hace pocas d\u00e9cadas. Son hombres siete de cada diez personas a las que se le diagnostica al enfermedad. Sin embargo, los nuevos casos entre las mujeres rozan ya el 28% del total, una proporci\u00f3n nunca vista en Espa\u00f1a. Prueba de este gran impacto de los <a href=\"https:\/\/www.leonoticias.com\/sociedad\/salud\/danos-geneticos-contaminacion-explican-canceres-pulmon-fumadores-20250702183654-ntrc.html\" data-voc-vtm-id=\"in-text-traffic\" title=\"tumores pulmonares femeninos\" rel=\"nofollow noopener\" target=\"_blank\">tumores pulmonares femeninos<\/a> es que, mientras la mortalidad general por este c\u00e1ncer en Espa\u00f1a aument\u00f3 en 2024 un 1,9%, en el caso de las mujeres subi\u00f3 un 7%, casi cuatro veces m\u00e1s. De las 23.200 muertes que esta clase de tumor caus\u00f3 el a\u00f1o pasado en nuestro pa\u00eds, 6.679 fueron mujeres. Son algo m\u00e1s del doble de decesos femeninos que hace dos d\u00e9cadas.<\/p>\n<p class=\"v-p\">Las razones de este fuerte aumento est\u00e1n en el envejecimiento de las muchas espa\u00f1olas que se sumaron al h\u00e1bito tab\u00e1quico en las d\u00e9cadas de los 70 y 80, pero tambi\u00e9n en la mucho mayor prevalencia de los tumores pulmonares en no fumadores entre las mujeres, lo que hace que tambi\u00e9n crezca el peso de los positivos entre los m\u00e1s j\u00f3venes. Mientras en la poblaci\u00f3n general los c\u00e1nceres de pulm\u00f3n entre no fumadores suponen sobre el 11%, entre las mujeres duplican esa proporci\u00f3n. Buena parte del aumento de casos femeninos son tumores con origen en factores o alteraciones gen\u00e9ticas y o bien derivados de la exposici\u00f3n a contaminantes atmosf\u00e9ricos u de otros de tipo industrial, como el amianto o los disolventes.<\/p>\n<p class=\"v-p\">La segunda tendencia preocupante que destacan los expertos de Gecp es que los diagn\u00f3sticos de c\u00e1ncer de pulm\u00f3n cada vez se dan a una edad m\u00e1s temprana. El 62% de los casos se detectan en mayores de 60 a\u00f1os, pero los especialistas est\u00e1n sorprendidos porque uno de cada veinte, el 5%, ya se conocen en menores de 50 a\u00f1os. \u00abEstamos viendo un incremento de diagn\u00f3sticos de c\u00e1ncer de pulm\u00f3n en personas m\u00e1s j\u00f3venes, algo especialmente preocupante porque rompe con el patr\u00f3n cl\u00e1sico de una enfermedad asociada a edades avanzadas\u00bb, subraya Mariano Provencio, presidente del Gecp.<\/p>\n<p>\nM\u00e1s de la mitad de los nuevos casos se detectan en estadios muy avanzados, cuando las opciones de tratamiento y curaci\u00f3n son m\u00ednimas\n<\/p>\n<p class=\"v-p\">El estudio reitera que el c\u00e1ncer de pulm\u00f3n sigue siendo el tumor m\u00e1s mortal, debido a que su tasa de supervivencia a los cinco a\u00f1os del diagn\u00f3stico ronda el 30%, una de las m\u00e1s bajas de todos los tumores, pese a que gracias a los notables avances en investigaci\u00f3n y terapias logrados en la \u00faltima d\u00e9cada ha mejorado en doce puntos. La raz\u00f3n de este porcentaje tan bajo de supervivencia es que la gran mayor\u00eda de los tumores, el 56%, no se detectan hasta que est\u00e1n ya en fases muy avanzadas (incluso con met\u00e1stasis), lo que limita al m\u00e1ximo la posibilidad de curaci\u00f3n y de tratamiento. Solo el 10% de los tumores se detectan en fases tempranas.<\/p>\n<p class=\"v-p\">Los m\u00e9dicos y cient\u00edficos de Gecp reclaman un \u00abplan nacional integral\u00bb que sit\u00fae el c\u00e1ncer de pulm\u00f3n como \u00abuna prioridad dentro de la estrategia sanitaria\u00bb. Plan que, adem\u00e1s de una fuerte bater\u00eda de medidas preventivas, pues la mayor\u00eda de tumores son evitables con h\u00e1bitos sanos, haga una apuesta por la investigaci\u00f3n sobre este tipo de c\u00e1ncer (ahora solo se dedican a ello el 4% de los recursos p\u00fablicos destinados a combatir los tumores), lo que creen que frena los diagn\u00f3sticos m\u00e1s tempranos y los tratamientos m\u00e1s efectivos. Tambi\u00e9n piden un acceso general y m\u00e1s veloz a las pruebas gen\u00f3micas y a las nuevas terapias y que no haya las grandes diferencias actuales entre territorios.<\/p>\n<p>Cribado en poblaci\u00f3n de riesgo<\/p>\n<p class=\"v-p\">Una medida clave para aumentar el diagn\u00f3stico precoz de c\u00e1ncer de pulm\u00f3n, y con ello las posibilidades de tratamiento y la tasa de supervivencia de esta patolog\u00eda oncol\u00f3gica, ser\u00eda el cribado de toda la poblaci\u00f3n de riesgo. Un examen del t\u00f3rax de estos ciudadanos mediante un esc\u00e1ner de baja dosis de radiaci\u00f3n en busca de un tumor en fase inicial, exploraci\u00f3n que se repetir\u00eda de forma peri\u00f3dica. <\/p>\n<p class=\"v-p\">La Sociedad Espa\u00f1ola de Neumolog\u00eda y Cirug\u00eda Tor\u00e1cica (Separ) lidera desde hace casi dos a\u00f1os una experiencia piloto de cribado, denominada &#8216;proyecto Cassandra&#8217;, apoyada por otras ocho sociedades cient\u00edficas y asociaciones de pacientes, que busca convencer a las autoridades sanitarias de la eficacia y rentabilidad de este sistema de detecci\u00f3n precoz. Su objetivo es que se implante en todo el pa\u00eds, con financiaci\u00f3n p\u00fablica y llegando a todos los colectivos de riesgo, como ocurre con los cribados de mama, c\u00e9rvix o colon y recto. <\/p>\n<p class=\"v-p\">Cassandra, gracias al esfuerzo e impulso personal de los especialistas, se desarrolla actualmente en quince hospitales de seis comunidades \u2014Arag\u00f3n, Asturias, Cantabria, Catalu\u00f1a, Madrid y Regi\u00f3n de Murcia\u2014 y se espera que en los pr\u00f3ximos meses se ampl\u00ede a una veintena de centros. Esta iniciativa ya ha permitido detectar casos de c\u00e1ncer de pulm\u00f3n en estadios tempranos. Aunque su evaluaci\u00f3n completa a\u00fan est\u00e1 en curso, se estima que este tipo de cribado podr\u00eda reducir la mortalidad entre un 20% y un 25%.<\/p>\n<p class=\"v-p\">\u00abNuestro objetivo es seguir ampliando el n\u00famero de centros y autonom\u00edas participantes para generar la evidencia cient\u00edfica necesaria que demuestre la viabilidad del cribado en el Sistema Nacional de Salud y dar cumplimiento a las recomendaciones de la Comisi\u00f3n Europea\u00bb, explica el doctor Luis Seijo, coordinador, junto a Juan Carlos Trujillo, del &#8216;proyecto Cassandra&#8217;.<\/p>\n<p>Reporta un error<\/p>\n","protected":false},"excerpt":{"rendered":"Lunes, 17 de noviembre 2025, 13:28 | Actualizado 17:05h. Los m\u00e9dicos espa\u00f1oles alertan a ciudadanos y autoridades del&hellip;\n","protected":false},"author":2,"featured_media":242190,"comment_status":"","ping_status":"","sticky":false,"template":"","format":"standard","meta":{"footnotes":""},"categories":[92],"tags":[1066,12008,25,24,5824,4649,165,698,3256,166,23],"class_list":{"0":"post-242189","1":"post","2":"type-post","3":"status-publish","4":"format-standard","5":"has-post-thumbnail","7":"category-salud","8":"tag-cancer","9":"tag-crece","10":"tag-es","11":"tag-espana","12":"tag-europeo","13":"tag-femenino","14":"tag-health","15":"tag-pais","16":"tag-pulmon","17":"tag-salud","18":"tag-spain"},"share_on_mastodon":{"url":"https:\/\/pubeurope.com\/@es\/115569100932675903","error":""},"_links":{"self":[{"href":"https:\/\/www.europesays.com\/es\/wp-json\/wp\/v2\/posts\/242189","targetHints":{"allow":["GET"]}}],"collection":[{"href":"https:\/\/www.europesays.com\/es\/wp-json\/wp\/v2\/posts"}],"about":[{"href":"https:\/\/www.europesays.com\/es\/wp-json\/wp\/v2\/types\/post"}],"author":[{"embeddable":true,"href":"https:\/\/www.europesays.com\/es\/wp-json\/wp\/v2\/users\/2"}],"replies":[{"embeddable":true,"href":"https:\/\/www.europesays.com\/es\/wp-json\/wp\/v2\/comments?post=242189"}],"version-history":[{"count":0,"href":"https:\/\/www.europesays.com\/es\/wp-json\/wp\/v2\/posts\/242189\/revisions"}],"wp:featuredmedia":[{"embeddable":true,"href":"https:\/\/www.europesays.com\/es\/wp-json\/wp\/v2\/media\/242190"}],"wp:attachment":[{"href":"https:\/\/www.europesays.com\/es\/wp-json\/wp\/v2\/media?parent=242189"}],"wp:term":[{"taxonomy":"category","embeddable":true,"href":"https:\/\/www.europesays.com\/es\/wp-json\/wp\/v2\/categories?post=242189"},{"taxonomy":"post_tag","embeddable":true,"href":"https:\/\/www.europesays.com\/es\/wp-json\/wp\/v2\/tags?post=242189"}],"curies":[{"name":"wp","href":"https:\/\/api.w.org\/{rel}","templated":true}]}}