{"id":242195,"date":"2025-11-18T05:44:33","date_gmt":"2025-11-18T05:44:33","guid":{"rendered":"https:\/\/www.europesays.com\/es\/242195\/"},"modified":"2025-11-18T05:44:33","modified_gmt":"2025-11-18T05:44:33","slug":"guerra-de-fondos-y-busqueda-de-administrador-concursal-para-urbas-promotora-de-la-mina-de-feldespato-de-muras","status":"publish","type":"post","link":"https:\/\/www.europesays.com\/es\/242195\/","title":{"rendered":"Guerra de fondos y b\u00fasqueda de administrador concursal para Urbas, promotora de la mina de feldespato de Muras"},"content":{"rendered":"<p>El pasado septiembre <a href=\"https:\/\/www.economiadigital.es\/galicia\/empresas\/urbas-promotora-feldespato-muras-concurso-acreedores.html\" rel=\"nofollow noopener\" target=\"_blank\">Urbas<\/a>, la compa\u00f1\u00eda promotora de la mina de feldespato en Muras, solicit\u00f3 la declaraci\u00f3n de concurso voluntario de acreedores. Ahora la <strong>Comisi\u00f3n Nacional del Mercado de Valores (CNMV)<\/strong> ha abierto un plazo hasta el pr\u00f3ximo 1 de diciembre para elegir el administrador concursal.\u00a0<\/p>\n<p>El regulador ya recibi\u00f3 el 13 de noviembre el auto del Juzgado de lo Mercantil n\u00famero 2 de Madrid, en relaci\u00f3n con la designaci\u00f3n del administrador concursal, en el que se solicitaba la propuesta de terna que le corresponde hacer a la CNMV.<\/p>\n<p>En cumplimiento de ese auto, la CNMV inicia as\u00ed los tr\u00e1mites oportunos para la realizaci\u00f3n de la propuesta correspondiente, teniendo los interesados en ser designados como candidatos a administrador concursal de Urbas hasta el 1 de diciembre para presentar sus expresiones de inter\u00e9s, seg\u00fan ha informado el regulador en un comunicado.<\/p>\n<p>Plan de reestructuraci\u00f3n\u00a0<\/p>\n<p>La firma de infraestructuras y promoci\u00f3n inmobiliaria formaliz\u00f3 en julio un plan de reestructuraci\u00f3n sin quitas, con el apoyo de 53 acreedores, es decir, el 76,8% de la deuda nominal y el 25,7% del total del pasivo afectado \u2013que incluye la deuda contingente\u2013 y con un informe de apoyo de la firma internacional \u00c1lvarez &amp; Marsal.<\/p>\n<p>Sin embargo, <strong>FTI Partners Recovery Spain<\/strong>, firma que fue designada por el juzgado competente como experto en la reestructuraci\u00f3n a solicitud del fondo <strong>Roundshield Partners<\/strong>, realiz\u00f3 un informe neg\u00e1ndose a emitir el certificado de mayor\u00edas preceptivo para la homologaci\u00f3n de ese plan de reestructuraci\u00f3n, lo que trunc\u00f3 las negociaciones.<\/p>\n<p>Urbas lament\u00f3 esta decisi\u00f3n de FTI, recordando que Roundshield Partners posee un cr\u00e9dito contingente litigioso \u00abde dudoso origen y dif\u00edcil cristalizaci\u00f3n\u00bb. El 60% de ese fondo fue adquirido recientemente por Harrison Street Asset Management, divisi\u00f3n de gesti\u00f3n de inversiones de Colliers International Group.<\/p>\n<p>Por todo ello, <strong>Urbas present\u00f3 esta solicitud de concurso de manera preventiva y sin renunciar a ese plan de reestructuraci\u00f3n<\/strong>, por lo que pidi\u00f3 que se resolviese primero ese plan antes de efectuarse cualquier pronunciamiento sobre el concurso.<\/p>\n","protected":false},"excerpt":{"rendered":"El pasado septiembre Urbas, la compa\u00f1\u00eda promotora de la mina de feldespato en Muras, solicit\u00f3 la declaraci\u00f3n de&hellip;\n","protected":false},"author":2,"featured_media":242196,"comment_status":"","ping_status":"","sticky":false,"template":"","format":"standard","meta":{"footnotes":""},"categories":[80],"tags":[82,95,94,25,24,62276,23],"class_list":{"0":"post-242195","1":"post","2":"type-post","3":"status-publish","4":"format-standard","5":"has-post-thumbnail","7":"category-economia","8":"tag-business","9":"tag-economia","10":"tag-economy","11":"tag-es","12":"tag-espana","13":"tag-mineru00eda-en-galicia","14":"tag-spain"},"share_on_mastodon":{"url":"https:\/\/pubeurope.com\/@es\/115569116015211405","error":""},"_links":{"self":[{"href":"https:\/\/www.europesays.com\/es\/wp-json\/wp\/v2\/posts\/242195","targetHints":{"allow":["GET"]}}],"collection":[{"href":"https:\/\/www.europesays.com\/es\/wp-json\/wp\/v2\/posts"}],"about":[{"href":"https:\/\/www.europesays.com\/es\/wp-json\/wp\/v2\/types\/post"}],"author":[{"embeddable":true,"href":"https:\/\/www.europesays.com\/es\/wp-json\/wp\/v2\/users\/2"}],"replies":[{"embeddable":true,"href":"https:\/\/www.europesays.com\/es\/wp-json\/wp\/v2\/comments?post=242195"}],"version-history":[{"count":0,"href":"https:\/\/www.europesays.com\/es\/wp-json\/wp\/v2\/posts\/242195\/revisions"}],"wp:featuredmedia":[{"embeddable":true,"href":"https:\/\/www.europesays.com\/es\/wp-json\/wp\/v2\/media\/242196"}],"wp:attachment":[{"href":"https:\/\/www.europesays.com\/es\/wp-json\/wp\/v2\/media?parent=242195"}],"wp:term":[{"taxonomy":"category","embeddable":true,"href":"https:\/\/www.europesays.com\/es\/wp-json\/wp\/v2\/categories?post=242195"},{"taxonomy":"post_tag","embeddable":true,"href":"https:\/\/www.europesays.com\/es\/wp-json\/wp\/v2\/tags?post=242195"}],"curies":[{"name":"wp","href":"https:\/\/api.w.org\/{rel}","templated":true}]}}