{"id":242197,"date":"2025-11-18T05:46:20","date_gmt":"2025-11-18T05:46:20","guid":{"rendered":"https:\/\/www.europesays.com\/es\/242197\/"},"modified":"2025-11-18T05:46:20","modified_gmt":"2025-11-18T05:46:20","slug":"zelenski-y-macron-firman-un-acuerdo-historico-para-armar-a-kiev-tras-la-guerra-internacional","status":"publish","type":"post","link":"https:\/\/www.europesays.com\/es\/242197\/","title":{"rendered":"Zelenski y Macron firman un acuerdo \u201chist\u00f3rico\u201d para armar a Kiev tras la guerra | Internacional"},"content":{"rendered":"<p class=\"\">Volod\u00edmir Zelenski aterriz\u00f3 en Par\u00eds este lunes para verse con su hom\u00f3logo Emmanuel Macron. Lo hizo tras su paso por Grecia el domingo y antes de viajar a Madrid este martes. <a href=\"https:\/\/elpais.com\/expres\/2025-09-04\/los-aliados-europeos-de-ucrania-se-reunen-con-zelenski-en-paris-que-se-espera.html\" target=\"_self\" rel=\"nofollow noopener\" title=\"https:\/\/elpais.com\/expres\/2025-09-04\/los-aliados-europeos-de-ucrania-se-reunen-con-zelenski-en-paris-que-se-espera.html\">La secuencia no es nueva. Se trata del noveno viaje del presidente ucranio desde que comenz\u00f3 la guerra con Rusia, en 2022.<\/a> Esta vez, sin embargo, no ven\u00eda a pedir ayuda, sino a comprarla.<\/p>\n<p class=\"\">Francia prepar\u00f3 un recibimiento al l\u00edder ucranio en calidad de cliente. En una ceremonia en la base militar de Villacoublay, el Ministerio de Defensa y las empresas que orbitan alrededor de sus necesidades log\u00edsticas y armament\u00edsticas desplegaron todo su cat\u00e1logo de ofertas a Kiev. El viejo stock militar con el que se ha alimentado la defensa del pa\u00eds invadido se ha terminado. Y ahora, se ha dado a entender, se entrar\u00e1 en la fase cuyas normas dicta el mercado. Otra cosa es c\u00f3mo vaya a poder pagar Ucrania.<\/p>\n<p class=\"\">\u201cSe busca avanzar a\u00fan m\u00e1s y permitir que Ucrania se defienda, poniendo la excelencia francesa en armamento al servicio de sus necesidades: defensa antia\u00e9rea, lucha antidrones, armamento, tecnolog\u00edas\u201d, explicaron fuentes del El\u00edseo antes de la visita. \u201cLos ataques nocturnos recientes subrayan la urgencia\u201d.<\/p>\n<p class=\"\">Acompa\u00f1ado por los ministros de Defensa y Exteriores, Zelenski pas\u00f3 revista a las tropas y se par\u00f3 ante los equipamientos militares franceses, incluidos cazas Rafale, misiles de defensa antia\u00e9rea SAMP\/T NG y Aster 30 B NT, radares GF 300 y drones. La visita culmin\u00f3 con la firma de una carta de intenciones con gran solemnidad.<\/p>\n<p class=\"\"><a href=\"https:\/\/elpais.com\/internacional\/2025-03-26\/macron-anuncia-ante-zelenski-2000-millones-mas-de-ayuda-militar-a-ucrania.html\" target=\"_self\" rel=\"nofollow noopener\" title=\"https:\/\/elpais.com\/internacional\/2025-03-26\/macron-anuncia-ante-zelenski-2000-millones-mas-de-ayuda-militar-a-ucrania.html\">El acuerdo de cooperaci\u00f3n militar tiene el horizonte de una d\u00e9cada y depender\u00e1, en gran medida, del final de la guerra.<\/a> El documento firmado incluye la compra de hasta 100 cazas Rafale, fabricados por la francesa <a href=\"https:\/\/elpais.com\/noticias\/dassault\/\" target=\"_self\" rel=\"nofollow noopener\" title=\"https:\/\/elpais.com\/noticias\/dassault\/\">Dassault Aviation<\/a>, y todos sus \u201carmamentos asociados\u201d. Zelenski afirm\u00f3 que este pacto permitir\u00e1 un \u201crefuerzo sustancial de la capacidad de defensa\u201d, apuntando que Ucrania podr\u00e1 recibir tambi\u00e9n cuatro radares, ocho sistemas de defensa antia\u00e9rea y seis sistemas de lanzamiento de misiles.<\/p>\n<p class=\"\">Macron destac\u00f3 que el objetivo es modernizar el ej\u00e9rcito ucranio para acercarlo a los est\u00e1ndares de la OTAN, argumentando que \u201cUcrania es la primera l\u00ednea de defensa de Europa\u201d. El presidente franc\u00e9s confirm\u00f3 que la colaboraci\u00f3n busca poner la \u201cexcelencia industrial y tecnol\u00f3gica\u201d francesa en el coraz\u00f3n de Ucrania.<\/p>\n<p class=\"\">El problema es que el acuerdo llega justo en uno de los peores momentos del ejecutivo de Zelenski, <a href=\"https:\/\/elpais.com\/internacional\/2025-11-10\/un-caso-de-corrupcion-en-el-sector-energetico-salpica-al-gobierno-y-al-entorno-de-zelenski.html\" target=\"_self\" rel=\"nofollow noopener\" title=\"https:\/\/elpais.com\/internacional\/2025-11-10\/un-caso-de-corrupcion-en-el-sector-energetico-salpica-al-gobierno-y-al-entorno-de-zelenski.html\">sacudido por el mayor esc\u00e1ndalo de corrupci\u00f3n de su presidencia<\/a>. Varios funcionarios y personas cercanas al jefe de Estado est\u00e1n acusados de haber desviado unos 86 millones de euros del sector energ\u00e9tico.<\/p>\n<p class=\"\">Algo que preocupa tambi\u00e9n en Francia y entre los socios comunitarios m\u00e1s partidarios de la integraci\u00f3n de Ucrania a la Uni\u00f3n Europea. \u201cTenemos un di\u00e1logo de confianza con las autoridades ucranias. En el marco del proceso de adhesi\u00f3n, conocen nuestras exigencias en materia de transparencia y lucha contra la corrupci\u00f3n. Los intercambios se desarrollan con franqueza y confianza\u201d, opinan en el El\u00edseo.<\/p>\n<p class=\"\">Desde el comienzo de la guerra Francia hab\u00eda firmado acuerdos con Ucrania para venderle armamento por valor de 8.600 millones de euros, lo que inclu\u00eda entre otras cosas diferentes tipos de misiles anticarro, misiles Mistral de defensa antia\u00e9rea, ca\u00f1ones Caesar, blindados, la cesi\u00f3n de cazas Mirage 2000 utilizados por el ej\u00e9rcito franc\u00e9s, munici\u00f3n o equipamiento individual para soldados.<\/p>\n<p class=\"\">Desde Villacoublay, Macron y Zelenski se trasladaron al Mont Val\u00e9rien, en la ciudad de Suresnes, donde se encuentra el Estado Mayor de <a href=\"https:\/\/elpais.com\/internacional\/2025-09-04\/una-veintena-de-paises-de-la-coalicion-de-voluntarios-acuerda-enviar-tropas-a-ucrania-si-se-firma-la-paz.html\" target=\"_self\" rel=\"nofollow noopener\" title=\"https:\/\/elpais.com\/internacional\/2025-09-04\/una-veintena-de-paises-de-la-coalicion-de-voluntarios-acuerda-enviar-tropas-a-ucrania-si-se-firma-la-paz.html\">la coalici\u00f3n de voluntarios que integran 35 pa\u00edses, en su mayor parte europeos<\/a>, que trabajan en la preparaci\u00f3n de garant\u00edas de seguridad a Kiev para el caso de que se alcanzara un alto el fuego con Rusia.<\/p>\n<p class=\"\">Esas garant\u00edas, que supondr\u00edan el despliegue en Ucrania de tropas de algunos pa\u00edses de la citada coalici\u00f3n, est\u00e1n a expensas de un acuerdo para el fin de las hostilidades. En la conferencia de prensa en el El\u00edseo, Macron se refiri\u00f3 a ello: \u201cTodo est\u00e1 listo para la paz en Ucrania, solo es Rusia la que la rechaza\u201d. Adem\u00e1s, el presidente franc\u00e9s conden\u00f3 la \u201cobstinaci\u00f3n\u201d y las ambiciones \u201cimperialistas y neocoloniales\u201d de Rusia, y expres\u00f3 su esperanza de que la paz pueda lograrse \u201cantes del 2027\u201d.<\/p>\n","protected":false},"excerpt":{"rendered":"Volod\u00edmir Zelenski aterriz\u00f3 en Par\u00eds este lunes para verse con su hom\u00f3logo Emmanuel Macron. Lo hizo tras su&hellip;\n","protected":false},"author":2,"featured_media":242198,"comment_status":"","ping_status":"","sticky":false,"template":"","format":"standard","meta":{"footnotes":""},"categories":[42],"tags":[17,18,730,13,14,317,69,7082,11,61,62,63,64,19,20,9,10,15,16,4759,1614,12,7081,21,22,14181,65,66,67],"class_list":{"0":"post-242197","1":"post","2":"type-post","3":"status-publish","4":"format-standard","5":"has-post-thumbnail","7":"category-internacional","8":"tag-breaking-news","9":"tag-breakingnews","10":"tag-emmanuel-macron","11":"tag-featured-news","12":"tag-featurednews","13":"tag-francia","14":"tag-guerra","15":"tag-guerra-de-rusia-en-ucrania","16":"tag-headlines","17":"tag-internacional","18":"tag-international","19":"tag-international-news","20":"tag-internationalnews","21":"tag-latest-news","22":"tag-latestnews","23":"tag-news","24":"tag-noticias","25":"tag-noticias-destacadas","26":"tag-noticiasdestacadas","27":"tag-paris","28":"tag-rusia","29":"tag-titulares","30":"tag-ucrania","31":"tag-ultimas-noticias","32":"tag-ultimasnoticias","33":"tag-volodimir-zelenski","34":"tag-world","35":"tag-world-news","36":"tag-worldnews"},"share_on_mastodon":{"url":"","error":"Validation failed: Text character limit of 500 exceeded"},"_links":{"self":[{"href":"https:\/\/www.europesays.com\/es\/wp-json\/wp\/v2\/posts\/242197","targetHints":{"allow":["GET"]}}],"collection":[{"href":"https:\/\/www.europesays.com\/es\/wp-json\/wp\/v2\/posts"}],"about":[{"href":"https:\/\/www.europesays.com\/es\/wp-json\/wp\/v2\/types\/post"}],"author":[{"embeddable":true,"href":"https:\/\/www.europesays.com\/es\/wp-json\/wp\/v2\/users\/2"}],"replies":[{"embeddable":true,"href":"https:\/\/www.europesays.com\/es\/wp-json\/wp\/v2\/comments?post=242197"}],"version-history":[{"count":0,"href":"https:\/\/www.europesays.com\/es\/wp-json\/wp\/v2\/posts\/242197\/revisions"}],"wp:featuredmedia":[{"embeddable":true,"href":"https:\/\/www.europesays.com\/es\/wp-json\/wp\/v2\/media\/242198"}],"wp:attachment":[{"href":"https:\/\/www.europesays.com\/es\/wp-json\/wp\/v2\/media?parent=242197"}],"wp:term":[{"taxonomy":"category","embeddable":true,"href":"https:\/\/www.europesays.com\/es\/wp-json\/wp\/v2\/categories?post=242197"},{"taxonomy":"post_tag","embeddable":true,"href":"https:\/\/www.europesays.com\/es\/wp-json\/wp\/v2\/tags?post=242197"}],"curies":[{"name":"wp","href":"https:\/\/api.w.org\/{rel}","templated":true}]}}