{"id":242206,"date":"2025-11-18T05:56:10","date_gmt":"2025-11-18T05:56:10","guid":{"rendered":"https:\/\/www.europesays.com\/es\/242206\/"},"modified":"2025-11-18T05:56:10","modified_gmt":"2025-11-18T05:56:10","slug":"los-propalestinos-tambien-consiguen-que-el-joventut-hapoel-holon-se-juegue-a-puerta-cerrada","status":"publish","type":"post","link":"https:\/\/www.europesays.com\/es\/242206\/","title":{"rendered":"Los propalestinos tambi\u00e9n consiguen que el Joventut-Hapoel Hol\u00f3n se juegue a puerta cerrada"},"content":{"rendered":"<p>El partido de la quinta jornada de la Champions de baloncesto entre el <strong>Joventut Badalona<\/strong> y el <strong>Hapoel<\/strong> <strong>Hol\u00f3n<\/strong> israel\u00ed del mi\u00e9rcoles 19 de noviembre se disputar\u00e1 a <a href=\"https:\/\/okdiario.com\/deportes\/declaran-alto-riesgo-manresa-hapoel-jerusalen-eurocup-movimiento-propalestino-15555911\" rel=\"nofollow noopener\" target=\"_blank\">puerta cerrada<\/a>, seg\u00fan ha anunciado este lunes el club verdinegro. En un comunicado, asegur\u00f3 que ha tomado esta \u00abmedida extraordinaria y completamente ajena a la voluntad del club\u00bb siguiendo \u00ablas recomendaciones de las autoridades competentes y ante las movilizaciones convocadas al respecto\u00bb para \u00abgarantizar la seguridad\u00bb de los aficionados.<\/p>\n<p>La Plataforma Badalona contra el genocidio, formada por 25 entidades de la ciudad, ha convocado una concentraci\u00f3n de protesta delante del Ol\u00edmpico de Badalona el pr\u00f3ximo 19 de noviembre a las 19:00 horas y 45 minutos antes del inicio del encuentro. Esta plataforma se sum\u00f3 de este modo a la petici\u00f3n p\u00fablica de los grupos de animaci\u00f3n del Joventut, <strong>La Cantonada CJB y Dimonis Verds i Negres<\/strong>, dirigida al club, a la <strong>FIBA<\/strong> y a la <strong>Federaci\u00f3n Espa\u00f1ola de Baloncesto<\/strong> para suspender el encuentro.<\/p>\n<p>El encuentro entre el Joventut y el Hapoel Hol\u00f3n ha sido declarado como de alto riesgo por la <strong>Comisi\u00f3n Antiviolencia<\/strong>, lo que obligaba al Joventut a adoptar medidas de seguridad adicionales y el club verdinegro ha optado por disputar el partido a puerta cerrada, como ya sucedi\u00f3 en octubre con los partidos del <strong>Baxi Manresa<\/strong>, el <strong>Valencia Basket<\/strong> y <strong>La Laguna Tenerife<\/strong> contra otros equipos de <strong>Israel<\/strong>.<\/p>\n<p>Asimismo, este encuentro se celebrar\u00e1 un d\u00eda despu\u00e9s del partido amistoso que las selecciones masculinas de f\u00fatbol de <strong>Catalu\u00f1a<\/strong> y <strong>Palestina<\/strong> disputar\u00e1n este martes en el <strong>Ol\u00edmpico de Montjuic<\/strong>.<\/p>\n<p>La amenaza propalestina arrasa con el Joventut-Hapoel<\/p>\n<p>\u00abReclamamos un deporte que ponga en el centro la vida y la justicia, y sabemos que muchas jugadoras sienten lo mismo, sabemos que muchos jugadores han expresado su solidaridad. Lo que necesitamos es que las competiciones tambi\u00e9n respeten este llamamiento, respeten al pueblo palestino y dejen de anteponer unos intereses que solo responden a las grandes marcas\u00bb, exigi\u00f3 la portavoz de la Coalici\u00f3n Basta de Complicidad con Israel, <strong>Alys Samson<\/strong>.<\/p>\n<p>Las organizaciones convocantes han asegurado que su movilizaci\u00f3n continuar\u00e1 \u00abhasta lograr el objetivo\u00bb, y no descartan extender sus protestas al partido de la jornada 20 de la <strong>Euroliga<\/strong>, en el que el <strong>Barcelona<\/strong>\u00a0recibir\u00e1 el 6 de enero en el <strong>Palau Blaugrana<\/strong> al <strong>Maccabi Tel Aviv<\/strong>.<\/p>\n","protected":false},"excerpt":{"rendered":"El partido de la quinta jornada de la Champions de baloncesto entre el Joventut Badalona y el Hapoel&hellip;\n","protected":false},"author":2,"featured_media":242207,"comment_status":"","ping_status":"","sticky":false,"template":"","format":"standard","meta":{"footnotes":""},"categories":[269],"tags":[299,298,168,25,24,23,167],"class_list":{"0":"post-242206","1":"post","2":"type-post","3":"status-publish","4":"format-standard","5":"has-post-thumbnail","7":"category-baloncesto","8":"tag-baloncesto","9":"tag-basketball","10":"tag-deportes","11":"tag-es","12":"tag-espana","13":"tag-spain","14":"tag-sports"},"share_on_mastodon":{"url":"https:\/\/pubeurope.com\/@es\/115569163260665826","error":""},"_links":{"self":[{"href":"https:\/\/www.europesays.com\/es\/wp-json\/wp\/v2\/posts\/242206","targetHints":{"allow":["GET"]}}],"collection":[{"href":"https:\/\/www.europesays.com\/es\/wp-json\/wp\/v2\/posts"}],"about":[{"href":"https:\/\/www.europesays.com\/es\/wp-json\/wp\/v2\/types\/post"}],"author":[{"embeddable":true,"href":"https:\/\/www.europesays.com\/es\/wp-json\/wp\/v2\/users\/2"}],"replies":[{"embeddable":true,"href":"https:\/\/www.europesays.com\/es\/wp-json\/wp\/v2\/comments?post=242206"}],"version-history":[{"count":0,"href":"https:\/\/www.europesays.com\/es\/wp-json\/wp\/v2\/posts\/242206\/revisions"}],"wp:featuredmedia":[{"embeddable":true,"href":"https:\/\/www.europesays.com\/es\/wp-json\/wp\/v2\/media\/242207"}],"wp:attachment":[{"href":"https:\/\/www.europesays.com\/es\/wp-json\/wp\/v2\/media?parent=242206"}],"wp:term":[{"taxonomy":"category","embeddable":true,"href":"https:\/\/www.europesays.com\/es\/wp-json\/wp\/v2\/categories?post=242206"},{"taxonomy":"post_tag","embeddable":true,"href":"https:\/\/www.europesays.com\/es\/wp-json\/wp\/v2\/tags?post=242206"}],"curies":[{"name":"wp","href":"https:\/\/api.w.org\/{rel}","templated":true}]}}