{"id":242208,"date":"2025-11-18T05:57:12","date_gmt":"2025-11-18T05:57:12","guid":{"rendered":"https:\/\/www.europesays.com\/es\/242208\/"},"modified":"2025-11-18T05:57:12","modified_gmt":"2025-11-18T05:57:12","slug":"que-tiene-el-golazo-de-lamine-yamal-que-no-tenga-el-de-antony","status":"publish","type":"post","link":"https:\/\/www.europesays.com\/es\/242208\/","title":{"rendered":"\u00bfQu\u00e9 tiene el golazo de Lamine Yamal que no tenga el de Antony?"},"content":{"rendered":"<p>17\/11\/2025<br \/>\n<br \/><strong><br \/>\nActualizado a las 23:09h.<br \/>\n<\/strong><\/p>\n<p class=\"voc-p\" style=\"\">\u00bfPor qu\u00e9 el de <strong>Lamine Yamal<\/strong> s\u00ed y el de <strong>Antony<\/strong> no? Eso mismo se preguntan en el <strong>Real Betis<\/strong>, donde no han dudado en &#8216;reclamar&#8217; desde sus redes sociales la candidatura al <strong>Premio Puskas<\/strong> (mejor gol del a\u00f1o) para  &#8230; su estrella brasile\u00f1a. Sencillamente, porque al barcelonista lo ha nominado la FIFA por un <strong>gol calcado<\/strong> en la ejecuci\u00f3n y todos los detalles a otro conseguido por el b\u00e9tico el curso pasado.<\/p>\n<p class=\"voc-p\" style=\"\">Lamine ha sido seleccionado por su golazo al <strong>Espanyol en Cornell\u00e0<\/strong>, un tanto que parece una <strong>repetici\u00f3n del que anot\u00f3 Antony<\/strong> para darle la victoria al Real Betis la campa\u00f1a pasada, curiosamente, ante el mismo rival, en el mismo estadio, al mismo portero (entonces Joan Garc\u00eda) y con el bal\u00f3n entrando incluso por la misma escuadra de la misma porter\u00eda.<\/p>\n<p class=\"voc-p\" style=\"\">La diferencia es que mientras el de Lamine Yamal opta a ser premiado como el mejor gol del a\u00f1o para la FIFA, el del brasile\u00f1o del Betis <strong>cae en el olvido<\/strong>, no aparece en el listado de seleccionados pese a ser un calco del primero.<\/p>\n<p class=\"voc-p\" style=\"\"><strong>El Betis clama por su figura con un simp\u00e1tico v\u00eddeo de &#8216;queja&#8217; a la FIFA<\/strong>. La comparaci\u00f3n estaba servida desde que el pasado jueves se hicieron p\u00fablicos los nombres de los 11 jugadores nominados a mejor gol del a\u00f1o para el Premio Puskas. \u00bfQu\u00e9 tiene el golazo de Lamine que no tenga el de Antony?<\/p>\n<p><img decoding=\"async\" loading=\"lazy\" src=\"https:\/\/www.europesays.com\/es\/wp-content\/uploads\/2025\/11\/G5p1nR_XoAAtxOD-U80045373645wsD-760x427@diario_abc.jpg\" class=\"voc-img\" width=\"760\" height=\"427\" alt=\"El Betis y la nominaci\u00f3n al Puskas: \u00bfQu\u00e9 tiene el golazo de Lamine Yamal que no tenga el de Antony?\" data-voc-vtm-id=\"in-text-traffic\"\/><\/p>\n<p>\nArt\u00edculo solo para suscriptores\n<\/p>\n<p>Reportar un error<\/p>\n","protected":false},"excerpt":{"rendered":"17\/11\/2025 Actualizado a las 23:09h. \u00bfPor qu\u00e9 el de Lamine Yamal s\u00ed y el de Antony no? Eso&hellip;\n","protected":false},"author":2,"featured_media":242209,"comment_status":"","ping_status":"","sticky":false,"template":"","format":"standard","meta":{"footnotes":""},"categories":[268],"tags":[23655,291,168,25,24,280,282,19211,11680,40114,62220,281,23,167,14780],"class_list":{"0":"post-242208","1":"post","2":"type-post","3":"status-publish","4":"format-standard","5":"has-post-thumbnail","7":"category-futbol","8":"tag-antony","9":"tag-betis","10":"tag-deportes","11":"tag-es","12":"tag-espana","13":"tag-football","14":"tag-futbol","15":"tag-golazo","16":"tag-lamine","17":"tag-nominacion","18":"tag-puskas","19":"tag-soccer","20":"tag-spain","21":"tag-sports","22":"tag-yamal"},"share_on_mastodon":{"url":"https:\/\/pubeurope.com\/@es\/115569167441630285","error":""},"_links":{"self":[{"href":"https:\/\/www.europesays.com\/es\/wp-json\/wp\/v2\/posts\/242208","targetHints":{"allow":["GET"]}}],"collection":[{"href":"https:\/\/www.europesays.com\/es\/wp-json\/wp\/v2\/posts"}],"about":[{"href":"https:\/\/www.europesays.com\/es\/wp-json\/wp\/v2\/types\/post"}],"author":[{"embeddable":true,"href":"https:\/\/www.europesays.com\/es\/wp-json\/wp\/v2\/users\/2"}],"replies":[{"embeddable":true,"href":"https:\/\/www.europesays.com\/es\/wp-json\/wp\/v2\/comments?post=242208"}],"version-history":[{"count":0,"href":"https:\/\/www.europesays.com\/es\/wp-json\/wp\/v2\/posts\/242208\/revisions"}],"wp:featuredmedia":[{"embeddable":true,"href":"https:\/\/www.europesays.com\/es\/wp-json\/wp\/v2\/media\/242209"}],"wp:attachment":[{"href":"https:\/\/www.europesays.com\/es\/wp-json\/wp\/v2\/media?parent=242208"}],"wp:term":[{"taxonomy":"category","embeddable":true,"href":"https:\/\/www.europesays.com\/es\/wp-json\/wp\/v2\/categories?post=242208"},{"taxonomy":"post_tag","embeddable":true,"href":"https:\/\/www.europesays.com\/es\/wp-json\/wp\/v2\/tags?post=242208"}],"curies":[{"name":"wp","href":"https:\/\/api.w.org\/{rel}","templated":true}]}}