{"id":242214,"date":"2025-11-18T06:01:52","date_gmt":"2025-11-18T06:01:52","guid":{"rendered":"https:\/\/www.europesays.com\/es\/242214\/"},"modified":"2025-11-18T06:01:52","modified_gmt":"2025-11-18T06:01:52","slug":"madrid-directo-noche-14-11-2025","status":"publish","type":"post","link":"https:\/\/www.europesays.com\/es\/242214\/","title":{"rendered":"Madrid Directo Noche 14.11.2025"},"content":{"rendered":"<p class=\"mce\">Llega el Festival internacional y cultural de <strong class=\"mce\">twerk<\/strong>, en el que se re\u00fanen bailarines de m\u00e1s de 15 pa\u00edses para intercambiar danza y nosotros nos movemos hasta <a data-content-id=\"\" href=\"https:\/\/www.telemadrid.es\/tag\/Getafe\/\" text=\"Getafe\" title=\"\" target=\"_blank\" rel=\"noopener nofollow\" class=\"mceNonEditable mce\">Getafe<\/a> para ver un poco de ambiente.<\/p>\n<p>                <a href=\"https:\/\/www.telemadrid.es\/programas\/madrid-directo\/Bailarines-de-mas-de-15-paises-se-reunen-en-Getafe-con-el-objetivo-de-bailar-twerk-2-2834436611--20251114103002.html\" class=\"lnk\" target=\"_blank\" rel=\"nofollow noopener\">Bailarines de m\u00e1s de 15 pa\u00edses se re\u00fanen en Getafe con el objetivo de bailar \u2018twerk\u2019<\/a><\/p>\n<p class=\"mce\">Desde este mes de noviembre, la <a data-content-id=\"\" href=\"https:\/\/www.telemadrid.es\/tag\/Guardia-Civil\/\" text=\"Guardia Civil\" title=\"\" target=\"_blank\" rel=\"noopener nofollow\" class=\"mceNonEditable mce\">Guardia Civil<\/a> ha ampliado su dispositivo destinado a la prevenci\u00f3n de robos con fuerza en viviendas en toda la <strong class=\"mce\">Comunidad de Madrid<\/strong>.<\/p>\n<p>                <a href=\"https:\/\/www.telemadrid.es\/programas\/madrid-directo\/Patrulla-nocturna-con-la-Guardia-Civil-para-evitar-los-robos-en-viviendas-2-2834436610--20251114102238.html\" class=\"lnk\" target=\"_blank\" rel=\"nofollow noopener\">Patrulla nocturna con la Guardia Civil para evitar los robos en viviendas<\/a><\/p>\n<p class=\"mce\">Todo esto y mucho m\u00e1s en Madrid Directo<\/p>\n","protected":false},"excerpt":{"rendered":"Llega el Festival internacional y cultural de twerk, en el que se re\u00fanen bailarines de m\u00e1s de 15&hellip;\n","protected":false},"author":2,"featured_media":242215,"comment_status":"","ping_status":"","sticky":false,"template":"","format":"standard","meta":{"footnotes":""},"categories":[171],"tags":[517,209,168,95,2666,146,147,25,24,2661,2660,2665,2659,2667,2663,2662,2664,492,23,214,21],"class_list":{"0":"post-242214","1":"post","2":"type-post","3":"status-publish","4":"format-standard","5":"has-post-thumbnail","7":"category-tv","8":"tag-actualidad","9":"tag-cultura","10":"tag-deportes","11":"tag-economia","12":"tag-emision-en-directo","13":"tag-entertainment","14":"tag-entretenimiento","15":"tag-es","16":"tag-espana","17":"tag-internacionales","18":"tag-nacionales","19":"tag-noticias-de-hoy","20":"tag-noticias-de-madrid","21":"tag-podcast","22":"tag-programas-de-telemadrid","23":"tag-programas-de-television","24":"tag-programas-onda-madrid","25":"tag-sociedad","26":"tag-spain","27":"tag-tv","28":"tag-ultimas-noticias"},"share_on_mastodon":{"url":"https:\/\/pubeurope.com\/@es\/115569186742765335","error":""},"_links":{"self":[{"href":"https:\/\/www.europesays.com\/es\/wp-json\/wp\/v2\/posts\/242214","targetHints":{"allow":["GET"]}}],"collection":[{"href":"https:\/\/www.europesays.com\/es\/wp-json\/wp\/v2\/posts"}],"about":[{"href":"https:\/\/www.europesays.com\/es\/wp-json\/wp\/v2\/types\/post"}],"author":[{"embeddable":true,"href":"https:\/\/www.europesays.com\/es\/wp-json\/wp\/v2\/users\/2"}],"replies":[{"embeddable":true,"href":"https:\/\/www.europesays.com\/es\/wp-json\/wp\/v2\/comments?post=242214"}],"version-history":[{"count":0,"href":"https:\/\/www.europesays.com\/es\/wp-json\/wp\/v2\/posts\/242214\/revisions"}],"wp:featuredmedia":[{"embeddable":true,"href":"https:\/\/www.europesays.com\/es\/wp-json\/wp\/v2\/media\/242215"}],"wp:attachment":[{"href":"https:\/\/www.europesays.com\/es\/wp-json\/wp\/v2\/media?parent=242214"}],"wp:term":[{"taxonomy":"category","embeddable":true,"href":"https:\/\/www.europesays.com\/es\/wp-json\/wp\/v2\/categories?post=242214"},{"taxonomy":"post_tag","embeddable":true,"href":"https:\/\/www.europesays.com\/es\/wp-json\/wp\/v2\/tags?post=242214"}],"curies":[{"name":"wp","href":"https:\/\/api.w.org\/{rel}","templated":true}]}}