{"id":242224,"date":"2025-11-18T06:09:09","date_gmt":"2025-11-18T06:09:09","guid":{"rendered":"https:\/\/www.europesays.com\/es\/242224\/"},"modified":"2025-11-18T06:09:09","modified_gmt":"2025-11-18T06:09:09","slug":"netanyahu-pidio-que-se-aplique-todo-el-peso-de-la-ley-tras-los-ataque-de-colonos-israelies-en-belen","status":"publish","type":"post","link":"https:\/\/www.europesays.com\/es\/242224\/","title":{"rendered":"Netanyahu pidi\u00f3 que se \u201caplique todo el peso de la ley\u201d tras los ataque de colonos israel\u00edes en Bel\u00e9n"},"content":{"rendered":"<p><img alt=\"FOTO DE ARCHIVO: El primer\" class=\"global-image\" decoding=\"async\" fetchpriority=\"high\" height=\"4000\" loading=\"eager\" src=\"https:\/\/www.europesays.com\/es\/wp-content\/uploads\/2025\/11\/RWKCUSGJNJGSNEXJ3AFBNA6JK4.JPG\" width=\"6000\"\/>FOTO DE ARCHIVO: El primer ministro israel\u00ed, Benjamin Netanyahu, participa en la ceremonia estatal en memoria de los ca\u00eddos en la Guerra de las Espadas de Hierro en el Monte Herzl, en Jerusal\u00e9n (16 de octubre de 2025 Alex Kolomoisky\/POOL\/Pool via REUTERS\/Archivo)<\/p>\n<p class=\"paragraph\">El primer ministro israel\u00ed, <b>Benjam\u00edn Netanyahu, urgi\u00f3 este lunes a llevar ante la justicia a los <\/b><a href=\"https:\/\/www.infobae.com\/tag\/israel\/\" target=\"_blank\" rel=\"noreferrer nofollow noopener\" title=\"https:\/\/www.infobae.com\/tag\/israel\/\"><b>colonos israel\u00edes<\/b><\/a> \u2014a quienes se refiri\u00f3 como \u201calborotadores\u201d\u2014, tras la quema esta noche de viviendas y coches palestinos en una aldea de Bel\u00e9n.<\/p>\n<p class=\"paragraph\">\u201cConsidero con suma gravedad los violentos disturbios y el intento de un peque\u00f1o grupo extremista, que no representa a los habitantes de Judea y Samaria, de tomarse la justicia por su mano. <b>Exhorto a las fuerzas del orden a que apliquen todo el peso de la ley contra los alborotadores<\/b>\u201d, dijo Netanyahu en un comunicado.<\/p>\n<p class=\"paragraph\">\u201cMe ocupar\u00e9 personalmente de este asunto y convocar\u00e9 a los ministros pertinentes lo antes posible para abordar esta grave situaci\u00f3n\u201d, a\u00f1adi\u00f3 sin dar m\u00e1s detalles.<\/p>\n<p class=\"paragraph\">Decenas de colonos israel\u00edes que residen en Cisjordania ocupada <b>atacaron hoy la aldea de Jabaa, al suroeste de Bel\u00e9n<\/b>, donde quemaron tres casas y tres veh\u00edculos, adem\u00e1s de una caravana, seg\u00fan inform\u00f3 a la agencia Wafa el jefe del consejo de esta aldea, Dhiab Mashaleh. <\/p>\n<p class=\"paragraph\">En un comunicado, el Ej\u00e9rcito israel\u00ed dijo que<b> polic\u00edas y soldados hab\u00edan sido desplegados en Jabaa<\/b>, pero no detallaron si hab\u00edan arrestado a alguno de los agresores. <\/p>\n<p class=\"paragraph\">Por su parte, el ministro de Defensa, <b>Israel Katz<\/b>, calific\u00f3 a los colonos de \u201canarquistas violentos y criminales\u201d y dijo que no se permitir\u00e1 ning\u00fan acto de violencia que \u201cdifame a la poblaci\u00f3n de los asentamientos\u201d (colonos) o da\u00f1e a los soldados.<\/p>\n<p><img alt=\"Palestinos y periodistas en el\" class=\"global-image\" decoding=\"async\" fetchpriority=\"low\" height=\"3157\" loading=\"lazy\" src=\"https:\/\/www.europesays.com\/es\/wp-content\/uploads\/2025\/11\/YQILCIZISNDQ5PDWHRXCWKVGYM.jpg\" width=\"4735\"\/>Palestinos y periodistas en el lugar de un ataque de colonos israel\u00edes en Beit Lid, Cisjordania, el 12 de noviembre del 2025 (AP foto\/Majdi Mohammed)<\/p>\n<p class=\"paragraph\"><b>La inacci\u00f3n tanto policial como judicial es habitual cuando se trata de violencia de colonos<\/b>, muchas veces organizada y que cuenta con la vista gorda de las autoridades israel\u00edes en todos los niveles. Los colonos reciben adem\u00e1s subvenciones estatales y servicios de agua y alumbrado. <\/p>\n<p class=\"paragraph\">Seg\u00fan datos de la organizaci\u00f3n israel\u00ed de derechos humanos <b>Yesh Din<\/b>, cerca del 94% de las investigaciones abiertas por la Polic\u00eda israel\u00ed en torno a la violencia de colonos entre 2005 y 2024 concluyeron sin una acusaci\u00f3n. <\/p>\n<p class=\"paragraph\">Desde 2005,<b> solo el 3% de los expedientes abiertos resultaron en condenas totales o parciales<\/b>.<\/p>\n<p class=\"paragraph\">Adem\u00e1s, las operaciones del Ej\u00e9rcito de Israel y los ataques de colonos israel\u00edes en Cisjordania y en Jerusal\u00e9n Este han dejado <b>m\u00e1s de un millar de palestinos muertos<\/b> desde que este tipo de acciones se hayan incrementado desde el 7 de octubre de 2023, si bien ya en los primeros nueve meses de ese a\u00f1o se hab\u00edan registrado cifras r\u00e9cord de fallecidos en estos territorios.<\/p>\n<p class=\"paragraph\">Solo durante el pasado octubre, coincidiendo con la<b> cosecha de aceituna en Cisjordania<\/b>, la Oficina de las Naciones Unidas para la Coordinaci\u00f3n de Asuntos Humanitarios (OCHA) ha registrado <b>al menos 264 ataques contra palestinos<\/b>, el peor mes desde que se comenzaran a registrar estos incidentes en 2006. <\/p>\n<p class=\"paragraph\">El domingo, dos palestinos murieron en sendas acciones de las Fuerzas Armadas israel\u00edes en Cisjordania, una cerca de Nabl\u00fas y otra cerca de la ciudad de Tubas.<\/p>\n<p class=\"paragraph\">El Ministerio de Sanidad de la Autoridad Palestina confirm\u00f3 el fallecimiento de<b> Hasan Ahmed Jamil Musa<\/b>, de 19 a\u00f1os, por disparos del Ej\u00e9rcito israel\u00ed en el antiguo campamento de refugiados de Askar, al este de Nablus.<\/p>\n<p class=\"paragraph\">(Con informaci\u00f3n de EFE)<\/p>\n","protected":false},"excerpt":{"rendered":"FOTO DE ARCHIVO: El primer ministro israel\u00ed, Benjamin Netanyahu, participa en la ceremonia estatal en memoria de los&hellip;\n","protected":false},"author":2,"featured_media":242225,"comment_status":"","ping_status":"","sticky":false,"template":"","format":"standard","meta":{"footnotes":""},"categories":[42],"tags":[17,18,13,14,5638,11,61,62,63,64,19,20,9,10,15,16,12,21,22,65,66,67],"class_list":{"0":"post-242224","1":"post","2":"type-post","3":"status-publish","4":"format-standard","5":"has-post-thumbnail","7":"category-internacional","8":"tag-breaking-news","9":"tag-breakingnews","10":"tag-featured-news","11":"tag-featurednews","12":"tag-government-politics","13":"tag-headlines","14":"tag-internacional","15":"tag-international","16":"tag-international-news","17":"tag-internationalnews","18":"tag-latest-news","19":"tag-latestnews","20":"tag-news","21":"tag-noticias","22":"tag-noticias-destacadas","23":"tag-noticiasdestacadas","24":"tag-titulares","25":"tag-ultimas-noticias","26":"tag-ultimasnoticias","27":"tag-world","28":"tag-world-news","29":"tag-worldnews"},"share_on_mastodon":{"url":"https:\/\/pubeurope.com\/@es\/115569214412401209","error":""},"_links":{"self":[{"href":"https:\/\/www.europesays.com\/es\/wp-json\/wp\/v2\/posts\/242224","targetHints":{"allow":["GET"]}}],"collection":[{"href":"https:\/\/www.europesays.com\/es\/wp-json\/wp\/v2\/posts"}],"about":[{"href":"https:\/\/www.europesays.com\/es\/wp-json\/wp\/v2\/types\/post"}],"author":[{"embeddable":true,"href":"https:\/\/www.europesays.com\/es\/wp-json\/wp\/v2\/users\/2"}],"replies":[{"embeddable":true,"href":"https:\/\/www.europesays.com\/es\/wp-json\/wp\/v2\/comments?post=242224"}],"version-history":[{"count":0,"href":"https:\/\/www.europesays.com\/es\/wp-json\/wp\/v2\/posts\/242224\/revisions"}],"wp:featuredmedia":[{"embeddable":true,"href":"https:\/\/www.europesays.com\/es\/wp-json\/wp\/v2\/media\/242225"}],"wp:attachment":[{"href":"https:\/\/www.europesays.com\/es\/wp-json\/wp\/v2\/media?parent=242224"}],"wp:term":[{"taxonomy":"category","embeddable":true,"href":"https:\/\/www.europesays.com\/es\/wp-json\/wp\/v2\/categories?post=242224"},{"taxonomy":"post_tag","embeddable":true,"href":"https:\/\/www.europesays.com\/es\/wp-json\/wp\/v2\/tags?post=242224"}],"curies":[{"name":"wp","href":"https:\/\/api.w.org\/{rel}","templated":true}]}}