{"id":242233,"date":"2025-11-18T06:18:12","date_gmt":"2025-11-18T06:18:12","guid":{"rendered":"https:\/\/www.europesays.com\/es\/242233\/"},"modified":"2025-11-18T06:18:12","modified_gmt":"2025-11-18T06:18:12","slug":"el-viaje-de-superacion-de-la-cicloturista-maria-segui","status":"publish","type":"post","link":"https:\/\/www.europesays.com\/es\/242233\/","title":{"rendered":"el viaje de superaci\u00f3n de la cicloturista Maria Segu\u00ed"},"content":{"rendered":"<p>Hace justo un mes era reconocida como la<strong> cicloturista f\u00e9mina m\u00e1s destacada de la 24\u00aa <a href=\"https:\/\/www.menorca.info\/etiqueta\/Volta+Cicloturista+Internacional+a+Menorca.html?utm_source=Inline-tag&amp;utm_medium=internal\" rel=\"nofollow noopener\" target=\"_blank\">Volta Cicloturista Internacional a Menorca<\/a>,<\/strong> pero el camino de <strong>Maria Segu\u00ed M\u00e9ndez<\/strong> (Barcelona, 1979) hasta lograr esa consideraci\u00f3n y una redenci\u00f3n personal ha sido <strong>largo y complicado de experimentar tanto a nivel f\u00edsico como mental<\/strong>.<\/p>\n<p>La pasi\u00f3n por la bicicleta de esta <strong>catalana de padre menorqu\u00edn<\/strong> se vio gravemente truncada en el a\u00f1o 2013, cuando sufri\u00f3 un <strong>importante <a href=\"https:\/\/www.menorca.info\/etiqueta\/accidente.html?utm_source=Inline-tag&amp;utm_medium=internal\" rel=\"nofollow noopener\" target=\"_blank\">accidente<\/a> sobre las dos ruedas<\/strong> durante una m\u00e1s de sus habituales<strong> salidas por Sant Climent<\/strong>. \u00abEstaba entrenando para la Ruta dels Fars y despu\u00e9s de una bajada,<strong> hice el afilador<\/strong> (golpeo de la rueda delantera contra la rueda trasera de la bicicleta de delante)<strong> y sal\u00ed volando<\/strong>\u00bb, recuerda. Lo peor de este suceso es que llevaba unos pedales Speedplay, los cuales<strong> anclan los pies por completo a ellos<\/strong>. La mala suerte fue tal que no pudo sacar los pies a tiempo e hizo palanca con la bicicleta, <strong>fractur\u00e1ndose por estallido tanto la cadera como el hombro izquierdo<\/strong>. \u00abSe rompieron en trocitos. Jam\u00e1s hab\u00eda sentido tanto da\u00f1o en mi vida, pensaba que me mor\u00eda\u00bb, explica.<\/p>\n<p><img loading=\"lazy\" decoding=\"async\" src=\"https:\/\/www.europesays.com\/es\/wp-content\/uploads\/2025\/11\/3562353.jpg\" border=\"0\" alt=\"\" width=\"743\" height=\"881\"\/><\/p>\n<p>Arraigando la bicicleta en la Isla<\/p>\n<p>\u00abSiempre he hecho deporte. Desde que tengo uso de raz\u00f3n<strong>. Comenc\u00e9 haciendo bicicleta de monta\u00f1a<\/strong> y despu\u00e9s me encontr\u00e9 con el <strong>triatl\u00f3n<\/strong>. Ah\u00ed fue cuando empec\u00e9 con la<strong> bici de carretera<\/strong>\u00bb, rememora Segu\u00ed sobre sus inicios en un mundillo que combinaba, \u00abcon mayor o menor intensidad\u00bb, con la<strong> nataci\u00f3n y correr<\/strong>.<\/p>\n<p>\u00abLa<strong> sensaci\u00f3n de libertad<\/strong>, sobre todo de la bici de monta\u00f1a, es brutal, porque act\u00faas en la naturaleza y se produce <strong>una conexi\u00f3n con tu entorno que es incre\u00edble<\/strong>\u00bb, describe sobre lo que sent\u00eda antes de la lesi\u00f3n y lo que vuelve a experimentar ahora.<\/p>\n<p>La residente en Ma\u00f3 ya era una habitual en la Isla antes de establecerse aqu\u00ed, puesto que<strong> sus abuelos viv\u00edan en Menorca<\/strong>. En sus estancias insulares le daba \u00abrabia\u00bb no traerse consigo la bicicleta y seguir pedaleando como hac\u00eda con sus amigos por Cataluya y los Pirineos cuando viv\u00eda en Barcelona. \u00abUn d\u00eda conoc\u00eda a los <strong>due\u00f1os del Casino de Sant Climent<\/strong> y les pregunt\u00e9 si no sab\u00edan de gente que hiciese bici por aqu\u00ed, y me dieron el contacto de la que despu\u00e9s ser\u00eda su pareja. Comenzamos a salir y<strong> ven\u00eda los findes a Menorca<\/strong>\u00bb, comenta, ya con la bicicleta como plan innegociable del fin de semana.<\/p>\n<p>Rehabilitaci\u00f3n<\/p>\n<p>Fue en ese momento cuando se produjo el<strong> grave accidente que la dej\u00f3 doce d\u00edas ingresada en el hospita<\/strong>l, donde le tuvieron que implementar unos hierros que sigue llevando a d\u00eda de hoy. \u00ab<strong>Sal\u00ed de all\u00ed en silla de ruedas<\/strong> porque, como <strong>perd\u00ed toda la movilidad de mi lado izquierdo<\/strong> del cuerpo, no pod\u00eda llevar muletas. La llev\u00e9 durante un mes\u00bb, se\u00f1ala.<\/p>\n<p>Despu\u00e9s de estar un a\u00f1o totalmente parada, su m\u00e9dico de cabecera, Joseba, y el fisioterapeuta V\u00edctor Rodr\u00edguez, actual presidente de la Asociaci\u00f3n Cicloturista de Menorca, <strong>animaron a Maria a seguir mirando hacia delant<\/strong>e para superar la lesi\u00f3n y <strong>volver a hacer deporte<\/strong>. \u00abTuve que volver a aprender a caminar. Hac\u00eda much\u00edsimas sesiones en la piscina del gimnasio porque era el \u00fanico sitio donde pod\u00eda andar\u00bb, indica.<\/p>\n<p>Con la fobia a la bicicleta de carretera todav\u00eda presente, Arturo Sintes, presidente de la Fundaci\u00f3 de Ciclisme de Ma\u00f3 &#8211; Menorca que lleva su nombre, comenz\u00f3 a organizar <strong>salidas en bicicleta de monta\u00f1a con la propia Maria<\/strong> en el a\u00f1o 2017. \u00abUn d\u00eda volv\u00ed a caer y me puse a temblar. Pero Arturo Sintes, al que ya conoc\u00eda a trav\u00e9s de mi padre desde hace mucho tiempo, empez\u00f3 a <strong>salir en bici de monta\u00f1a conmigo cuando \u00e9l nunca lo hab\u00eda hecho<\/strong>. \u00a1Ni siquiera ten\u00eda una bicicleta de monta\u00f1a! Pero me acompa\u00f1aba y le empez\u00f3 a gustar\u00bb, relata Maria sobre aquellas escapadas que le sirvieron par<strong>a recobrar la confianza mientras segu\u00eda reforzando su maltrecha musculatura<\/strong>.<\/p>\n<p>Momento de la verdad<\/p>\n<p>En 2020, despu\u00e9s de que Arturo Sintes le insistiera mucho en volver a coger una bicicleta de carretera, <strong>Maria por fin se atrevi\u00f3 a comprar una<\/strong>, pero el intento fue en vano. \u00abLa acab\u00e9 vendiendo enseguida porque <strong>no acababa de sentirme c\u00f3moda<\/strong>. Por la bici en s\u00ed, m\u00e1s que nada. Pero<strong> r\u00e1pidamente me compr\u00e9 otra<\/strong>, que es la que a\u00fan tengo a d\u00eda de hoy y&#8230; es una pasada\u00bb, afirma.<\/p>\n<p>As\u00ed fue que Maria <strong>volvi\u00f3 a montar en bicicleta de carretera hace solo cinco a\u00f1os<\/strong> \u2014con la interrupci\u00f3n de la pandemia de por medio\u2014 y ya no hubo vuelta atr\u00e1s. Ahora ya tiene su<strong> propio grupo de amigas ciclistas<\/strong>, con las que suele viajar y la motivan a seguir pedaleando. Tan es as\u00ed que <strong>este a\u00f1o ya ha completado diez carreras<\/strong>: Bilbao, Tour de Flandes, Mallorca 312, Transbizkaia, Vielha, Cycling Tour, la Artiem Half, la Volta Cicloturista\u2026 y el hambre contin\u00faa intacta de cara al 2026. \u00abMe siento <strong>mucho mejor que antes de la lesi\u00f3n<\/strong>, estoy mucho m\u00e1s fuerte. <strong>Este a\u00f1o acabar\u00e9 con 14.000 kil\u00f3metros de bici en las piernas y 125.000 metros de desnivel acumulado<\/strong>, adem\u00e1s de los tantos kil\u00f3metros nadados y corridos. En 2026 tengo un gran reto:<strong> la Luchon \u2013 Bayona<\/strong>, que son 319km, pero con un desnivel acumulado de 6.000 metros\u00bb, sentencia. Los l\u00edmites no existen para Maria.<\/p>\n","protected":false},"excerpt":{"rendered":"Hace justo un mes era reconocida como la cicloturista f\u00e9mina m\u00e1s destacada de la 24\u00aa Volta Cicloturista Internacional&hellip;\n","protected":false},"author":2,"featured_media":242234,"comment_status":"","ping_status":"","sticky":false,"template":"","format":"standard","meta":{"footnotes":""},"categories":[273],"tags":[4205,313,312,168,25,24,8377,62281,23,167,52476],"class_list":{"0":"post-242233","1":"post","2":"type-post","3":"status-publish","4":"format-standard","5":"has-post-thumbnail","7":"category-ciclismo","8":"tag-accidente","9":"tag-ciclismo","10":"tag-cycling","11":"tag-deportes","12":"tag-es","13":"tag-espana","14":"tag-fracturas","15":"tag-maria-segui","16":"tag-spain","17":"tag-sports","18":"tag-volta-cicloturista-internacional-a-menorca"},"share_on_mastodon":{"url":"https:\/\/pubeurope.com\/@es\/115569250085210050","error":""},"_links":{"self":[{"href":"https:\/\/www.europesays.com\/es\/wp-json\/wp\/v2\/posts\/242233","targetHints":{"allow":["GET"]}}],"collection":[{"href":"https:\/\/www.europesays.com\/es\/wp-json\/wp\/v2\/posts"}],"about":[{"href":"https:\/\/www.europesays.com\/es\/wp-json\/wp\/v2\/types\/post"}],"author":[{"embeddable":true,"href":"https:\/\/www.europesays.com\/es\/wp-json\/wp\/v2\/users\/2"}],"replies":[{"embeddable":true,"href":"https:\/\/www.europesays.com\/es\/wp-json\/wp\/v2\/comments?post=242233"}],"version-history":[{"count":0,"href":"https:\/\/www.europesays.com\/es\/wp-json\/wp\/v2\/posts\/242233\/revisions"}],"wp:featuredmedia":[{"embeddable":true,"href":"https:\/\/www.europesays.com\/es\/wp-json\/wp\/v2\/media\/242234"}],"wp:attachment":[{"href":"https:\/\/www.europesays.com\/es\/wp-json\/wp\/v2\/media?parent=242233"}],"wp:term":[{"taxonomy":"category","embeddable":true,"href":"https:\/\/www.europesays.com\/es\/wp-json\/wp\/v2\/categories?post=242233"},{"taxonomy":"post_tag","embeddable":true,"href":"https:\/\/www.europesays.com\/es\/wp-json\/wp\/v2\/tags?post=242233"}],"curies":[{"name":"wp","href":"https:\/\/api.w.org\/{rel}","templated":true}]}}