{"id":242244,"date":"2025-11-18T06:26:13","date_gmt":"2025-11-18T06:26:13","guid":{"rendered":"https:\/\/www.europesays.com\/es\/242244\/"},"modified":"2025-11-18T06:26:13","modified_gmt":"2025-11-18T06:26:13","slug":"entrevista-a-ana-curra-luna-nueva","status":"publish","type":"post","link":"https:\/\/www.europesays.com\/es\/242244\/","title":{"rendered":"Entrevista a Ana Curra &#8211; Luna nueva"},"content":{"rendered":"<p>        <strong><a href=\"https:\/\/www.rockzonemag.com\/tag\/ana-curra\/\" rel=\"nofollow noopener\" target=\"_blank\">Ana Curra<\/a> acaba de lanzar el single reivindicativo \u2018Activista De La Idiotez\u2019 y tambi\u00e9n una versi\u00f3n de \u2018Unidos\u2019 de Par\u00e1lisis Permanente a d\u00fao con \u00c1lvaro Garc\u00eda de Biznaga. La Diosa Wicka de la m\u00fasica estatal est\u00e1 en pleno aquelarre. Y que no pare. S\u00f3lo queda bailar la vieja ceremonia con una nueva m\u00e1scara.<\/strong><\/p>\n<p style=\"font-weight: 400;\">Hasta que Ana Curra no sac\u00f3 su disco con Digital 21, era un arcano, inc\u00f3gnita de unos ochenta\u00a0 marcados por el cuero, la lascivia y el post punk. Par\u00e1lisis Permanente resultaron grupo clave en mis a\u00f1os universitarios, tan ef\u00edmeros, l\u00fadicos, salvajes como importantes a nivel de forjar un car\u00e1cter. Ya sab\u00e9is, la m\u00fasica que se escucha mientras a\u00fan mantienes cierto grado de inocencia se te tat\u00faa cual marca de Ca\u00edn, al estilo Herman Hesse. Fueron muchas las noches que mientras ca\u00eda hechizado por la madriguera del conejo de los efectos de espirituosos y otros placeres prohibidos, pon\u00eda mi a\u00fan elegante corporalidad a bailar himnos de Par\u00e1lisis Permanente. \u2018Tengo Un Pasajero\u2019 o \u2018Un D\u00eda En Texas\u2019 combinaban perfectamente con \u2018Sin\u2019 de Nine Inch Nails, \u2018Burn\u2019 de The Cure o \u2018What a Light\u2019 de Secret Discovery. Hab\u00eda un revival g\u00f3tico gracias a los \u00faltimos a\u00f1os de Marylin Manson cual ente creativo importante y la explosi\u00f3n de HIM.<\/p>\n<p><a href=\"https:\/\/www.primaverasound.com\/es\/tours\/turnstile-barcelona-sant-jordi-club-madrid-palacio-vistalegre-noviembre-2025?utm_source=rockzone&amp;utm_medium=banner&amp;utm_campaign=turnstile_nov25K\" target=\"_blank\" rel=\"nofollow noopener\"><img decoding=\"async\" src=\"https:\/\/www.europesays.com\/es\/wp-content\/uploads\/2025\/11\/TURNSTILE_Banner_1.gif\"\/><\/a><\/p>\n<p>Unos diez a\u00f1os despu\u00e9s de esa etapa pude ver a Ana Curra en directo. No vi ni reconoc\u00ed en el p\u00fablico a ninguno de los antiguos adalides del g\u00f3tico con camisetas de Par\u00e1lisis con los que me cruzaba en el Dark Hole, Phobia o 666 a principios de milenio, todo discotecas o garitos siniestros. Era el m\u00e1s joven. Afortunadamente pude ver el concierto con no s\u00f3lo un amigo, sino una estrella subterr\u00e1nea como Santi Rex.<\/p>\n<p style=\"font-weight: 400;\">Llevaba intentando entrevistar a Ana Curra desde que la conoc\u00ed brevemente en persona tras ese concierto del 2012 en el que toc\u00f3 El Acto en su totalidad por primera vez. Perspicaz e inquieta, de vez en cuando me echaba la mano en alg\u00fan art\u00edculo, pero no lograba terminar de cerrar fecha para una extensa charla. No creo ni en la astrolog\u00eda ni en el determinismo, pero parece una conjugaci\u00f3n de ambos t\u00e9rminos que por fin pueda hablar con ella. Ha sacado un single reivindicativo y punk, a su estilo, llamado \u2018Activista De La Idiotez\u2019 con el artista franc\u00e9s Xabier Forfait y su bater\u00eda Iv\u00e1n Santana. Warner ha reeditado su debut en solitario, Volviendo A Las Andadas. Aparte, en un par de meses, el trece de enero m\u00e1s exactamente publicar\u00e1 el \u00e1lbum La \u00daltima Cena de Par\u00e1lisis Permanente, que se torna homenaje definitivo a la banda. Ya ha salido de singles \u2018Unidos\u2019 con \u00c1lvaro Garc\u00eda de Biznaga y \u2018Nacidos Para Dominar\u2019 con Ares Negrete de Nuevos Desconocidos. Lo presentar\u00e1 en la Joy Eslava el 23 de enero.<\/p>\n<p style=\"font-weight: 400;\"><strong>Este pasado fin de semana ha sido el viernes Halloween y el domingo el d\u00eda de los difuntos. Por desgracia cada persona va acumulando p\u00e9rdidas. \u00bfC\u00f3mo vives con esas p\u00e9rdidas?<br \/><\/strong>\u201cMal. No se pueden llevar bien, es imposible. A m\u00ed me en concreto no me gusta olvidarme de las p\u00e9rdidas, me gusta llevarlas conmigo para no sentir la ausencia, sino su presencia. Todos los conciertos lo primero que hago, abro el concierto y se lo dedico a mis muertos. Son los que me dan alas y me dan fuerza. Es mi manera de estar en la vida, teniendo presente la muerte, pero eso no quiere decir que se lleve bien\u201d.<\/p>\n<p style=\"font-weight: 400;\"><strong>Te vi la primera vez que tocaste El Acto entero en el nueve de marzo de 2012 en T<\/strong><strong>eatro Kapital. Al tocar con los dem\u00e1s m\u00fasicos, sientes una especie de trascendencia, de fluir m\u00e1s all\u00e1 con la m\u00fasica.<br \/><\/strong>\u201cS\u00ed. Yo lo vivo as\u00ed. Para m\u00ed es un acto inici\u00e1tico cada concierto. Es cat\u00e1rtico, es un viaje donde consigo sublimar la vida. A trav\u00e9s de la m\u00fasica y el directo se dan una serie de componentes y frecuencias y mi liberaci\u00f3n a nivel persona. En el escenario consigo ese punto de coloc\u00f3n como si me hubiera comido una droga de alta potencia. Ahora no me puedo drogar, las drogas me han abandonado (risas).\u00a0 Lo que me horroriza es no sentir eso. \u00a0Subirme a un escenario para hacer un tr\u00e1mite o ser una simple obrera de la m\u00fasica y hacer alg\u00fan automatismo, si me pasa eso ese d\u00eda me retiro. No me interesa nada. Con la m\u00fasica he encontrado ese v\u00ednculo. Para m\u00ed la herramienta de la m\u00fasica ha significado algo que est\u00e1 por encima, que te lleva a otros territorios que te dan conocimiento y esos estados que has comentado\u201d.<\/p>\n<p style=\"font-weight: 400;\"><strong>Previo a estar en la escena de nuevo, estabas dando clases, algo que has compaginado hasta hace poco que te has jubilado de profesora. En esos a\u00f1os, \u00bfcontinuabas con tu faceta de compositora?<br \/><\/strong>\u201cNo. En aquella \u00e9poca estuve muy centrada en las clases, en conectar con los alumnos y hacer esa labor de docencia, que es apasionante. No estuve componiendo, bueno, alguna cosa, pero estaba m\u00e1s volcada en la docencia. Te deja muy vac\u00eda, tienes que dar mucho. Las clases de piano son individuales y cada alumno es un ente distinto, tiene una edad distinta, una cabeza distinta y tienes que ponerte en situaci\u00f3n a cada hora. Te deja exhausta. En esos a\u00f1os que estuve de cara al p\u00fablico, me dediqu\u00e9 a eso y a m\u00ed\u201d.<\/p>\n<p><img fetchpriority=\"high\" decoding=\"async\" class=\"size-full wp-image-47720\" src=\"https:\/\/www.europesays.com\/es\/wp-content\/uploads\/2025\/11\/Ana-Curra-Ikki-e-Ivan-Santana-Foto-de-Eneko-Caos.jpg\" alt=\"\" width=\"750\" height=\"750\"  \/>Ana Curra, Ikki e Iv\u00e1n Santana \u2013 Foto de Eneko Caos<\/p>\n<p style=\"font-weight: 400;\">\u00abPara m\u00ed arte significa cambio. Los que no se posicionan es mercado, no es m\u00fasica que pueda avanzar las cosas\u00bb <strong>ANA CURRA<\/strong><\/p>\n<p>Se ha vuelto a reeditar Volviendo A Las Andadas, tu primer disco en solitario.\u00a0 Recuerdo ver de ni\u00f1o en un programa de televisi\u00f3n realizar tu versi\u00f3n \u2018Rien de rien\u2019 de Edith Piaff. Qu\u00e9 sentimientos te provoca ese primer disco en solitario, ese lanzarse al vac\u00edo con tu nombre nada m\u00e1s. Hay canciones como \u2018So\u00f1\u00e9 Que No Hay Sol\u2019 que se nota un tr\u00e1nsito entre lo anterior siniestro y lo que quer\u00edas sacar m\u00e1s optimista.<br \/>\u201cS\u00ed, totalmente. \u2018So\u00f1\u00e9 con el sol\u2019, \u2018Crimen Perfecto\u2019 y \u2018P\u00e1jaros De Mal Ag\u00fcero\u2019 son canciones bisagra, de tr\u00e1nsito de Seres Vac\u00edos a un intento por levantar mi \u00e1nimo, por pasar el duelo. Me cost\u00f3 muchos a\u00f1os el duelo (de Eduardo Benavente -ndr.), toda la etapa de Seres Vac\u00edos. Yo era muy joven y me rebel\u00e9. Es un disco que es un intento por salir adelante. Hay canciones que en lo arm\u00f3nico tiene m\u00e1s tonalidades felices y menos oscuras. En ese disco estoy a\u00fan en el tr\u00e1nsito\u201d.<strong>\u00a0<\/strong><\/p>\n<p style=\"font-weight: 400;\"><strong>La portada es colorista y transgresora. Incluso, por desgracia, por el fascismo imperante en este pa\u00eds habr\u00eda personas que la tachar\u00edan de obscena o les parecer\u00eda un anatema.<br \/><\/strong>\u201cEs una fantas\u00eda sexual del fot\u00f3grafo y de m\u00ed. En esa \u00e9poca el fot\u00f3grafo Alberto Garc\u00eda -Alix y yo est\u00e1bamos juntos. Tienes toda la raz\u00f3n. Ahora mismo lo podr\u00edan ver de una manera equivocada. Para bien o para mal, todo el mundo opina\u2026 lo que sucede es hay bastante idiota opinando (risas). Mucha gente se autocensura. Una represi\u00f3n. Esa portada fue avanzada pero igual que la letra de Quiero ser Santa. Cosas que estabas poniendo en cuesti\u00f3n que te hab\u00edan rayado por tu educaci\u00f3n franquista. Cuando muere Franco es cuando entro en la universidad. Anteriormente mi educaci\u00f3n era franquista. Escribes sobre lo que te preocupa, te inquita y vas descubriendo. El sexo est\u00e1 en los primeros a\u00f1os porque te tienes que quitar esos tab\u00faes y desprenderte de todas esas cosas. Yo lo manifestaba a trav\u00e9s de la m\u00fasica, las fotos\u201d\u2026<\/p>\n<p style=\"font-weight: 400;\"><strong>Antes del disco est\u00e1 la trilog\u00eda de Seres Vac\u00edos<\/strong><strong>. <\/strong><strong>\u2018Los Celos Se Apoderan De M\u00ed\u2019,<\/strong><strong> \u2018<\/strong><strong>Luna Nueva\u2019 y \u2018Recuerda\u2019. \u00bfTe cost\u00f3 componer esas canciones de duelo o fue cat\u00e1rtico?<br \/><\/strong>\u201cNo. Era lo que ten\u00eda que hacer. Esa etapa es buen\u00edsima desde mi punto de vista porque es s\u00faper sincera. Es lo que tocaba. Son canciones tristes, llenas de melancol\u00eda y nostalgia\u201d.<\/p>\n<p style=\"font-weight: 400;\"><strong>Recuerdo cuando sali\u00f3 Huaca,\u00a0 pens\u00e9 que aprovechar\u00edas haber vuelto a tocar m\u00fasica para sacar un disco, no digo comercial, pero s\u00ed m\u00e1s accesible. En cambio, publicaste un disco que har\u00eda las delicias de cualquier fan de Suicide, a los que precisamente versionabas. En tu caso se nota que nada te condiciona a crear lo que realmente tiene que salir.<br \/><\/strong>\u201cPara m\u00ed es un disco en estado de gracia. Bastante cr\u00edptico\u201d.<\/p>\n<p style=\"font-weight: 400;\"><strong>Es un disco dif\u00edcil, hasta que te gusta tienes que darle muchas escuchas.<br \/><\/strong>\u201cS\u00ed. Aqu\u00ed est\u00e1 la bruja. Estoy muy orgullosa de \u00e9l.\u00a0 Adem\u00e1s viene a caer justo la semana previa del encierro de\u00a0 la pandemia. Se va por el agujero negro. No lo conoce ni dios.\u00a0 Todo cuadra. Es cr\u00edptico porque no debe llegar a demasiada gente, debe convertirse en un disco de s\u00faper culto. Y efectivamente es un disco que hay que escuchar muchas veces y nunca te va a cansar. Es un disco de poder, su propio nombre lo dice\u201d.\u00a0<\/p>\n<p style=\"font-weight: 400;\"><strong>Acabas de sacar de single \u2018Activista De La Idiotez\u2019 con <\/strong><strong>Xabier Forfait<\/strong> <strong>e Iv\u00e1n Santana. Tambi\u00e9n lanzaste antes \u2018Hiel\u2019 o \u2018Aphrodita la Monarca\u2019.<br \/><\/strong>\u201c\u2019Hiel\u2019 para m\u00ed es una enorme canci\u00f3n. Est\u00e1 dedicada a todos los muertos de la pandemia en Madrid, en las residencias. Una ignominia. Se fue la \u00faltima gran generaci\u00f3n espa\u00f1ola que hab\u00edan pasado la guerra y murieron en residencias sin cuidados. Est\u00e1 dedicado todo el canto cham\u00e1nico que tiene de tambores. Es muy emotiva y de denuncia. Lo mismo que \u2018Aphrodita\u2019, solo que esta est\u00e1 en un estado m\u00e1s de humor. Habla del cambio clim\u00e1tico. Es una reafirmaci\u00f3n femme. El mundo femenino, que es la mariposa,\u00a0 que ha tenido que regresar porque fue expulsado de las selvas a otro planeta, y ha venido a rescatarnos a la especie humana en un burdel para mantenernos como especie porque se est\u00e1 yendo al garete. Yo la llamo Kafka punk porque es un poco surrealista pero esconde una reivindicaci\u00f3n del cambio clim\u00e1tico.\u00a0 Y la \u2018Activista\u2019 es impl\u00edcita absolutamente. Ver en estos \u00faltimos dos a\u00f1os lo que nos han hecho comernos con el exterminio con el pueblo palestino\u201d.<\/p>\n<p style=\"font-weight: 400;\"><strong>Ha sido un genocidio. Y esa \u201cpaz\u201d, una paz mantenida por el presidente de Estados Unidos y Tony Blair no me la creo, la verdad. No abogan por la paz, sino por el dinero.<br \/><\/strong>\u201cS\u00ed, es un parip\u00e9. Tambi\u00e9n habla de la Dana. La canci\u00f3n lo dice muy claro\u201d.<\/p>\n<p style=\"font-weight: 400;\"><strong>Algo interesante que has comentado es lo de los espa\u00f1oles. Hace unos a\u00f1os a un conocido que fue de la legi\u00f3n espa\u00f1ola y votaba a Podemos y sigue votando a la izquierda, en mi ignorancia le pregunt\u00e9 por lo que cre\u00eda que era un ox\u00edmoron. Me respondi\u00f3 que se puede sentirse espa\u00f1ol y ser de izquierdas. Y es cierto. Lorca, Cernuda\u2026 muchos poetas asesinados o exiliados se sent\u00edan espa\u00f1oles. Por desgracia la ultraderecha de este pa\u00eds se quiere atribuir el concepto de sentirse espa\u00f1ol.<br \/><\/strong>\u201cTotalmente rid\u00edculo, como si los dem\u00e1s no tuvi\u00e9ramos ra\u00edz o arraigo. Tenemos una idiosincrasia\u2026si viajas mucho tiempo fuera, echas de menos tu sitio de origen. No es patrimonio de unos cuantos, por mucho que se lo quieren apropiar\u201d.<\/p>\n<p style=\"font-weight: 400;\"><strong>A m\u00ed Ayuso, Esperanza Aguirre, Miguel \u00c1ngel Rodr\u00edguez me remiten al se\u00f1orito, a la novela de Delibes Los santos inocentes. Lo peor de lo peor.<br \/><\/strong>\u201cEllos son los caciques. Este tipo de personajes siempre han existido, y est\u00e1n en mayor\u00eda ahora. En Madrid se ve muy claramente, se sobran mucho. Es que ni lo ocultan. Tienen mucha chuler\u00eda. Es un personaje que ha existido siempre\u201d.<\/p>\n<p style=\"font-weight: 400;\"><strong>Vas a sacar un disco a principios del a\u00f1o que viene llamado Ana Curra y los 13 ap\u00f3stoles. La \u00faltima cena de Par\u00e1lisis Permanente.<br \/><\/strong>\u201cA ra\u00edz de la pandemia y a que actualmente se escribe mucho sobre una corriente de grupos post punk, como que tienen reminiscencias otra vez de ese sonido. Mucha gente me pregunta, se han escrito art\u00edculos en Ruta 66 sobre el post punk. Y hay muchos grupos de esas generaciones me llevo muy bien y eso que les saco tres d\u00e9cadas. Conecto muy bien con ellos. Algunos me llaman la madrina. Ese concierto que estuviste t\u00fa y has mencionado antes en Kapital, Ana Curra presenta El Acto, est\u00e1 grabado, y otro que hice en Soho. Esos dos conciertos los ten\u00eda como joyas, suenan brutales. He querido invitar cantantes, por eso est\u00e1n solamente los ap\u00f3stoles que son las voces de trece bandas. Lo que he hecho ha sido duetos de voces de trece grupos con la m\u00eda. He mezclado la voz y la base es la banda que llev\u00e9 a esos directos. Lo vi claro, ten\u00eda que salir y con generaciones nuevas. Se conjuga y llega el momento. Es mostrar que las nuevas generaciones siguen bebiendo de Par\u00e1lisis Permanente. Todos los grupos que han participado se han sentido inspirados, referenciados por esta banda\u201d.<\/p>\n<p style=\"font-weight: 400;\"><strong>\u00bfQu\u00e9 te parece el homenaje de Rafa Balmaseda a Par\u00e1lisis Permanente, que ha publicado un directo?<br \/><\/strong>\u201cMe parece muy bien. La gente hace sus homenajes y sus tributos.\u00a0 En Kapital lo invit\u00e9 y sali\u00f3 en dos canciones a tocar\u201d.<\/p>\n<p style=\"font-weight: 400;\"><strong>Hay tres etapas en Par\u00e1lisis, los dos primeros singles, El Acto y el \u00faltimo single.<br \/><\/strong>\u201cLa primera etapa coincide con la existencia a\u00fan de Alaska y los Pegamoides. Son grupos paralelos. Los hermanos Canut con Eduardo \u00a0empiezan a montar el proto Par\u00e1lisis. Fueron unos pocos meses, pero nos cund\u00eda mucho el tiempo en esa \u00e9poca y se sacan en paralelo con Alaska. Eduardo vive conmigo y estoy presente en la existencia de esos dos singles. En Quiero ser santa le hago la letra. Yo todav\u00eda ten\u00eda contrato con Hispavox y quer\u00eda salvar Alaska y los Pegamoides. Alaska se marcha con Nacho a formar Dinarama y Nacho deja Par\u00e1lisis. Ah\u00ed libremente, le dije Eduardo vamos a trabajar juntos. Por el contrato que ten\u00eda con Hispavox salgo de espaldas y con una peluca blanca. Era del dominio p\u00fablico pero como no se ve\u00eda no se me pod\u00eda denunciar. Sacamos El Acto. Todo el concepto del disco pesa m\u00e1s mi idea. Era la que ten\u00eda el contrato, la que quer\u00eda para la portada hacer el altar,\u00a0 la que ten\u00eda los tab\u00faes sexuales\u2026 La ropa me la hice yo, todo el tema de l\u00e1tigos y correas sexuales sadomaso. Sali\u00f3 un disco con much\u00edsima coherencia est\u00e9tica y \u00e9tica. El \u00faltimo single \u2018Nacidos Para Dominar\u2019 y Sangre es un disco que sale ya fallecido Eduardo\u201d.<\/p>\n<p style=\"font-weight: 400;\"><strong>En el disco hay dos versiones adaptadas al castellano. \u2018Heroes\u2019 de Bowie y \u2018I Wanna Be Your Dog\u2019 de los Stooges. No voy a decir que la de \u2018Heroes\u2019 es mejor la vuestra, pero s\u00ed que es como una entidad diferente. De las versiones que he escuchado de ese tema, la mejor sin duda. Me viene a la mente el revival g\u00f3tico de la \u00e9poca entre Marilyn Manson y HIM y bailarla en los clubes g\u00f3ticos de Madrid.<br \/><\/strong>\u201cFue una adaptaci\u00f3n muy fluida. La letra la adapt\u00f3 Nacho Canut. Se lo pedimos concretamente aunque ya no estuviera en la banda. No hay nada premeditado. Es un poco m\u00e1s acelerada que la de Bowie. \u00c9ramos muy j\u00f3venes y te sale esa aceleraci\u00f3n. El por qu\u00e9, porque en ese disco hay dos grandes padrinos a los que debemos much\u00edsimo. Bowie e Iggy Pop o Stooges. A d\u00eda de hoy no recuerdo ning\u00fan concierto m\u00edo que no haya tocado esas dos versiones. Son un signo de agradecimiento. Yo sin Bowie y sin Iggy no soy nada. Y ahora me faltaba por meter a Suicide y ya lo tengo (risas)\u00ab.<\/p>\n<p style=\"font-weight: 400;\"><strong>Me han hablado muy bien de Eduardo Benavente la persona. Quer\u00eda preguntarte por Eduardo el m\u00fasico, que es lo que va a quedar al final.<br \/><\/strong>\u201cTen\u00eda mucha facilidad. No le dio tiempo a desarrollarse. Era muy intuitivo y cog\u00eda las cosas al vuelo. Lo bonito hubiera sido su progresi\u00f3n. Muri\u00f3 excesivamente joven y es lo que me planteo muchas veces, d\u00f3nde hubiera llegado Eduardo. Conect\u00e1bamos los dos muy bien porque nos gustaba mucho la m\u00fasica. T\u00fa sabes que hay mucha gente que est\u00e1 en la m\u00fasica circunstancialmente, no lo necesita como alimento vital. Yo s\u00ed y Eduardo tambi\u00e9n. Nos mov\u00edamos en ese \u00edmpetu. Hasta los dem\u00e1s Pegamoides se re\u00edan de nosotros porque dec\u00edan que nos lo tom\u00e1bamos muy en serio\u201d.<\/p>\n<p style=\"font-weight: 400;\"><strong>Otro gran proyecto es el del \u00c1ngel y Los Volc\u00e1nicos.<br \/><\/strong>\u201cEs un disco y una grabaci\u00f3n in extremis emocionalmente. Nos enamoramos ciegamente el \u00c1ngel y yo. Ya nos conoc\u00edamos. Vivimos una relaci\u00f3n de amor potente. Ten\u00edamos la premura, sobre todo el \u00c1ngel de la muerte. Un disco grabado en una situaci\u00f3n brutal, con todo lo que ten\u00eda el \u00a0\u00c1ngel ah\u00ed. Cuando me ense\u00f1\u00f3 eso como el libro los planos de la demolici\u00f3n, le dije hay que sacarlo ya. El latido de \u00c1ngel escribiendo y su desgarro cantando no tiene parang\u00f3n en este pa\u00eds. Se me pone los pelos de punta al hablar tanto de Los planos de la demolici\u00f3n como \u00c1ngel y los volc\u00e1nicos. El \u00c1ngel es el \u00c1ngel y los volc\u00e1nicos son mis ojos. Le puso ese nombre porque hab\u00eda mucha pasi\u00f3n entre nosotros\u201d.<\/p>\n<p style=\"font-weight: 400;\"><strong>Hace unos a\u00f1os me escribiste un texto sobre el Love de The Cult, que estabas escuch\u00e1ndolo en Alicante mientras se grababa el disco de Sangre Cristiana, y no escond\u00edas el mono que ten\u00edas. La hero\u00edna ven\u00eda del norte de este pa\u00eds. C\u00f3mo lograste salir de ella.<br \/><\/strong>\u201cCon bastante esfuerzo\u2026 no s\u00e9 qu\u00e9 decirte. Hubo varios intentos.\u00a0 Estuve muchos a\u00f1os enganchada y tienes temporadas, y hay temporadas que est\u00e1s disfrut\u00e1ndolo pero cuando te sientes atrapado, empiezas a sentirte esclava dices esto no lo quiero e intentas dejarlo y no es nada f\u00e1cil. Lo intentas, lo intentas, recaes, recaes y en una de estas tiras para arriba porque es esto o me muero. Cada persona que hemos tenido una adicci\u00f3n le va de una manera diferente. Hay una cosa com\u00fan a todos, que tu cabeza o tu cuerpo te dice hasta aqu\u00ed y vamos a sacar todas las fuerzas del mundo para salir de esto. Lo que te escrib\u00ed de vacaciones estaba con todo el monazo todo el d\u00eda sonando The Cult (risas)\u201d.<\/p>\n<p><strong>Estoy a favor de probar las drogas, que no abusar. Por qu\u00e9 crees que se idealiz\u00f3 y se hizo tan rom\u00e1ntica la figura del rockero maldito drogadicto, tipo Lou Reed o Johnny Thunders y que tantos fallecidos m\u00fasicos ha dejado.<\/strong><br \/>\u201cHab\u00eda una informaci\u00f3n tan nefasta en cuanto a las drogas. En mi \u00e9poca no hab\u00eda ninguna informaci\u00f3n sobre la hero\u00edna, la hero\u00edna era tan mala como pod\u00edan ser los porros. Tienes que probar de todo para discernirlo. Por otro lado, aun habiendo informaci\u00f3n, y que la hero\u00edna ahora est\u00e1 mal vista, como para\u00edso artificial es de los mejores\u201d.<\/p>\n<p><strong>Reincidiendo en la pregunta, sobre ese romanticismo, creo que algunas cosas de joven las deber\u00edas escuchar o leer con su prospecto en su influencia. En mi caso fue idealizar y llevar el tipo de vida de Baudelaire, Rimbaud\u2026 Esas experiencias me afectaron tanto que a nivel mental termin\u00e9 mal.<\/strong><br \/>\u201cSon los grandes referentes. Creo que las personalidades que tenemos una pedrada, en el buen sentido de la palabra, no nos conformamos con lo que nos cuentan, queremos investigar. Transitas caminos desconocidos y prohibidos y corres riesgo. Las drogas te abren puertas, te dan conocimiento. Si superas todo el infierno que pueda suponer una ca\u00edda, sales m\u00e1s fortalecido y m\u00e1s sabio\u201d.<\/p>\n<p style=\"font-weight: 400;\"><strong>Una persona important\u00edsima en la escena musical de aqu\u00ed en los ochenta y noventa fue \u00a0Pito. Por qu\u00e9 dir\u00edas que se desmarcaba de los dem\u00e1s m\u00e1nagers, qu\u00e9 lo hac\u00eda \u00fanico. Quiero saber m\u00e1s eso que haya gente que no hayan terminado bien con \u00e9l.<br \/><\/strong>\u201cPito fue un m\u00e1nager inigualable. En la escena dudo que haya mucha gente como \u00e9l. Aparte de estar con los mejores en su momento, se mimetizaba contigo. Se convert\u00eda en quinto o sexto miembro de la banda. Eso lo hac\u00eda un m\u00e1nager rock and roll star. Era un personaje en s\u00ed mismo, no s\u00f3lo hac\u00eda de m\u00e1nager y contabilidad. Se met\u00eda en las mismas cabezas y era otra cabeza m\u00e1s pensante en el lado del m\u00e1rquetin, de la promo y de la comunicaci\u00f3n y c\u00f3mo vender esto, \u00a0con much\u00edsimo entusiasmo. El por qu\u00e9 ha dejado cad\u00e1veres por el camino, si est\u00e1s enganchado y llevas mucho tiempo enganchado y cometes errores, \u00a0dejas tirado a la gente y \u00a0te vas creando enemigos y hundiendo barcos\u201d.<\/p>\n<p style=\"font-weight: 400;\"><strong>Entroncando esto con H\u00e9roes del Silencio y la influencia de Par\u00e1lisis en su m\u00fasica, Juan Valdivia llamaba a Pito Jim Morrison, la estrella de la banda. El primer concierto de Valdivia como espectador iba a ser el de Par\u00e1lisis en Zaragoza que por la tragedia no se dio. Enrique Bunbury se ha reconocido fan declarado de la banda, tambi\u00e9n el resto de miembros. Al principio estaban m\u00e1s metidos en Bauhaus, The Cure, Killing Joke\u2026<br \/><\/strong>\u201cEs que Pito cogi\u00f3 a los H\u00e9roes y su est\u00e9tica y sus canciones e influencias eran esas. Ten\u00eda mucho que ver.\u00a0 Enrique Bunbury era un alumno aventajado de Eduardo, por decirlo de alguna manera. Somos una referencia cuatro o cinco a\u00f1os mayor que ellos. Luego adem\u00e1s tienen el mismo m\u00e1nager. Hay v\u00ednculos. Musicalmente no tanto. H\u00e9roes siempre han sido m\u00e1s \u00e9picos y no ten\u00edan tanto el componente punk. Al ser posteriores beben directamente del post punk, de Bauhaus. Nosotros venimos de la frontera punk, que al estar un poco cansados de esa f\u00f3rmula de punk mel\u00f3dica, soy yo la que integro esta v\u00eda post punk. La llevo adherida a mi idiosincrasia, a mi car\u00e1cter. Llevo yo esa vertiente m\u00e1s experimental y nihilista. H\u00e9roes nacen con referencias post punk oscuras y m\u00e1s rock. Lo tengo muy claro por la fecha en que salen ellos\u201d.<\/p>\n<p style=\"font-weight: 400;\"><strong>Enrique Bunbury siempre defiende a Pito.<br \/><\/strong>\u201cSiempre. Es un t\u00edo para eso muy noble Enrique Bunbury, siempre le oigo hablar bien de Pito\u201d.<\/p>\n<p style=\"font-weight: 400;\"><strong>En mi caso Pito tambi\u00e9n me hizo alguna Pitoputada. Dicho esto, le tengo un cari\u00f1o inmenso. Lo que me hizo aprender triplica los aspectos que me defraud\u00f3.<br \/><\/strong>\u201cLas personas no somos siempre perfectas.\u00a0 Haces una balance de lo que te dan. Y lo has definido muy bien. Daba mucho m\u00e1s. Te pon\u00edas hablar con \u00e9l y no le pod\u00edas parar. Muy vehemente, entusiasta a tope y s\u00faper divertido.\u00a0 Pito era muy voraz culturalmente\u201d.<\/p>\n<p style=\"font-weight: 400;\"><strong>Una vez te le\u00ed en Jot Down que \u201cel sexo, la muerte y la religi\u00f3n son los motores del mundo\u201d.<\/strong><strong> Para m\u00ed es el semen y la sangre. Es decir, reproducirnos y matar para conseguir poder.<br \/><\/strong>\u201cA m\u00ed me sali\u00f3 esa frase del tir\u00f3n ese d\u00eda. Es f\u00e1cil entender que son los motores. La guerra, la sangre, el sexo y el deseo\u201d.<\/p>\n<p style=\"font-weight: 400;\"><strong>T\u00fa que eres tan activa. \u00bfTienes fe en el ser humano?<br \/><\/strong>\u201cCreo tanto en el g\u00e9nero humano como no creo nada en el g\u00e9nero humano. Me debato en ese dilema\u00a0 de un extremo a otro continuamente. Como especie creo que no voy a llegar a vivir nada bonito, no me va a dar tiempo. Creo que la especie, en bloque, o evolucionamos todos o no se va a dar ese salto. Para no deprimirme intento rodearme de gente inteligente, que tenga su rollo, que me interese y que con agallas para posicionarse en lugar adecuado\u201d.<\/p>\n<p style=\"font-weight: 400;\"><strong>Hace unos meses entrevistando a Shirley Manson me respond\u00eda que ser positivo ahora mismo es ser radical, porque dejarte llevar por la corriente pesimista resulta muy f\u00e1cil.<br \/><\/strong>\u201cNunca lo he visto tan claro como ahora mismo, desde el sitio del arte, la obligatoriedad que debemos de tener los que estamos intentando cambiar desde nuestro sitio el\u00a0 mundo y hacerlo m\u00e1s habitable y mejor. Decir las cosas claras. Lo otro es un acto de resignaci\u00f3n. Hay mucha gente en el mundo de la m\u00fasica que no quiere hablar de pol\u00edtica, no quieren posicionarse porque est\u00e1 mal visto y la mitad de la humanidad no te les va a comprar sus discos. La gente que no se posiciona son puta mierda. Si ahora mismo no tienen la m\u00ednima decencia en manifestar eso por vender cuatrocientos discos, cuatro mil o lo que sea, es que no hay de arte nada. Para m\u00ed arte significa cambio. Los que no se posicionan es mercado, no es m\u00fasica que pueda avanzar las cosas. Tampoco te digo que vamos a hacer un gran cambio pero\u2026\u201d.<\/p>\n<p style=\"font-weight: 400;\"><strong>Para finalizar, el 31 de octubre sali\u00f3 hace cincuenta a\u00f1os de single \u2018Bohemian Rhapsody.\u2019 Siendo pianista qu\u00e9 valoraci\u00f3n te planteas de ese tema.<br \/><\/strong>\u201cEs la t\u00edpica canci\u00f3n que dices cu\u00e1nto val\u00eda el Freddie. Est\u00e1 muy bien compuesta. La he utilizado para cantidad de alumnos que ten\u00edan \u00a0capacidad de tocar pero no le puedes dar alimento naif. Es la pieza que he puesto a alumnos curiosos, inquietos y que se agarraban muy bien a esa canci\u00f3n. Est\u00e1 muy bien desde el mundo cl\u00e1sico pero a la vez tiene un atrevimiento, que tiene una figura como Freddie Mercury. Yo hay dos autores que siempre digo, aunque me toca m\u00e1s la fibra Bowie, que ambos ten\u00edan conocimientos de piano cl\u00e1sico y a la hora de componer se les nota. \u2018Bohemian Rhapsody\u2019 es muy bonita pian\u00edsticamente, muy nueva en su momento. Lo utilizo alumnos que conecten y les abres una puerta un poco m\u00e1gica\u201d.<\/p>\n<p><strong>IGNACIO REYO<\/strong><\/p>\n<p><a href=\"https:\/\/www.ticketmaster.es\/artist\/linkin-park-entradas\/10021?int_cmp_name=LINKIN-PARK&amp;int_cmp_id=ES-Home-501&amp;int_cmp_creative=Home-main-4.0&amp;tm_link=tm_ccp_Home_main_LINKIN-PARK\" target=\"_blank\" rel=\"nofollow noopener\"><img decoding=\"async\" src=\"https:\/\/www.europesays.com\/es\/wp-content\/uploads\/2025\/07\/Banner-Linkin-Park-2-Rock-Zone-1060x200-1.png\"\/><\/a>    <\/p>\n","protected":false},"excerpt":{"rendered":"Ana Curra acaba de lanzar el single reivindicativo \u2018Activista De La Idiotez\u2019 y tambi\u00e9n una versi\u00f3n de \u2018Unidos\u2019&hellip;\n","protected":false},"author":2,"featured_media":242245,"comment_status":"","ping_status":"","sticky":false,"template":"","format":"standard","meta":{"footnotes":""},"categories":[170],"tags":[25352,146,147,2958,25,24,184,185,62282,62283,23],"class_list":{"0":"post-242244","1":"post","2":"type-post","3":"status-publish","4":"format-standard","5":"has-post-thumbnail","7":"category-musica","8":"tag-ana-curra","9":"tag-entertainment","10":"tag-entretenimiento","11":"tag-entrevistas","12":"tag-es","13":"tag-espana","14":"tag-music","15":"tag-musica","16":"tag-paralisis-permanente","17":"tag-post-punk","18":"tag-spain"},"share_on_mastodon":{"url":"https:\/\/pubeurope.com\/@es\/115569281537275752","error":""},"_links":{"self":[{"href":"https:\/\/www.europesays.com\/es\/wp-json\/wp\/v2\/posts\/242244","targetHints":{"allow":["GET"]}}],"collection":[{"href":"https:\/\/www.europesays.com\/es\/wp-json\/wp\/v2\/posts"}],"about":[{"href":"https:\/\/www.europesays.com\/es\/wp-json\/wp\/v2\/types\/post"}],"author":[{"embeddable":true,"href":"https:\/\/www.europesays.com\/es\/wp-json\/wp\/v2\/users\/2"}],"replies":[{"embeddable":true,"href":"https:\/\/www.europesays.com\/es\/wp-json\/wp\/v2\/comments?post=242244"}],"version-history":[{"count":0,"href":"https:\/\/www.europesays.com\/es\/wp-json\/wp\/v2\/posts\/242244\/revisions"}],"wp:featuredmedia":[{"embeddable":true,"href":"https:\/\/www.europesays.com\/es\/wp-json\/wp\/v2\/media\/242245"}],"wp:attachment":[{"href":"https:\/\/www.europesays.com\/es\/wp-json\/wp\/v2\/media?parent=242244"}],"wp:term":[{"taxonomy":"category","embeddable":true,"href":"https:\/\/www.europesays.com\/es\/wp-json\/wp\/v2\/categories?post=242244"},{"taxonomy":"post_tag","embeddable":true,"href":"https:\/\/www.europesays.com\/es\/wp-json\/wp\/v2\/tags?post=242244"}],"curies":[{"name":"wp","href":"https:\/\/api.w.org\/{rel}","templated":true}]}}