{"id":242248,"date":"2025-11-18T06:29:11","date_gmt":"2025-11-18T06:29:11","guid":{"rendered":"https:\/\/www.europesays.com\/es\/242248\/"},"modified":"2025-11-18T06:29:11","modified_gmt":"2025-11-18T06:29:11","slug":"una-proteina-actua-como-barrera-natural-frente-a-la-progresion-del-cancer-de-pulmon","status":"publish","type":"post","link":"https:\/\/www.europesays.com\/es\/242248\/","title":{"rendered":"Una prote\u00edna act\u00faa como barrera natural frente a la progresi\u00f3n del c\u00e1ncer de pulm\u00f3n"},"content":{"rendered":"<p class=\"cuerpodetexto\">Un equipo del Centro de Investigaci\u00f3n del C\u00e1ncer (CSIC-USAL-FICUS) ha identificado el papel de una prote\u00edna en el desarrollo y la resistencia a los tratamientos de los tumores pulmonares que tienen mutaciones en los genes KRAS y TP53. El estudio, que aparece publicado en la revista EMBO Molecular Medicine, demuestra que la prote\u00edna Capicua frena la transformaci\u00f3n maligna causada por estas alteraciones gen\u00e9ticas y act\u00faa, por tanto, como una barrera natural para la formaci\u00f3n de estos tumores.<\/p>\n<p class=\"cuerpodetexto\">El laboratorio de Matthias Drosten, especializado en mejorar la comprensi\u00f3n de la biolog\u00eda del c\u00e1ncer de pulm\u00f3n y el dise\u00f1o de tratamientos dirigidos a este tipo de c\u00e1ncer, ha comprobado que los tumores pulmonares pueden superar esa barrera natural a trav\u00e9s de ganancias en el n\u00famero de copias del gen KRAS. En este contexto, el equipo ha confirmado que la p\u00e9rdida de Capicua contribuye directamente a la resistencia a los tratamientos.<\/p>\n<p class=\"cuerpodetexto\">La investigaci\u00f3n tambi\u00e9n abre nuevas v\u00edas terap\u00e9uticas: la restauraci\u00f3n de la actividad represora de Capicua o el ataque a factores que compensan su p\u00e9rdida pueden revertir la proliferaci\u00f3n tumoral y restaurar la sensibilidad a los medicamentos. \u201cHemos descubierto que Capicua es mucho m\u00e1s que un simple actor secundario en la v\u00eda oncog\u00e9nica de KRAS. Abre nuevas oportunidades para intervenir en fases tempranas de la enfermedad\u201d, subraya Drosten. \u201cUna vez perdida su funci\u00f3n de represi\u00f3n, el crecimiento tumoral se dispara y, adem\u00e1s, aparecen resistencias a f\u00e1rmacos que antes eran efectivos\u201d, a\u00f1ade. \u200b<\/p>\n<p>Un reto cl\u00ednico y una oportunidad terap\u00e9utica<\/p>\n<p class=\"cuerpodetexto\">KRAS es uno de los oncogenes m\u00e1s estudiados y responsables del 30% de los c\u00e1nceres humanos que, hasta hace poco, era considerado \u201cintratable\u201d. Si bien existen terapias dirigidas actualmente aprobadas, la mayor\u00eda de los tumores acaban desarrollando resistencia.<\/p>\n<p class=\"cuerpodetexto\">El equipo ha realizado experimentos con modelos animales, empleando ratones gen\u00e9ticamente modificados para replicar las mutaciones observadas en c\u00e1nceres humanos. Estas investigaciones permitieron estudiar de manera controlada el impacto de la p\u00e9rdida funcional de Capicua y de la amplificaci\u00f3n de KRAS en el desarrollo tumoral, as\u00ed como testar nuevas estrategias terap\u00e9uticas. Todos los protocolos con animales fueron aprobados por los comit\u00e9s \u00e9ticos pertinentes y cumplieron con las regulaciones internacionales sobre bienestar animal.<\/p>\n<p class=\"cuerpodetexto\">Este descubrimiento tiene implicaciones importantes para la selecci\u00f3n y el tratamiento de los pacientes. La identificaci\u00f3n de mutaciones o alteraciones funcionales en Capicua permite anticipar la aparici\u00f3n de resistencias y dise\u00f1ar tratamientos personalizados basados en el perfil molecular de cada tumor.<\/p>\n<p class=\"cuerpodetexto\">En este sentido, Irene Ballesteros-Gonz\u00e1lez, primera autora del estudio, subraya: \u201cGracias a los modelos experimentales empleados en esta investigaci\u00f3n se han podido probar combinaciones farmacol\u00f3gicas. Adem\u00e1s, se ha demostrado que la reactivaci\u00f3n de Capicua, as\u00ed como el uso de inhibidores metab\u00f3licos espec\u00edficos, puede volver a sensibilizar los tumores resistentes a los f\u00e1rmacos convencionales\u201d. \u200b<\/p>\n<p class=\"cuerpodetexto\">Los resultados refuerzan la relevancia de la investigaci\u00f3n multidisciplinar y el uso de modelos experimentales avanzados como parte de la estrategia para desvelar los mecanismos de resistencia y progresi\u00f3n tumoral.<\/p>\n<p class=\"cuerpodetexto\">El estudio ha sido financiado principalmente por el Ministerio de Ciencia, Innovaci\u00f3n y Universidades a trav\u00e9s de la Agencia Estatal de Investigaci\u00f3n, la Fundaci\u00f3n Cient\u00edfica de la Asociaci\u00f3n Espa\u00f1ola Contra el C\u00e1ncer, el Instituto de Salud Carlos III, la Comunidad de Madrid y el European Research Council (ERC).<\/p>\n<p>                    <a href=\"https:\/\/aquimediosdecomunicacion.com\/wp-content\/uploads\/2025\/11\/Captura-de-pantalla-2025-11-18-a-las-7.08.44.jpg\" rel=\"nofollow noopener\" target=\"_blank\"><img loading=\"lazy\" width=\"150\" height=\"150\" class=\"attachment-thumbnail size-thumbnail lazyload\" alt=\"\" aria-describedby=\"gallery_2-193081\" decoding=\"async\" src=\"https:\/\/www.europesays.com\/es\/wp-content\/uploads\/2025\/11\/Captura-de-pantalla-2025-11-18-a-las-7.08.44-150x150.jpg\" data-  data-expand=\"700\"\/><\/a><\/p>\n<p>                    Screenshot<\/p>\n<p>                <br style=\"clear: both\"\/><\/p>\n","protected":false},"excerpt":{"rendered":"Un equipo del Centro de Investigaci\u00f3n del C\u00e1ncer (CSIC-USAL-FICUS) ha identificado el papel de una prote\u00edna en el&hellip;\n","protected":false},"author":2,"featured_media":242249,"comment_status":"","ping_status":"","sticky":false,"template":"","format":"standard","meta":{"footnotes":""},"categories":[92],"tags":[25,24,165,166,23],"class_list":{"0":"post-242248","1":"post","2":"type-post","3":"status-publish","4":"format-standard","5":"has-post-thumbnail","7":"category-salud","8":"tag-es","9":"tag-espana","10":"tag-health","11":"tag-salud","12":"tag-spain"},"share_on_mastodon":{"url":"https:\/\/pubeurope.com\/@es\/115569293275125050","error":""},"_links":{"self":[{"href":"https:\/\/www.europesays.com\/es\/wp-json\/wp\/v2\/posts\/242248","targetHints":{"allow":["GET"]}}],"collection":[{"href":"https:\/\/www.europesays.com\/es\/wp-json\/wp\/v2\/posts"}],"about":[{"href":"https:\/\/www.europesays.com\/es\/wp-json\/wp\/v2\/types\/post"}],"author":[{"embeddable":true,"href":"https:\/\/www.europesays.com\/es\/wp-json\/wp\/v2\/users\/2"}],"replies":[{"embeddable":true,"href":"https:\/\/www.europesays.com\/es\/wp-json\/wp\/v2\/comments?post=242248"}],"version-history":[{"count":0,"href":"https:\/\/www.europesays.com\/es\/wp-json\/wp\/v2\/posts\/242248\/revisions"}],"wp:featuredmedia":[{"embeddable":true,"href":"https:\/\/www.europesays.com\/es\/wp-json\/wp\/v2\/media\/242249"}],"wp:attachment":[{"href":"https:\/\/www.europesays.com\/es\/wp-json\/wp\/v2\/media?parent=242248"}],"wp:term":[{"taxonomy":"category","embeddable":true,"href":"https:\/\/www.europesays.com\/es\/wp-json\/wp\/v2\/categories?post=242248"},{"taxonomy":"post_tag","embeddable":true,"href":"https:\/\/www.europesays.com\/es\/wp-json\/wp\/v2\/tags?post=242248"}],"curies":[{"name":"wp","href":"https:\/\/api.w.org\/{rel}","templated":true}]}}