{"id":242254,"date":"2025-11-18T06:33:10","date_gmt":"2025-11-18T06:33:10","guid":{"rendered":"https:\/\/www.europesays.com\/es\/242254\/"},"modified":"2025-11-18T06:33:10","modified_gmt":"2025-11-18T06:33:10","slug":"el-consejo-de-seguridad-de-la-onu-aprueba-el-plan-de-paz-de-trump-para-gaza","status":"publish","type":"post","link":"https:\/\/www.europesays.com\/es\/242254\/","title":{"rendered":"El Consejo de Seguridad de la ONU aprueba el plan de paz de Trump para Gaza"},"content":{"rendered":"<p>El Consejo de Seguridad de la ONU ha <strong>aprobado este lunes<\/strong> una resoluci\u00f3n redactada por Estados Unidos en apoyo del <a href=\"https:\/\/es.euronews.com\/2025\/10\/13\/el-plan-de-paz-para-gaza-de-trump-ya-esta-en-marcha-y-ahora-que\" rel=\"nofollow noopener\" target=\"_blank\"><strong>plan de paz del presidente Donald Trump para Gaza<\/strong><\/a>, que incluye el establecimiento de una fuerza internacional de estabilizaci\u00f3n, una autoridad de transici\u00f3n <strong>supervisada por Trump<\/strong> y contempla una posible v\u00eda hacia un Estado palestino independiente.<\/p>\n<p><strong>13 de los 15 Estados miembros votaron a favor de la resoluci\u00f3n<\/strong>, con las abstenciones de Rusia y China. La votaci\u00f3n respalda el <a href=\"https:\/\/es.euronews.com\/2025\/10\/13\/el-plan-de-paz-para-gaza-de-trump-ya-esta-en-marcha-y-ahora-que\" rel=\"nofollow noopener\" target=\"_blank\">plan de alto el fuego de 20 puntos<\/a> presentado por Trump a principios de septiembre.<\/p>\n<p>El plan propone la <strong>creaci\u00f3n de una autoridad de transici\u00f3n denominada &#8216;Junta de Paz&#8217;<\/strong>, una junta dirigida por el propio Trump encargada de supervisar la gobernanza y la reconstrucci\u00f3n en Gaza. El presidente estadounidense dijo que los miembros de la Junta ser\u00e1n nombrados en las pr\u00f3ximas semanas.<\/p>\n<p>La resoluci\u00f3n tambi\u00e9n pide la entrada en la Franja de una <strong>Fuerza Internacional de Estabilizaci\u00f3n<\/strong>, que se encargar\u00eda de supervisar las fronteras, mantener la seguridad y desmilitarizar el territorio. La autorizaci\u00f3n tanto para la junta como para la fuerza expira a finales de 2027.<\/p>\n<p>Trump aplaudi\u00f3 la votaci\u00f3n en su red social Truth Social: \u00abEsto pasar\u00e1 a la historia como <strong>una de las mayores aprobaciones<\/strong> en la historia de las Naciones Unidas, conducir\u00e1 a una mayor paz en todo el mundo y es un momento de verdadera proporci\u00f3n hist\u00f3rica\u00bb.<\/p>\n<p>Ham\u00e1s se opone al plan de Trump<\/p>\n<p>Ham\u00e1s, por su parte, se opuso a la resoluci\u00f3n, alegando que <strong>no satisface \u00ablas demandas y derechos pol\u00edticos<\/strong> y humanitarios del pueblo palestino\u00bb. \u00abAsignar a la fuerza internacional tareas y funciones dentro de la Franja de Gaza, incluido <a href=\"https:\/\/es.euronews.com\/2025\/11\/04\/eeuu-propone-una-fuerza-internacional-para-estabilizar-gaza-y-desarmar-a-hamas\" rel=\"nofollow noopener\" target=\"_blank\">el desarme de la resistencia<\/a>, la despoja de su neutralidad y la convierte en parte en el conflicto a favor de la ocupaci\u00f3n\u00bb, rezaba una declaraci\u00f3n del grupo.<\/p>\n<p>En su intervenci\u00f3n ante el Consejo de Seguridad el lunes, el embajador estadounidense ante la ONU, Mike Waltz, calific\u00f3 la resoluci\u00f3n de \u00abhist\u00f3rica y constructiva\u00bb. \u00abLa resoluci\u00f3n de hoy representa <strong>otro paso significativo hacia una Gaza estable<\/strong>, que podr\u00e1 prosperar y constituir\u00e1 un entorno que permitir\u00e1 a Israel vivir con seguridad\u00bb, a\u00f1adi\u00f3.<\/p>\n<p><strong>La resoluci\u00f3n llevaba negoci\u00e1ndose dos semanas<\/strong>, mientras los pa\u00edses \u00e1rabes y los palestinos ped\u00edan a Estados Unidos que reforzara su lenguaje sobre la autodeterminaci\u00f3n palestina.<\/p>\n<p>La propuesta sigue sin dar plazos ni garant\u00edas para un Estado independiente, y afirma que \u00e9ste ser\u00eda posible tras <strong>avances significativos en la reconstrucci\u00f3n de Gaza<\/strong> y reformas de la Autoridad Palestina (AP), que actualmente gobierna partes de Cisjordania. Antes de la votaci\u00f3n del domingo, el primer ministro israel\u00ed, Benjam\u00edn Netanyahu, <a href=\"https:\/\/es.euronews.com\/2024\/01\/21\/gaza-netanyahu-rechaza-la-solucion-de-dos-estados-y-guterres-pide-un-alto-el-fuego-inmedia\" rel=\"nofollow noopener\" target=\"_blank\">reiter\u00f3 una vez m\u00e1s su oposici\u00f3n a una soluci\u00f3n de dos Estados<\/a>.<\/p>\n","protected":false},"excerpt":{"rendered":"El Consejo de Seguridad de la ONU ha aprobado este lunes una resoluci\u00f3n redactada por Estados Unidos en&hellip;\n","protected":false},"author":2,"featured_media":242255,"comment_status":"","ping_status":"","sticky":false,"template":"","format":"standard","meta":{"footnotes":""},"categories":[42],"tags":[4163,17,18,352,13,14,1256,1258,11,61,62,63,64,74,19,20,9,10,15,16,76,12,21,22,65,66,67],"class_list":{"0":"post-242254","1":"post","2":"type-post","3":"status-publish","4":"format-standard","5":"has-post-thumbnail","7":"category-internacional","8":"tag-alto-el-fuego","9":"tag-breaking-news","10":"tag-breakingnews","11":"tag-donald-trump","12":"tag-featured-news","13":"tag-featurednews","14":"tag-franja-de-gaza","15":"tag-guerra-israel-hamas","16":"tag-headlines","17":"tag-internacional","18":"tag-international","19":"tag-international-news","20":"tag-internationalnews","21":"tag-israel","22":"tag-latest-news","23":"tag-latestnews","24":"tag-news","25":"tag-noticias","26":"tag-noticias-destacadas","27":"tag-noticiasdestacadas","28":"tag-palestina","29":"tag-titulares","30":"tag-ultimas-noticias","31":"tag-ultimasnoticias","32":"tag-world","33":"tag-world-news","34":"tag-worldnews"},"share_on_mastodon":{"url":"https:\/\/pubeurope.com\/@es\/115569308729687835","error":""},"_links":{"self":[{"href":"https:\/\/www.europesays.com\/es\/wp-json\/wp\/v2\/posts\/242254","targetHints":{"allow":["GET"]}}],"collection":[{"href":"https:\/\/www.europesays.com\/es\/wp-json\/wp\/v2\/posts"}],"about":[{"href":"https:\/\/www.europesays.com\/es\/wp-json\/wp\/v2\/types\/post"}],"author":[{"embeddable":true,"href":"https:\/\/www.europesays.com\/es\/wp-json\/wp\/v2\/users\/2"}],"replies":[{"embeddable":true,"href":"https:\/\/www.europesays.com\/es\/wp-json\/wp\/v2\/comments?post=242254"}],"version-history":[{"count":0,"href":"https:\/\/www.europesays.com\/es\/wp-json\/wp\/v2\/posts\/242254\/revisions"}],"wp:featuredmedia":[{"embeddable":true,"href":"https:\/\/www.europesays.com\/es\/wp-json\/wp\/v2\/media\/242255"}],"wp:attachment":[{"href":"https:\/\/www.europesays.com\/es\/wp-json\/wp\/v2\/media?parent=242254"}],"wp:term":[{"taxonomy":"category","embeddable":true,"href":"https:\/\/www.europesays.com\/es\/wp-json\/wp\/v2\/categories?post=242254"},{"taxonomy":"post_tag","embeddable":true,"href":"https:\/\/www.europesays.com\/es\/wp-json\/wp\/v2\/tags?post=242254"}],"curies":[{"name":"wp","href":"https:\/\/api.w.org\/{rel}","templated":true}]}}