{"id":242262,"date":"2025-11-18T06:40:25","date_gmt":"2025-11-18T06:40:25","guid":{"rendered":"https:\/\/www.europesays.com\/es\/242262\/"},"modified":"2025-11-18T06:40:25","modified_gmt":"2025-11-18T06:40:25","slug":"ilia-topuria-ataca-tras-la-victoria-de-makhachev-te-pondre-a-dormir","status":"publish","type":"post","link":"https:\/\/www.europesays.com\/es\/242262\/","title":{"rendered":"Ilia Topuria ataca tras la victoria de Makhachev: \u201cTe pondr\u00e9 a dormir\u201d"},"content":{"rendered":"<p class=\"ft-text\">El UFC 322 en el\u00a0<strong>Madison Square Garden<\/strong>\u00a0de Nueva York coron\u00f3 a <strong>Islam Makhachev <\/strong><strong>(28-1)<\/strong><strong> <\/strong>campe\u00f3n del t\u00edtulo del peso w\u00e9lter y doble campe\u00f3n de la UFC, una exclusiva lista al alcance de muy pocos. El daguest\u00ed destron\u00f3 a <strong>Jack Della Maddalena\u00a0<\/strong><strong>(18-3) <\/strong>por decisi\u00f3n un\u00e1nime tras tener el control del combate de principio a fin.<\/p>\n<p class=\"ft-text\">A esa pelea reaccion\u00f3 r\u00e1pido<strong> Ilia Topuria <\/strong>(17-0), que estuvo muy atento a lo que pasaba en Estados Unidos. &#8216;El Matador&#8217;, en Qatar con su hermano Aleksandre, carg\u00f3 contra ambos protagonistas de la velada.<\/p>\n<p class=\"ft-text\"><strong>\u00abJack necesita un campamento entero dedicado a la lucha. Qu\u00e9 decepci\u00f3n de campe\u00f3n.<\/strong>\u00a0Deber\u00edas ir a Georgia para aprender alguna cosa\u00bb, dec\u00eda sobre JDM en un post publicado en &#8216;X&#8217;.<\/p>\n<p class=\"ft-text\"><strong>\u00abIslam, necesitas algo que no puedes entrenar: emoci\u00f3n. Eres lo m\u00e1s aburrido que hay en este juego<\/strong>. Cada d\u00eda estoy m\u00e1s seguro de que te mandar\u00eda a dormir\u00bb, a\u00f1ad\u00eda el campe\u00f3n espa\u00f1ol sobre <strong>Makhachev<\/strong>, a quien le gustar\u00eda enfrentarse en un futuro.<\/p>\n<p class=\"ft-text\">De hecho, tras el post, muchos aficionados le posicionaban para que fuera el protagonista, junto a Islam, de la pelea que el propio campe\u00f3n de las 170 libras pidi\u00f3 tras ganar en Nueva York para defender el cintur\u00f3n: <strong>\u201cDonald Trump, abre la Casa Blanca, \u00a1que voy!\u00bb<\/strong>. Ser\u00eda una de las mayores peleas organizadas en la historia, y podr\u00eda ser un escenario \u00fanico. La UFC, de bien seguro, lo ve con buenos ojos.<\/p>\n<p>Shevchenko, campeona<\/p>\n<p class=\"ft-text\">En la velada femenina, la kirguisa\u00a0<strong>Valentina Shevchenko<\/strong> defendi\u00f3 su t\u00edtulo de peso mosca ante <strong>Weili Zhang<\/strong> tras la decisi\u00f3n un\u00e1nime y sum\u00f3 11 victorias en peleas por el t\u00edtulo. Ya es la primera peleadora de la historia de la UFC en conseguir m\u00e1s de 60 derribos.<\/p>\n","protected":false},"excerpt":{"rendered":"El UFC 322 en el\u00a0Madison Square Garden\u00a0de Nueva York coron\u00f3 a Islam Makhachev (28-1) campe\u00f3n del t\u00edtulo del&hellip;\n","protected":false},"author":2,"featured_media":242263,"comment_status":"","ping_status":"","sticky":false,"template":"","format":"standard","meta":{"footnotes":""},"categories":[274],"tags":[168,25,24,1523,387,388,23,167,327,326,343],"class_list":{"0":"post-242262","1":"post","2":"type-post","3":"status-publish","4":"format-standard","5":"has-post-thumbnail","7":"category-tenis","8":"tag-deportes","9":"tag-es","10":"tag-espana","11":"tag-ilia-topuria","12":"tag-islam","13":"tag-makhachev","14":"tag-spain","15":"tag-sports","16":"tag-tenis","17":"tag-tennis","18":"tag-ufc"},"share_on_mastodon":{"url":"https:\/\/pubeurope.com\/@es\/115569336318577792","error":""},"_links":{"self":[{"href":"https:\/\/www.europesays.com\/es\/wp-json\/wp\/v2\/posts\/242262","targetHints":{"allow":["GET"]}}],"collection":[{"href":"https:\/\/www.europesays.com\/es\/wp-json\/wp\/v2\/posts"}],"about":[{"href":"https:\/\/www.europesays.com\/es\/wp-json\/wp\/v2\/types\/post"}],"author":[{"embeddable":true,"href":"https:\/\/www.europesays.com\/es\/wp-json\/wp\/v2\/users\/2"}],"replies":[{"embeddable":true,"href":"https:\/\/www.europesays.com\/es\/wp-json\/wp\/v2\/comments?post=242262"}],"version-history":[{"count":0,"href":"https:\/\/www.europesays.com\/es\/wp-json\/wp\/v2\/posts\/242262\/revisions"}],"wp:featuredmedia":[{"embeddable":true,"href":"https:\/\/www.europesays.com\/es\/wp-json\/wp\/v2\/media\/242263"}],"wp:attachment":[{"href":"https:\/\/www.europesays.com\/es\/wp-json\/wp\/v2\/media?parent=242262"}],"wp:term":[{"taxonomy":"category","embeddable":true,"href":"https:\/\/www.europesays.com\/es\/wp-json\/wp\/v2\/categories?post=242262"},{"taxonomy":"post_tag","embeddable":true,"href":"https:\/\/www.europesays.com\/es\/wp-json\/wp\/v2\/tags?post=242262"}],"curies":[{"name":"wp","href":"https:\/\/api.w.org\/{rel}","templated":true}]}}