{"id":242266,"date":"2025-11-18T06:43:17","date_gmt":"2025-11-18T06:43:17","guid":{"rendered":"https:\/\/www.europesays.com\/es\/242266\/"},"modified":"2025-11-18T06:43:17","modified_gmt":"2025-11-18T06:43:17","slug":"la-lista-de-16-jugadores-de-alemania-para-las-ventanas-fiba","status":"publish","type":"post","link":"https:\/\/www.europesays.com\/es\/242266\/","title":{"rendered":"La lista de 16 jugadores de Alemania para las ventanas FIBA"},"content":{"rendered":"<p><strong>\u00c1lex Mumbr\u00fa\u00a0<\/strong>ha anunciado una lista de 16 jugadores que competir\u00e1n con Alemania en las pr\u00f3ximas ventanas FIBA de clasificaci\u00f3n para el Mundial de 2027.<\/p>\n<p>Esta es la convocatoria de 16 jugadores:<\/p>\n<p><strong>\u2013 Norris Agbakoko<\/strong>\u00a0(ALBA BERL\u00cdN)<strong><br \/>\u2013 Mahir Agva<\/strong>\u00a0(Yukatel Merkezefendi Belediyesi\/TUR)<strong><br \/>\u2013 Isaac Bonga<\/strong>\u00a0(Partizan Belgrado\/SRB)<strong><br \/>\u2013 Kay Bruhnke<\/strong>\u00a0(Rytas Vilnius\/LIT)<br \/><strong>\u2013 Oscar da Silva<\/strong>\u00a0(FC Bayern Munich)<br \/><strong>\u2013 Malte Delow<\/strong>\u00a0(ALBA BERL\u00cdN)<br \/><strong>\u2013 Justus Hollatz<\/strong>\u00a0(FC Bayern Munich)<br \/><strong>\u2013 David Kr\u00e4mer<\/strong>\u00a0(Real Madrid\/ESP)<br \/><strong>\u2013 Jonas Mattisseck<\/strong>\u00a0(ALBA BERL\u00cdN)<br \/><strong>\u2013 Joshua Obiesie<\/strong>\u00a0(Basketball L\u00f6wen Braunschweig)<br \/><strong>\u2013 Andreas Obst<\/strong> (FC Bayern Munich)<br \/><strong>\u2013 Louis Olinde<\/strong>\u00a0(BAXI Manresa\/ESP)<br \/><strong>\u2013 Till Pape<\/strong>\u00a0(SKYLINERS Frankfurt)<br \/><strong>\u2013 Christian Sengfelder<\/strong>\u00a0(ratiopharm ulm)<br \/><strong>\u2013 Nelson Weidemann<\/strong>\u00a0(ratiopharm ulm)<br \/><strong>\u2013 Collin Welp<\/strong>\u00a0(SYNTAINICS MBC)<\/p>\n<p>Para esta lista, el seleccionador nacional ha contado con varios jugadores que est\u00e1n en plantillas de Euroliga como es el caso de Oscar da Silva, Justus Hollatz, Andreas Obst o David Kramer, por lo que posiblemente estos 4 jugadores ser\u00e1n baja para el primero de los compromisos en el que Alemania ya que en los d\u00edas anteriores se disputa una jornada de esta competici\u00f3n. Sin embargo, s\u00ed que podr\u00edan estar disponibles para el partido del 1 de diciembre.<\/p>\n<p>Alemania, actual campeona de Europa y del Mundo, se enfrentar\u00e1 en el primer partido de estas ventanas FIBA a Israel el viernes 28 de diciembre y jugar\u00e1 el segundo de los encuentros el lunes 1 de diciembre ante Chipre.<\/p>\n<p>En estos partidos volver\u00e1 a estar al frente de la selecci\u00f3n \u00c1lex Mumbr\u00fa despu\u00e9s de haber superado los problemas de salud que le impidieron estar al 100% durante la disputa del pasado Eurobasket.<\/p>\n<p style=\"text-align: right;\">Foto: FIBA<\/p>\n<p><img decoding=\"async\" src=\"https:\/\/www.europesays.com\/es\/wp-content\/uploads\/2025\/11\/1763448194_154_mtracking.gif\" alt=\"Etiquetas de Mautic\" style=\"display:none;\"\/><\/p>\n<p><a href=\"https:\/\/www.gigantes.com\/tienda\/hemeroteca\/especial-40-aniversario-gigantes-del-basket-no-1-562-noviembre-2025\/\" rel=\"nofollow noopener\" target=\"_blank\"><img loading=\"lazy\" decoding=\"async\" class=\"aligncenter wp-image-767872 size-large\" src=\"https:\/\/www.europesays.com\/es\/wp-content\/uploads\/2025\/10\/INSTAGRAM-2-2-1024x1024.jpg.webp.webp\" alt=\"\" width=\"680\" height=\"680\"  \/><\/a><\/p>\n<p>\t\t\t\t\t<img loading=\"lazy\" decoding=\"async\" src=\"https:\/\/www.europesays.com\/es\/wp-content\/uploads\/2025\/10\/mano.png\" width=\"60\" height=\"60\" alt=\"Deliza hacia abajo\"\/>Sigue deslizando hacia abajo para ver m\u00e1s contenidos<\/p>\n","protected":false},"excerpt":{"rendered":"\u00c1lex Mumbr\u00fa\u00a0ha anunciado una lista de 16 jugadores que competir\u00e1n con Alemania en las pr\u00f3ximas ventanas FIBA de&hellip;\n","protected":false},"author":2,"featured_media":242267,"comment_status":"","ping_status":"","sticky":false,"template":"","format":"standard","meta":{"footnotes":""},"categories":[269],"tags":[1660,299,298,168,25,24,23,167],"class_list":{"0":"post-242266","1":"post","2":"type-post","3":"status-publish","4":"format-standard","5":"has-post-thumbnail","7":"category-baloncesto","8":"tag-alemania","9":"tag-baloncesto","10":"tag-basketball","11":"tag-deportes","12":"tag-es","13":"tag-espana","14":"tag-spain","15":"tag-sports"},"share_on_mastodon":{"url":"https:\/\/pubeurope.com\/@es\/115569348703464394","error":""},"_links":{"self":[{"href":"https:\/\/www.europesays.com\/es\/wp-json\/wp\/v2\/posts\/242266","targetHints":{"allow":["GET"]}}],"collection":[{"href":"https:\/\/www.europesays.com\/es\/wp-json\/wp\/v2\/posts"}],"about":[{"href":"https:\/\/www.europesays.com\/es\/wp-json\/wp\/v2\/types\/post"}],"author":[{"embeddable":true,"href":"https:\/\/www.europesays.com\/es\/wp-json\/wp\/v2\/users\/2"}],"replies":[{"embeddable":true,"href":"https:\/\/www.europesays.com\/es\/wp-json\/wp\/v2\/comments?post=242266"}],"version-history":[{"count":0,"href":"https:\/\/www.europesays.com\/es\/wp-json\/wp\/v2\/posts\/242266\/revisions"}],"wp:featuredmedia":[{"embeddable":true,"href":"https:\/\/www.europesays.com\/es\/wp-json\/wp\/v2\/media\/242267"}],"wp:attachment":[{"href":"https:\/\/www.europesays.com\/es\/wp-json\/wp\/v2\/media?parent=242266"}],"wp:term":[{"taxonomy":"category","embeddable":true,"href":"https:\/\/www.europesays.com\/es\/wp-json\/wp\/v2\/categories?post=242266"},{"taxonomy":"post_tag","embeddable":true,"href":"https:\/\/www.europesays.com\/es\/wp-json\/wp\/v2\/tags?post=242266"}],"curies":[{"name":"wp","href":"https:\/\/api.w.org\/{rel}","templated":true}]}}